{"id":350550,"date":"2025-08-28T19:37:14","date_gmt":"2025-08-28T19:37:14","guid":{"rendered":"https:\/\/www.europesays.com\/fr\/350550\/"},"modified":"2025-08-28T19:37:14","modified_gmt":"2025-08-28T19:37:14","slug":"ligue-de-diamant-finale-zurich-julien-alfred-et-christian-coleman-sillustrent-sur-100-m-a-zurich","status":"publish","type":"post","link":"https:\/\/www.europesays.com\/fr\/350550\/","title":{"rendered":"Ligue de Diamant &#8211; Finale Zurich &#8211; Julien Alfred et Christian Coleman s&rsquo;illustrent sur 100 m \u00e0 Zurich"},"content":{"rendered":"<p>Un message envoy\u00e9, \u00e0 quelques semaines de Tokyo. La championne olympique du 100 m Julien Alfred s&rsquo;est rapproch\u00e9e de son meilleur temps de la saison en coupant la ligne droite en 10 sec 76 (vent: +0,3 m\/s), lors de la finale de la Ligue de diamant jeudi \u00e0 Zurich. La sprinteuse de Sainte-Lucie, qui a couru en 10 sec 75 \u00e0 Stockholm en juin, s&rsquo;est impos\u00e9e devant la Jama\u00efcaine Tia Clayton (10.84) et la Britannique Dina Asher-Smith (10.94). L&rsquo;Ivoirienne Marie-Jos\u00e9e Ta Lou-Smith a couru en 10 sec 92 mais a \u00e9t\u00e9 disqualifi\u00e9e apr\u00e8s un faux d\u00e9part. <\/p>\n<p>\u00ab\u00a0C&rsquo;est ma premi\u00e8re course depuis cinq semaines. Je ne pensais pas au chrono aujourd&rsquo;hui. Je travaille sur des petits d\u00e9tails avant Tokyo. Je suis beaucoup plus en forme qu&rsquo;en d\u00e9but de saison et, mentalement, je suis exactement l\u00e0 o\u00f9 je veux \u00eatre\u00a0\u00bb, a assur\u00e9 Julien Alfred, qui veut ajouter \u00ab\u00a0une nouvelle m\u00e9daille d&rsquo;or\u00a0\u00bb \u00e0 sa \u00ab\u00a0collection\u00a0\u00bb.<\/p>\n<p>L&rsquo;Am\u00e9ricaine Melissa Jefferson-Wooden, qui a franchi un cap cette saison en devenant la cinqui\u00e8me performeuse de l&rsquo;histoire sur la distance (10.65, meilleure performance mondiale de l&rsquo;ann\u00e9e), a pr\u00e9f\u00e9r\u00e9 zapp\u00e9 Zurich et la perspective d&rsquo;un duel avec Julien Alfred pour retourner s&rsquo;entra\u00eener en Floride avant les Mondiaux (13-21 septembre).<\/p>\n<p>Coleman profite de l&rsquo;absence des stars<\/p>\n<p>Chez les hommes, le 100 m \u00e9tait tr\u00e8s ouvert avec les absences du champion olympique Noah Lyles, qui est align\u00e9 sur 200 m \u00e0 Zurich, et des Jama\u00efcains Kishane Thompson, meilleur performeur mondial de l&rsquo;ann\u00e9e, et Oblique Seville.  L&rsquo;Am\u00e9ricain Christian Coleman en a profit\u00e9 pour remporter la course en 9 sec 97 (vent: -0,4 m\/s), devant le Sud-Africain Akani Simbine (9.98) et le Jama\u00efcain Ackeem Blake (9.99). <\/p>\n<p>Bol ne s&rsquo;arr\u00eate plus<\/p>\n<p>La N\u00e9erlandaise Femke Bol a remport\u00e9 jeudi soir le 400 m haies du meeting de Zurich en coupant la ligne en 52 sec 18, signant sa 30e victoire en 30 \u00ab\u00a04H\u00a0\u00bb courus sur le circuit de la Ligue de Diamant. Grande favorite pour conserver son titre aux Mondiaux de Tokyo (13-21 septembre), en l&rsquo;absence de la recordwoman du monde Sydney McLaughlin-Levrone, Bol a encore montr\u00e9 jeudi qu&rsquo;elle serait difficile \u00e0 aller chercher au Japon.<\/p>\n<p>En remportant la course \u00e0 Zurich en 52 sec 18, elle termine avec une seconde pile d&rsquo;avance sur la Slovaque Emma Zapletalova (53.18), deuxi\u00e8me. A 25 ans, la N\u00e9erlandaise signe sa 30e victoire cons\u00e9cutive sur 400 m haies en Ligue de diamant, circuit de comp\u00e9tition sur lequel elle n&rsquo;a jamais \u00e9t\u00e9 battue dans sa distance de pr\u00e9dilection.<\/p>\n<p>La sensation gressier<\/p>\n<p>Le Fran\u00e7ais Jimmy Gressier a d\u00e9croch\u00e9 jeudi soir sa premi\u00e8re victoire en Ligue de diamant, en coupant la ligne du 3.000 m du meeting de Zurich en 7 min 36 sec 78. L&rsquo;athl\u00e8te de Boulogne-sur-mer a devanc\u00e9 l&rsquo;Am\u00e9ricain Grant Fisher (7:36.81) et le Su\u00e9dois Andreas Almgren (7:36.82). <\/p>\n<p>A 200 m de l&rsquo;arriv\u00e9e, Andreas Almgren a lanc\u00e9 son effort un peu t\u00f4t sur l&rsquo;ext\u00e9rieur, ouvrant un passage \u00e0 Grant Fisher et Jimmy Gressier. Le Fran\u00e7ais de 28 ans a fini en trombe pour r\u00e9aliser un de ses r\u00eaves, celui de remporter une course de Ligue de diamant.<\/p>\n<p>Sur 800 m, Ana\u00efs Bourgoin a termin\u00e9 troisi\u00e8me d&rsquo;une course folle remport\u00e9e par la Suissesse Audrey Werro (1:55.91, record national). La Fran\u00e7aise de 28 ans am\u00e9liore de pr\u00e8s d&rsquo;une seconde son meilleur temps en finissant en 1 min 56 sec 97 (1:57.81 jusqu&rsquo;ici). <\/p>\n","protected":false},"excerpt":{"rendered":"Un message envoy\u00e9, \u00e0 quelques semaines de Tokyo. La championne olympique du 100 m Julien Alfred s&rsquo;est rapproch\u00e9e&hellip;\n","protected":false},"author":2,"featured_media":350551,"comment_status":"","ping_status":"","sticky":false,"template":"","format":"standard","meta":{"footnotes":""},"categories":[1412],"tags":[4132,1451,1452,1453,1454,1455,1011,27,48686,60,48685],"class_list":{"0":"post-350550","1":"post","2":"type-post","3":"status-publish","4":"format-standard","5":"has-post-thumbnail","7":"category-f1","8":"tag-athletisme","9":"tag-f1","10":"tag-formula-1","11":"tag-formula1","12":"tag-formule-1","13":"tag-formule1","14":"tag-fr","15":"tag-france","16":"tag-ligue-de-diamant","17":"tag-sports","18":"tag-weltklasse-zurich"},"share_on_mastodon":{"url":"https:\/\/pubeurope.com\/@fr\/115108082021142399","error":""},"_links":{"self":[{"href":"https:\/\/www.europesays.com\/fr\/wp-json\/wp\/v2\/posts\/350550","targetHints":{"allow":["GET"]}}],"collection":[{"href":"https:\/\/www.europesays.com\/fr\/wp-json\/wp\/v2\/posts"}],"about":[{"href":"https:\/\/www.europesays.com\/fr\/wp-json\/wp\/v2\/types\/post"}],"author":[{"embeddable":true,"href":"https:\/\/www.europesays.com\/fr\/wp-json\/wp\/v2\/users\/2"}],"replies":[{"embeddable":true,"href":"https:\/\/www.europesays.com\/fr\/wp-json\/wp\/v2\/comments?post=350550"}],"version-history":[{"count":0,"href":"https:\/\/www.europesays.com\/fr\/wp-json\/wp\/v2\/posts\/350550\/revisions"}],"wp:featuredmedia":[{"embeddable":true,"href":"https:\/\/www.europesays.com\/fr\/wp-json\/wp\/v2\/media\/350551"}],"wp:attachment":[{"href":"https:\/\/www.europesays.com\/fr\/wp-json\/wp\/v2\/media?parent=350550"}],"wp:term":[{"taxonomy":"category","embeddable":true,"href":"https:\/\/www.europesays.com\/fr\/wp-json\/wp\/v2\/categories?post=350550"},{"taxonomy":"post_tag","embeddable":true,"href":"https:\/\/www.europesays.com\/fr\/wp-json\/wp\/v2\/tags?post=350550"}],"curies":[{"name":"wp","href":"https:\/\/api.w.org\/{rel}","templated":true}]}}