{"id":350556,"date":"2025-08-28T19:40:22","date_gmt":"2025-08-28T19:40:22","guid":{"rendered":"https:\/\/www.europesays.com\/fr\/350556\/"},"modified":"2025-08-28T19:40:22","modified_gmt":"2025-08-28T19:40:22","slug":"elie-semoun-papa-pour-la-deuxieme-fois-a-61-ans-il-annonce-la-naissance-de-son-fils-photo","status":"publish","type":"post","link":"https:\/\/www.europesays.com\/fr\/350556\/","title":{"rendered":"\u00c9lie Semoun papa pour la deuxi\u00e8me fois \u00e0 61 ans, il annonce la naissance de son fils (PHOTO)"},"content":{"rendered":"<p>\u00c9lie Semoun a annonc\u00e9 une excellente nouvelle, ce jeudi 28 ao\u00fbt. L&rsquo;humoriste de 61 ans est papa pour la deuxi\u00e8me fois. Son petit gar\u00e7on fruit de ses amours avec Aude Fraineau vient de voir le jour. Il n&rsquo;a pas encore r\u00e9v\u00e9l\u00e9 le pr\u00e9nom de son deuxi\u00e8me fils, se contentant de souligner qu&rsquo;un \u00ab\u00a0petit monsieur\u00a0\u00bb \u00e9tait n\u00e9.<\/p>\n<p>C&rsquo;est sur le plateau de Quotidien qu&rsquo;Elie Semoun avait annonc\u00e9 la grande nouvelle. Apr\u00e8s avoir signal\u00e9 qu&rsquo;il fourmillait de projets entre le tournage du nouvel \u00e9pisode de Ducobu et le retour des Petites annonces avec <a href=\"https:\/\/www.programme-tv.net\/biographie\/5794-dubosc-franck\/\" data-link-people=\"31a21869-b574-4cd3-a5e6-84272096a838\" target=\"_blank\" rel=\"noopener\">Franck Dubosc<\/a>, il avait r\u00e9v\u00e9l\u00e9 \u00e0 <a href=\"https:\/\/www.programme-tv.net\/biographie\/93334-barthes-yann\/\" data-link-people=\"7c4bedca-4fdc-448d-b51e-276a2ccddc8b\" target=\"_blank\" rel=\"noopener\">Yann Barth\u00e8s<\/a> <a href=\"https:\/\/www.programme-tv.net\/news\/people\/375449-un-vieux-papa-elie-semoun-61-ans-annonce-dans-quotidien-qu-il-va-devenir-pere-pour-la-deuxieme-fois\/\" data-api-deeplink=\"teleloisirs:\/\/news\/375449\" target=\"_blank\" rel=\"noopener\">qu&rsquo;il allait devenir papa pour la deuxi\u00e8me fois<\/a>. \u00ab\u00a0Entre temps, je vais vous donner un scoop, entre [ces deux p\u00e9riodes], je vais \u00eatre papa ! Donc, beaucoup de choses m&rsquo;attendent\u00a0\u00bb, avait-il l\u00e2ch\u00e9. Avant d&rsquo;ajouter : \u00ab\u00a0Un vieux papa je serai en septembre\u00a0\u00bb. Sur le plateau des Grosses T\u00eates, <a href=\"https:\/\/www.programme-tv.net\/news\/people\/376863-un-accident-heureux-elie-semoun-bientot-papa-pour-la-deuxieme-fois-il-reagit-dans-les-grosses-tetes\/\" data-api-deeplink=\"teleloisirs:\/\/news\/376863\" target=\"_blank\" rel=\"noopener\">l&rsquo;humoriste avait \u00e9galement fait part de son bonheur \u00e0 l&rsquo;approche de cet heureux \u00e9v\u00e9nement.<\/a> Quand <a href=\"https:\/\/www.programme-tv.net\/biographie\/3543-bernier-michele\/\" data-link-people=\"5a48aaed-22d7-4cb0-99e3-4f4822f19b08\" target=\"_blank\" rel=\"noopener\">Mich\u00e8le Bernier<\/a> lui avait demand\u00e9 s&rsquo;il \u00e9tait combl\u00e9, il avait r\u00e9pondu \u00ab\u00a0pas encore; je le serai en septembre, mais je suis d\u00e9j\u00e0 heureux\u00a0\u00bb. \u00ab\u00a0Comme je l&rsquo;ai dit, c&rsquo;est un accident heureux, c&rsquo;\u00e9tait pas pr\u00e9vu\u00a0\u00bb, avait-il pr\u00e9cis\u00e9.<\/p>\n<p>                        Elie Semoun annonce la naissance de son petit gar\u00e7on, fruit de ses amours avec Aude Fraineau<\/p>\n<p>Le fils d&rsquo;Elie Semoun n&rsquo;aura finalement pas patient\u00e9 jusqu&rsquo;au mois de septembre pour ravir son papa. Le complice de Franck Dubosc a annonc\u00e9 sur son compte Instagram, ce jeudi 28 ao\u00fbt, la naissance de son petit gar\u00e7on.<b> \u00ab\u00a0Un petit monsieur est n\u00e9\u00a0\u00bb,<\/b> a-t-il publi\u00e9, en l\u00e9gende d&rsquo;une photo en noir et blanc de la menotte du bambin en train de serrer son doigt. Il n&rsquo;a pas encore r\u00e9v\u00e9l\u00e9 quel pr\u00e9nom avait \u00e9t\u00e9 choisi pour son deuxi\u00e8me enfant. Les messages de f\u00e9licitations ont imm\u00e9diatement afflu\u00e9. <a href=\"https:\/\/www.programme-tv.net\/biographie\/35278-frege-elodie\/\" data-link-people=\"cb029e31-32e9-4bd9-b22a-8bae28cba1f9\" target=\"_blank\" rel=\"noopener\">Elodie Fr\u00e9g\u00e9<\/a> ou <a href=\"https:\/\/www.programme-tv.net\/biographie\/13319-roumanoff-anne\/\" data-link-people=\"247d904a-488e-4f71-967c-c983103de96a\" target=\"_blank\" rel=\"noopener\">Anne Roumanoff<\/a> ont salu\u00e9 la nouvelle avec des emojis. Elie Semoun partage la vie d&rsquo;Aude Fraineau,<a href=\"https:\/\/www.programme-tv.net\/news\/people\/380171-elie-semoun-et-sa-cherie-aude-fraineau-enceinte-le-couple-complice-dans-les-tribunes-de-roland-garros-2025\/\" data-api-deeplink=\"teleloisirs:\/\/news\/380171\" target=\"_blank\" rel=\"noopener\"> avec qui il s&rsquo;\u00e9tait affich\u00e9 \u00e0 Roland-Garros. <\/a>Discret sur sa vie priv\u00e9e, <a href=\"https:\/\/www.programme-tv.net\/news\/people\/320038-je-ne-dois-pas-etre-habitue-au-bonheur-elie-semoun-toujours-attriste-par-cette-histoire-damour-qui-sest-mal-finie-avec-une-femme-de-20-ans-de-moins\/\" data-api-deeplink=\"teleloisirs:\/\/news\/320038\" target=\"_blank\" rel=\"noopener\">il s&rsquo;\u00e9tait cependant confi\u00e9 sur sa rupture amoureuse douloureuse qui lui avait inspir\u00e9 un roman<\/a>. \u00ab\u00a0Il y en a une, mais pour l&rsquo;instant, \u00e7a va bien. Je vais attendre que \u00e7a aille mal pour \u00e9crire\u00a0\u00bb, avait-il simplement confi\u00e9 sur<a href=\"https:\/\/www.programme-tv.net\/news\/people\/331317-pour-linstant-ca-va-bien-elie-semoun-fait-detonnantes-revelations-sur-sa-situation-amoureuse-video\/\" data-api-deeplink=\"teleloisirs:\/\/news\/331317\" target=\"_blank\" rel=\"noopener\"> son idylle avec la m\u00e8re de son fils<\/a> au micro de Sud Radio.<\/p>\n<p>            Elie Semoun \u00e9tait d\u00e9j\u00e0 le papa d&rsquo;Antoine n\u00e9 en 1995<\/p>\n<p><a href=\"https:\/\/www.programme-tv.net\/news\/people\/356412-son-debut-de-vie-a-ete-chaotique-les-confidences-dures-et-vulnerables-delie-semoun-sur-son-fils-antoine-diagnostique-autiste-asperger\/\" data-api-deeplink=\"teleloisirs:\/\/news\/356412\" target=\"_blank\" rel=\"noopener\">Elie Semoun \u00e9tait d\u00e9j\u00e0 le papa d&rsquo;Antoine, n\u00e9 en 1995, qui est le fruit de ses amours avec Annie Florence Jeannesson<\/a>. Comme son p\u00e8re, ce dernier a choisi de suivre une carri\u00e8re artistique, puisqu&rsquo;il est artiste peintre. \u00ab\u00a0Son d\u00e9but de vie a \u00e9t\u00e9 chaotique. Il est n\u00e9 grand pr\u00e9matur\u00e9, \u00e0 cinq mois et demi de grossesse. Il ne pesait que 750 grammes. Cela a fait de lui un enfant combatif et diff\u00e9rent\u00a0\u00bb, avait confi\u00e9 l&rsquo;humoriste \u00e0 son sujet dans les colonnes de Gala.<\/p>\n<blockquote class=\"instagram-media\" data-instgrm-captioned=\"\" data-instgrm-permalink=\"https:\/\/www.instagram.com\/p\/DN5_M9QCIaZ\/?utm_source=ig_embed&amp;utm_campaign=loading\" data-instgrm-version=\"14\" style=\" background:#FFF; border:0; border-radius:3px; box-shadow:0 0 1px 0 rgba(0,0,0,0.5),0 1px 10px 0 rgba(0,0,0,0.15); margin: 1px; max-width:658px; min-width:326px; padding:0; width:99.375%; width:-webkit-calc(100% - 2px); width:calc(100% - 2px);\"\/>\n<p>        <script async src=\"\/\/www.instagram.com\/embed.js\"><\/script><\/p>\n","protected":false},"excerpt":{"rendered":"\u00c9lie Semoun a annonc\u00e9 une excellente nouvelle, ce jeudi 28 ao\u00fbt. L&rsquo;humoriste de 61 ans est papa pour&hellip;\n","protected":false},"author":2,"featured_media":350557,"comment_status":"","ping_status":"","sticky":false,"template":"","format":"standard","meta":{"footnotes":""},"categories":[1359],"tags":[244,58,5655,59,1011,27,973,1630],"class_list":{"0":"post-350556","1":"post","2":"type-post","3":"status-publish","4":"format-standard","5":"has-post-thumbnail","7":"category-people","8":"tag-commentaire","9":"tag-divertissement","10":"tag-elie-semoun","11":"tag-entertainment","12":"tag-fr","13":"tag-france","14":"tag-people","15":"tag-zapping"},"share_on_mastodon":{"url":"https:\/\/pubeurope.com\/@fr\/115108093836691164","error":""},"_links":{"self":[{"href":"https:\/\/www.europesays.com\/fr\/wp-json\/wp\/v2\/posts\/350556","targetHints":{"allow":["GET"]}}],"collection":[{"href":"https:\/\/www.europesays.com\/fr\/wp-json\/wp\/v2\/posts"}],"about":[{"href":"https:\/\/www.europesays.com\/fr\/wp-json\/wp\/v2\/types\/post"}],"author":[{"embeddable":true,"href":"https:\/\/www.europesays.com\/fr\/wp-json\/wp\/v2\/users\/2"}],"replies":[{"embeddable":true,"href":"https:\/\/www.europesays.com\/fr\/wp-json\/wp\/v2\/comments?post=350556"}],"version-history":[{"count":0,"href":"https:\/\/www.europesays.com\/fr\/wp-json\/wp\/v2\/posts\/350556\/revisions"}],"wp:featuredmedia":[{"embeddable":true,"href":"https:\/\/www.europesays.com\/fr\/wp-json\/wp\/v2\/media\/350557"}],"wp:attachment":[{"href":"https:\/\/www.europesays.com\/fr\/wp-json\/wp\/v2\/media?parent=350556"}],"wp:term":[{"taxonomy":"category","embeddable":true,"href":"https:\/\/www.europesays.com\/fr\/wp-json\/wp\/v2\/categories?post=350556"},{"taxonomy":"post_tag","embeddable":true,"href":"https:\/\/www.europesays.com\/fr\/wp-json\/wp\/v2\/tags?post=350556"}],"curies":[{"name":"wp","href":"https:\/\/api.w.org\/{rel}","templated":true}]}}