{"id":350558,"date":"2025-08-28T19:41:11","date_gmt":"2025-08-28T19:41:11","guid":{"rendered":"https:\/\/www.europesays.com\/fr\/350558\/"},"modified":"2025-08-28T19:41:11","modified_gmt":"2025-08-28T19:41:11","slug":"les-images-spectaculaires-du-wildlife-photographer-of-the-year-linternaute-com","status":"publish","type":"post","link":"https:\/\/www.europesays.com\/fr\/350558\/","title":{"rendered":"Les images spectaculaires du Wildlife Photographer of the Year &#8211; Linternaute.com"},"content":{"rendered":"<ol>\n<li><a href=\"https:\/\/news.google.com\/rss\/articles\/CBMiswFBVV95cUxNN0traGFweTdTckxHUWpxeElFN2p4Qmd0allsSUFMOXY2VjAtMm5FWUs3bVYzX1VEN1pldEpRTXVSTWpnWHRubWNUenNXTlB2ZXJ2R2dSNUxVcVJIc3M0X3ZyUXpIbjNCSTFjZVBlVE8xbDVfeUFaTWE1LW1oa2Y3bkJDbTBtU0N3LXpYaDEwTlBTLUpuNnNkQjhVNkx3QWhjM2xOX3dIN005V1h4dmtKV3Njaw?oc=5\" target=\"_blank\" rel=\"nofollow noopener\">Les images spectaculaires du Wildlife Photographer of the Year<\/a>&nbsp;&nbsp;Linternaute.com<\/li>\n<li><a href=\"https:\/\/news.google.com\/rss\/articles\/CBMiugFBVV95cUxQSC1aZU1majZaRE9mYV93NTVUeHllX202SFlPMEtJdi12MUVHbnFtTVBGYkF2b3J4UklneUVlNlFGME9UcU40bWwxcG5KYnRjOFlBUjBNcDNUVHRxYWFGdnM3NlE0UlhYLW94VkN2Ujd3Si1oRFlSWmxEWllucmVVLTF1WkxvMlNuV2h3MUZ0ZUhQeTFXWGRnblY5VnphTkxLRTViU2NOV09xRWwzOGFHbDRLNElLS2RJRHfSAb8BQVVfeXFMTWFTSXNmVTF4b3lfcE42MWwxS3ZFSEk4NjE4U1Rfem01VlRGbE5jTURaYWFIX2pteGlfUTRtZGRjdUl4ZkNuLXRUVmhDX2xpcnhOa3p4V3hvYzhNa3VLa0VhZDZIVHVyRUhNTXZTcDVCb21nckJMNHpRUGJZUlNmX21VVTRZWnFuRktpVU1QQ2VKWTRJS295QU80cWx3THJIaUlQNTlzWWpsLXdmWGhFZVRyRm5PR0M3TkhFaUFCdDg?oc=5\" target=\"_blank\" rel=\"nofollow noopener\">Voici les 15 photos d&rsquo;animaux les plus impressionnantes d\u00e9voil\u00e9es par le Wildlife Photographer of the Year 2025<\/a>&nbsp;&nbsp;CNews<\/li>\n<li><a href=\"https:\/\/news.google.com\/rss\/articles\/CBMi-wFBVV95cUxQQkczTG40cTdWX3dscGdsOGkxMTRDeVQtbnExa0ZOczVDcWExdHVmTHVPakZIMVNEZjFvUURKaDJDNUs1OURRenVQVHVZd0Fpd1NBdmN4aGxKWGZkUGtVNWhVajBJQVE0WjQzaXkxQ29iTnliaVF4TERFc0RveUdaUk12R0J0OW91OVJKTk9xUHNBU1l0MWEzRXFmNXdIVm43VTUzSGI5NGF6bFFZbE9hUHY3Sk1iUVphQldQTlgzZ01BMVJvUDMyYzNNZkt4UHUzY19QQm1jRzg1RURTdDVfSU9tUng3S2NqclVoTmpHLVFZQU1TLXBKTDk1Yw?oc=5\" target=\"_blank\" rel=\"nofollow noopener\">Loups arctiques curieux, gu\u00e9pards en plein repas\u2026 les premiers clich\u00e9s du Wildlife Photographer of the Year 2025 ont \u00e9t\u00e9 r\u00e9v\u00e9l\u00e9s<\/a>&nbsp;&nbsp;Le Figaro<\/li>\n<li><a href=\"https:\/\/news.google.com\/rss\/articles\/CBMiqgFBVV95cUxPSDN4dXl3VmIxUjhqeU9CM09aNGZnUEIwc2dzcUJvMzZ1M19paklHOG9XcEtZVTJDcUdMYkdUX3djcDNyTF92V01DZjlVSDQtX1U5cV9MT2t2ZzZkWklmU1VscEMxQWVhWVAzVkgxME5fVFpKU3REbkY1dHhiWmVQR1NlelVOTEJ6aTFLQjl1bjBtTFdlcjJVajNpWE04SUxqTGVGM1I1dFNfZw?oc=5\" target=\"_blank\" rel=\"nofollow noopener\">Une Zurichoise de 17 ans remporte un prix mondial pour sa photo de flamant rose<\/a>&nbsp;&nbsp;20 Minuten<\/li>\n<li><a href=\"https:\/\/news.google.com\/rss\/articles\/CBMipAFBVV95cUxORjVCcHoyRzRkTExxN0U2VkNxVmNaOWduTFh4d3JRanVlMGZEOVVxXzJzeFBrNk5LT1hwQjhxM3JLc3hJN0k1NFZTN3QwTUlvX096RFQ2dzlYRVJxaTNhSnN0TWdUYzk0bmRMYURlVnVoNGhSYlFBdkdpYl9hd0RmREE5VjNOLUllTmJvdV9mb2t6cXkzRTIzVDM1Z3VUUi02ak1ERA?oc=5\" target=\"_blank\" rel=\"nofollow noopener\">D\u00e9couvrez des photos impressionnantes de la faune sauvage lors du concours mondial de photographie<\/a>&nbsp;&nbsp;Vietnam.vn<\/li>\n<\/ol>\n","protected":false},"excerpt":{"rendered":"Les images spectaculaires du Wildlife Photographer of the Year&nbsp;&nbsp;Linternaute.com Voici les 15 photos d&rsquo;animaux les plus impressionnantes d\u00e9voil\u00e9es&hellip;\n","protected":false},"author":2,"featured_media":350559,"comment_status":"","ping_status":"","sticky":false,"template":"","format":"standard","meta":{"footnotes":""},"categories":[1358],"tags":[1348,1384,1385,1386,58,59,1011,27],"class_list":{"0":"post-350558","1":"post","2":"type-post","3":"status-publish","4":"format-standard","5":"has-post-thumbnail","7":"category-arts-et-design","8":"tag-arts","9":"tag-arts-and-design","10":"tag-arts-et-design","11":"tag-design","12":"tag-divertissement","13":"tag-entertainment","14":"tag-fr","15":"tag-france"},"share_on_mastodon":{"url":"https:\/\/pubeurope.com\/@fr\/115108097834631315","error":""},"_links":{"self":[{"href":"https:\/\/www.europesays.com\/fr\/wp-json\/wp\/v2\/posts\/350558","targetHints":{"allow":["GET"]}}],"collection":[{"href":"https:\/\/www.europesays.com\/fr\/wp-json\/wp\/v2\/posts"}],"about":[{"href":"https:\/\/www.europesays.com\/fr\/wp-json\/wp\/v2\/types\/post"}],"author":[{"embeddable":true,"href":"https:\/\/www.europesays.com\/fr\/wp-json\/wp\/v2\/users\/2"}],"replies":[{"embeddable":true,"href":"https:\/\/www.europesays.com\/fr\/wp-json\/wp\/v2\/comments?post=350558"}],"version-history":[{"count":0,"href":"https:\/\/www.europesays.com\/fr\/wp-json\/wp\/v2\/posts\/350558\/revisions"}],"wp:featuredmedia":[{"embeddable":true,"href":"https:\/\/www.europesays.com\/fr\/wp-json\/wp\/v2\/media\/350559"}],"wp:attachment":[{"href":"https:\/\/www.europesays.com\/fr\/wp-json\/wp\/v2\/media?parent=350558"}],"wp:term":[{"taxonomy":"category","embeddable":true,"href":"https:\/\/www.europesays.com\/fr\/wp-json\/wp\/v2\/categories?post=350558"},{"taxonomy":"post_tag","embeddable":true,"href":"https:\/\/www.europesays.com\/fr\/wp-json\/wp\/v2\/tags?post=350558"}],"curies":[{"name":"wp","href":"https:\/\/api.w.org\/{rel}","templated":true}]}}