{"id":350560,"date":"2025-08-28T19:42:12","date_gmt":"2025-08-28T19:42:12","guid":{"rendered":"https:\/\/www.europesays.com\/fr\/350560\/"},"modified":"2025-08-28T19:42:12","modified_gmt":"2025-08-28T19:42:12","slug":"le-ministere-des-reves-dernier-rempart-contre-la-volonte-de-toute-puissance","status":"publish","type":"post","link":"https:\/\/www.europesays.com\/fr\/350560\/","title":{"rendered":"\u00abLe Minist\u00e8re des r\u00eaves\u00bb, dernier rempart contre la volont\u00e9 de toute-puissance"},"content":{"rendered":"<p>    R\u00e9sum\u00e9 en 20 secondes<\/p>\n<p>        En savoir plus sur ce type de contenu<\/p>\n<p>Ce r\u00e9sum\u00e9 peut avoir \u00e9t\u00e9 \u00e9crit avec l&rsquo;assistance d\u2019une IA g\u00e9n\u00e9rative. <a href=\"https:\/\/www.letemps.ch\/cyber\/l-usage-de-l-ia-generative-par-les-journalistes-du-temps\" target=\"_blank\" rel=\"noopener\">En savoir plus<\/a><\/p>\n<p class=\"article__abstract-call-to-action\" data-ariato=\"TrackableElement\" data-trackable-element-type=\"article_abstract_cta\" data-trackable-element-location=\"article_header\" data-trackable-element-id=\"504442\">\n        <a data-event=\"click-&gt;clicked\" href=\"https:\/\/www.letemps.ch\/abonnements\" target=\"_blank\" rel=\"noopener\">Abonnez-vous<\/a> pour acc\u00e9der au r\u00e9sum\u00e9 en 20 secondes.\n      <\/p>\n<p>Il est des livres dans lesquels il faut accepter de se perdre. C\u2019est le cas du Minist\u00e8re des r\u00eaves de l\u2019auteur bulgare Momtchil Milanov, qui a travaill\u00e9 au Minist\u00e8re des affaires \u00e9trang\u00e8res \u00e0 Sofia, enseign\u00e9 \u00e0 l\u2019Universit\u00e9 de Gen\u00e8ve et est aujourd\u2019hui juriste adjoint \u00e0 la Cour internationale de justice \u00e0 La\u00a0Haye. Ce roman nous est en effet racont\u00e9 \u00e0 hauteur d\u2019enfant et l\u2019\u00e9criture de Milanov \u00e9pouse les m\u00e9andres de la pens\u00e9e du jeune personnage \u2013 ce qui est aussi une prouesse litt\u00e9raire \u2013, un gar\u00e7on de 8 ans pr\u00e9nomm\u00e9 Stern. Il vit \u00e0 Graystadt avec son p\u00e8re, appel\u00e9 \u00able Directeur Stern\u00bb et une certaine Tante Ema \u2013 le terme \u00abtante\u00bb d\u00e9signant \u00e9galement en bulgare toute femme de la g\u00e9n\u00e9ration des parents. Et de fait, elle semble avoir l\u2019\u00e2ge de la m\u00e8re du jeune Stern et remplir ses fonctions. Car la m\u00e8re, elle, est absente, trop absorb\u00e9e par son combat contre ses propres d\u00e9mons, du moins c\u2019est ainsi que le gar\u00e7on la d\u00e9crit.<\/p>\n<p>Lire aussi: <a href=\"https:\/\/www.letemps.ch\/articles\/rentree-litteraire-2024-nos-10-coups-de-coeur\" target=\"_blank\" rel=\"noopener\">Rentr\u00e9e litt\u00e9raire 2024: nos 10\u00a0coups de c\u0153ur<\/a>  <\/p>\n","protected":false},"excerpt":{"rendered":"R\u00e9sum\u00e9 en 20 secondes En savoir plus sur ce type de contenu Ce r\u00e9sum\u00e9 peut avoir \u00e9t\u00e9 \u00e9crit&hellip;\n","protected":false},"author":2,"featured_media":350561,"comment_status":"","ping_status":"","sticky":false,"template":"","format":"standard","meta":{"footnotes":""},"categories":[1357],"tags":[1379,58,59,3297,1011,27,1351,1380,301,37338],"class_list":{"0":"post-350560","1":"post","2":"type-post","3":"status-publish","4":"format-standard","5":"has-post-thumbnail","7":"category-livres","8":"tag-books","9":"tag-divertissement","10":"tag-entertainment","11":"tag-entre-temps","12":"tag-fr","13":"tag-france","14":"tag-litterature","15":"tag-livres","16":"tag-premium","17":"tag-rentree-litteraire"},"share_on_mastodon":{"url":"https:\/\/pubeurope.com\/@fr\/115108101681930897","error":""},"_links":{"self":[{"href":"https:\/\/www.europesays.com\/fr\/wp-json\/wp\/v2\/posts\/350560","targetHints":{"allow":["GET"]}}],"collection":[{"href":"https:\/\/www.europesays.com\/fr\/wp-json\/wp\/v2\/posts"}],"about":[{"href":"https:\/\/www.europesays.com\/fr\/wp-json\/wp\/v2\/types\/post"}],"author":[{"embeddable":true,"href":"https:\/\/www.europesays.com\/fr\/wp-json\/wp\/v2\/users\/2"}],"replies":[{"embeddable":true,"href":"https:\/\/www.europesays.com\/fr\/wp-json\/wp\/v2\/comments?post=350560"}],"version-history":[{"count":0,"href":"https:\/\/www.europesays.com\/fr\/wp-json\/wp\/v2\/posts\/350560\/revisions"}],"wp:featuredmedia":[{"embeddable":true,"href":"https:\/\/www.europesays.com\/fr\/wp-json\/wp\/v2\/media\/350561"}],"wp:attachment":[{"href":"https:\/\/www.europesays.com\/fr\/wp-json\/wp\/v2\/media?parent=350560"}],"wp:term":[{"taxonomy":"category","embeddable":true,"href":"https:\/\/www.europesays.com\/fr\/wp-json\/wp\/v2\/categories?post=350560"},{"taxonomy":"post_tag","embeddable":true,"href":"https:\/\/www.europesays.com\/fr\/wp-json\/wp\/v2\/tags?post=350560"}],"curies":[{"name":"wp","href":"https:\/\/api.w.org\/{rel}","templated":true}]}}