{"id":350562,"date":"2025-08-28T19:43:17","date_gmt":"2025-08-28T19:43:17","guid":{"rendered":"https:\/\/www.europesays.com\/fr\/350562\/"},"modified":"2025-08-28T19:43:17","modified_gmt":"2025-08-28T19:43:17","slug":"avant-premiere-la-villa-saison-10-episode-17-du-1-septembre-2025-la-villa-des-coeurs-brises","status":"publish","type":"post","link":"https:\/\/www.europesays.com\/fr\/350562\/","title":{"rendered":"Avant-premi\u00e8re &#8211; La Villa &#8211; Saison 10 Episode 17 du 1 septembre 2025 &#8211; La Villa des C\u0153urs Bris\u00e9s"},"content":{"rendered":"<p id=\"descriptionPanel\" class=\"text-secondary mr-2 line-clamp-2 pr-2.5 overflow-visible\">Apr\u00e8s le date de Giovanni, Gian Marco et Maxence c&rsquo;est au tour des filles de rencontrer des pr\u00e9tendants sur un bateau. Lisa-Marie, Clarysse et Marwa apprennent donc \u00e0 conna\u00eetre de charmants gar\u00e7ons, pour le plus grand bonheur de Gabriel. D&rsquo;autant que pour le faire maronner, sa ch\u00e8re et tendre d\u00e9cide de lui tendre un pi\u00e8ge en demandant \u00e0 Marwa de la prendre en photo avec un pr\u00e9tendant et de lui envoyer. Pendant ce temps, Emine se livre \u00e0 c\u0153ur ouvert avec Lucie. Il se confie sur sa d\u00e9tresse et son chagrin. Il n&rsquo;en peut plus d&rsquo;\u00eatre consid\u00e9r\u00e9 comme le seul responsable des maux de Ma\u00efssane. Finalement, \u00e7a lui fait du bien de d\u00e9charger. Maintenant, il attend le coaching en duo. La Villa des C\u0153urs Bris\u00e9s Saison 10 Episode 17<\/p>\n<p>Afficher la version longue du r\u00e9sum\u00e9<a class=\"shrink-0\" href=\"https:\/\/www.tf1.fr\/tfx\/la-villa-des-coeurs-brises\" target=\"_blank\" rel=\"noopener\"><img decoding=\"async\" src=\"https:\/\/www.europesays.com\/fr\/wp-content\/uploads\/2025\/08\/program-card-portrait-1-la-villa-2025-75e2fc-899f4e-0@1x.jpg\" width=\"138\" height=\"184\" alt=\"\" loading=\"eager\" fetchpriority=\"auto\" class=\"rounded-3px aspect-[3\/4] h-24 w-auto\" aria-hidden=\"true\"\/><\/a><\/p>\n","protected":false},"excerpt":{"rendered":"Apr\u00e8s le date de Giovanni, Gian Marco et Maxence c&rsquo;est au tour des filles de rencontrer des pr\u00e9tendants&hellip;\n","protected":false},"author":2,"featured_media":350563,"comment_status":"","ping_status":"","sticky":false,"template":"","format":"standard","meta":{"footnotes":""},"categories":[1356],"tags":[58,59,1365,44370,44371,43632,1011,27,38731,44372,44373,44380,44384,44369,44381,44385,44377,44376,44382,44383,44378,44379,252,1364,44374,44375],"class_list":{"0":"post-350562","1":"post","2":"type-post","3":"status-publish","4":"format-standard","5":"has-post-thumbnail","7":"category-television","8":"tag-divertissement","9":"tag-entertainment","10":"tag-episode","11":"tag-episode-la-villa-des-coeurs-brises","12":"tag-episode-la-villa-des-coeurs-brises-tfx","13":"tag-episode-tfx","14":"tag-fr","15":"tag-france","16":"tag-la-villa-des-coeurs-brises","17":"tag-la-villa-des-coeurs-brises-episode","18":"tag-la-villa-des-coeurs-brises-episode-tfx","19":"tag-la-villa-des-coeurs-brises-streaming","20":"tag-la-villa-des-coeurs-brises-streaming-gratuit","21":"tag-la-villa-des-coeurs-brises-tfx","22":"tag-la-villa-des-coeurs-brises-tfx-streaming","23":"tag-la-villa-des-coeurs-brises-tfx-streaming-gratuit","24":"tag-la-villa-des-coeurs-brises-tfx-video","25":"tag-la-villa-des-coeurs-brises-video","26":"tag-streaming-gratuit-la-villa-des-coeurs-brises","27":"tag-streaming-gratuit-la-villa-des-coeurs-brises-tfx","28":"tag-streaming-la-villa-des-coeurs-brises","29":"tag-streaming-la-villa-des-coeurs-brises-tfx","30":"tag-television","31":"tag-tv","32":"tag-video-la-villa-des-coeurs-brises","33":"tag-video-la-villa-des-coeurs-brises-tfx"},"share_on_mastodon":{"url":"","error":"Validation failed: Text character limit of 500 exceeded"},"_links":{"self":[{"href":"https:\/\/www.europesays.com\/fr\/wp-json\/wp\/v2\/posts\/350562","targetHints":{"allow":["GET"]}}],"collection":[{"href":"https:\/\/www.europesays.com\/fr\/wp-json\/wp\/v2\/posts"}],"about":[{"href":"https:\/\/www.europesays.com\/fr\/wp-json\/wp\/v2\/types\/post"}],"author":[{"embeddable":true,"href":"https:\/\/www.europesays.com\/fr\/wp-json\/wp\/v2\/users\/2"}],"replies":[{"embeddable":true,"href":"https:\/\/www.europesays.com\/fr\/wp-json\/wp\/v2\/comments?post=350562"}],"version-history":[{"count":0,"href":"https:\/\/www.europesays.com\/fr\/wp-json\/wp\/v2\/posts\/350562\/revisions"}],"wp:featuredmedia":[{"embeddable":true,"href":"https:\/\/www.europesays.com\/fr\/wp-json\/wp\/v2\/media\/350563"}],"wp:attachment":[{"href":"https:\/\/www.europesays.com\/fr\/wp-json\/wp\/v2\/media?parent=350562"}],"wp:term":[{"taxonomy":"category","embeddable":true,"href":"https:\/\/www.europesays.com\/fr\/wp-json\/wp\/v2\/categories?post=350562"},{"taxonomy":"post_tag","embeddable":true,"href":"https:\/\/www.europesays.com\/fr\/wp-json\/wp\/v2\/tags?post=350562"}],"curies":[{"name":"wp","href":"https:\/\/api.w.org\/{rel}","templated":true}]}}