{"id":350564,"date":"2025-08-28T19:44:10","date_gmt":"2025-08-28T19:44:10","guid":{"rendered":"https:\/\/www.europesays.com\/fr\/350564\/"},"modified":"2025-08-28T19:44:10","modified_gmt":"2025-08-28T19:44:10","slug":"je-men-voudrais-de-mennuyer-gaetan-roussel-se-confie-en-avant-premiere-sur-son-nouvel-album","status":"publish","type":"post","link":"https:\/\/www.europesays.com\/fr\/350564\/","title":{"rendered":"\u00ab Je m\u2019en voudrais de m\u2019ennuyer \u00bb\u00a0: Ga\u00ebtan Roussel se confie en avant-premi\u00e8re sur son nouvel album"},"content":{"rendered":"<p class=\"paragraph text_align_left lp-f-body-02\">C\u2019est d\u00e9j\u00e0 la rentr\u00e9e pour <a href=\"https:\/\/www.leparisien.fr\/culture-loisirs\/musique\/son-album-de-duos-sa-tournee-avec-louise-attaque-ses-debuts-au-cinema-tout-sourit-a-gaetan-roussel-27-11-2023-FLSIFM7S45DE5FJLRVSILL36JA.php\" target=\"_blank\" rel=\"noreferrer nofollow noopener\">Ga\u00ebtan Roussel<\/a>. Et c\u2019est vrai qu\u2019on croirait rejoindre un \u00e9tudiant anglais avec sa casquette bleue, sa cravate chic et sa chemisette blanche mercredi \u00e0 Paris. Deux ans apr\u00e8s son projet collectif \u00ab Eclect!que \u00bb, qui ne r\u00e9unissait que des duos, le chanteur de <a href=\"https:\/\/www.leparisien.fr\/culture-loisirs\/musique\/louise-attaque-sortira-son-nouvel-album-planete-terre-le-4-novembre-on-a-ose-comme-jamais-04-09-2022-ICBO6G2JQBDLDJBULUY7YX64RI.php\" target=\"_blank\" rel=\"noreferrer nofollow noopener\">Louise Attaque<\/a> reviendra avec un sixi\u00e8me album vraiment solo, baptis\u00e9 \u00ab Marjolaine \u00bb le 14 novembre.<\/p>\n<p class=\"paragraph text_align_left lp-f-body-02\">Ce jeudi minuit, il d\u00e9voile son premier single, \u00ab Je reste l\u00e0 \u00bb. Un retour en douceur, avec une ballade aux accents pop-folk et acoustique dans la veine d\u2019un Vianney. \u00ab Je n\u2019ai pas tant de ballades que \u00e7a, reconnait <a href=\"https:\/\/www.leparisien.fr\/culture-loisirs\/musique\/gaetan-roussel-alain-bashung-m-a-donne-le-gout-de-l-aventure-19-03-2021-8429114.php\" target=\"_blank\" rel=\"noreferrer nofollow noopener\">Ga\u00ebtan Roussel<\/a>. Et elle r\u00e9sume assez bien un de mes albums les plus chansons, folk et vari\u00e9t\u00e9. \u00bb<\/p>\n","protected":false},"excerpt":{"rendered":"C\u2019est d\u00e9j\u00e0 la rentr\u00e9e pour Ga\u00ebtan Roussel. Et c\u2019est vrai qu\u2019on croirait rejoindre un \u00e9tudiant anglais avec sa&hellip;\n","protected":false},"author":2,"featured_media":350565,"comment_status":"","ping_status":"","sticky":false,"template":"","format":"standard","meta":{"footnotes":""},"categories":[1355],"tags":[872,58,59,1011,27,1361,873],"class_list":{"0":"post-350564","1":"post","2":"type-post","3":"status-publish","4":"format-standard","5":"has-post-thumbnail","7":"category-musique","8":"tag-culture-et-loisirs","9":"tag-divertissement","10":"tag-entertainment","11":"tag-fr","12":"tag-france","13":"tag-music","14":"tag-musique"},"share_on_mastodon":{"url":"https:\/\/pubeurope.com\/@fr\/115108109668584111","error":""},"_links":{"self":[{"href":"https:\/\/www.europesays.com\/fr\/wp-json\/wp\/v2\/posts\/350564","targetHints":{"allow":["GET"]}}],"collection":[{"href":"https:\/\/www.europesays.com\/fr\/wp-json\/wp\/v2\/posts"}],"about":[{"href":"https:\/\/www.europesays.com\/fr\/wp-json\/wp\/v2\/types\/post"}],"author":[{"embeddable":true,"href":"https:\/\/www.europesays.com\/fr\/wp-json\/wp\/v2\/users\/2"}],"replies":[{"embeddable":true,"href":"https:\/\/www.europesays.com\/fr\/wp-json\/wp\/v2\/comments?post=350564"}],"version-history":[{"count":0,"href":"https:\/\/www.europesays.com\/fr\/wp-json\/wp\/v2\/posts\/350564\/revisions"}],"wp:featuredmedia":[{"embeddable":true,"href":"https:\/\/www.europesays.com\/fr\/wp-json\/wp\/v2\/media\/350565"}],"wp:attachment":[{"href":"https:\/\/www.europesays.com\/fr\/wp-json\/wp\/v2\/media?parent=350564"}],"wp:term":[{"taxonomy":"category","embeddable":true,"href":"https:\/\/www.europesays.com\/fr\/wp-json\/wp\/v2\/categories?post=350564"},{"taxonomy":"post_tag","embeddable":true,"href":"https:\/\/www.europesays.com\/fr\/wp-json\/wp\/v2\/tags?post=350564"}],"curies":[{"name":"wp","href":"https:\/\/api.w.org\/{rel}","templated":true}]}}