{"id":350566,"date":"2025-08-28T19:45:11","date_gmt":"2025-08-28T19:45:11","guid":{"rendered":"https:\/\/www.europesays.com\/fr\/350566\/"},"modified":"2025-08-28T19:45:11","modified_gmt":"2025-08-28T19:45:11","slug":"decouvrez-la-premiere-image-du-film-avec-ryan-gosling","status":"publish","type":"post","link":"https:\/\/www.europesays.com\/fr\/350566\/","title":{"rendered":"d\u00e9couvrez la premi\u00e8re image du film avec Ryan Gosling"},"content":{"rendered":"<p>Le r\u00e9alisateur Shawn Levy rassemble une distribution \u00e9clectique pour le prochain Star Wars. La production a \u00e9t\u00e9 lanc\u00e9e au Royaume-Uni pour une sortie pr\u00e9vue en mai 2027.<\/p>\n<p><a href=\"https:\/\/www.bfmtv.com\/people\/cinema\/projet-derniere-chance-ryan-gosling-devoile-sa-nouvelle-aventure-spatiale-au-comic-con_AD-202507280181.html\" title=\"&quot;Projet derni\u00e8re chance&quot;: Ryan Gosling d\u00e9voile sa nouvelle aventure spatiale au Comic-Con\" class=\"internal_link\" rel=\"nofollow noopener\" target=\"_blank\">Ryan Gosling<\/a> dans la galaxie lointaine, tr\u00e8s lointaine\u2026 L&rsquo;acteur oscaris\u00e9 de La La Land rejoint le casting de <a href=\"https:\/\/www.bfmtv.com\/people\/la-science-fiction-est-un-mythe-george-lucas-met-des-etoiles-dans-les-yeux-des-fans-du-comic-con_AD-202507280266.html\" title=\"&quot;La science-fiction est un mythe&quot;, George Lucas met des \u00e9toiles dans les yeux des fans du Comic-Con\" class=\"internal_link\" rel=\"nofollow noopener\" target=\"_blank\">Star Wars<\/a>: Starfighter, r\u00e9alis\u00e9 par Shawn Levy. Le casting complet de ce prochain volet vient d&rsquo;\u00eatre officialis\u00e9e par Lucasfilm, la soci\u00e9t\u00e9 de production cr\u00e9\u00e9e par Georges Lucas et rachet\u00e9e par Disney. La production du long-m\u00e9trage a d\u00e9but\u00e9 au Royaume-Uni.<\/p>\n<p>Outre l&rsquo;interpr\u00e8te de Ken dans Barbie, Matt Smith, Mia Goth, Aaron Pierre, Simon Bird, Jamael Westman, Daniel Ings, Amy Adams ou encore Flynn Gray compl\u00e8tent cette \u00e9quipe h\u00e9t\u00e9roclite.<\/p>\n<p>Une \u00e9poque inexplor\u00e9e<\/p>\n<p>Contrairement aux r\u00e9centes productions de la saga, Starfighter se pr\u00e9sente comme une aventure totalement autonome, dans une p\u00e9riode temporelle jamais abord\u00e9e dans l&rsquo;univers Star Wars.<\/p>\n<blockquote class=\"embed embed_quote\"><p>\u00ab\u00a0Je ressens un profond sentiment d&rsquo;excitation et d&rsquo;honneur alors que nous commen\u00e7ons la production (&#8230;). Star Wars a fa\u00e7onn\u00e9 ma compr\u00e9hension de ce que peut faire le r\u00e9cit, comment les personnages et les moments cin\u00e9matographiques peuvent vivre avec nous pour toujours\u00a0\u00bb, confie Shawn Levy, \u00e9galement r\u00e9alisateur de Free Guy et The Adam Project.<\/p><\/blockquote>\n<p>Produit par Shawn Levy et la pr\u00e9sidente de Lucasfilm Kathleen Kennedy, le film b\u00e9n\u00e9ficie \u00e9galement de la participation de Ryan Gosling en tant que producteur ex\u00e9cutif. Le sc\u00e9nario est sign\u00e9 Jonathan Tropper, connu pour ses travaux sur Banshee et Your Honor.<\/p>\n<p>Star Wars: Starfighter devrait sortir en salles le 26 mai 2027, en France.<\/p>\n","protected":false},"excerpt":{"rendered":"Le r\u00e9alisateur Shawn Levy rassemble une distribution \u00e9clectique pour le prochain Star Wars. La production a \u00e9t\u00e9 lanc\u00e9e&hellip;\n","protected":false},"author":2,"featured_media":350567,"comment_status":"","ping_status":"","sticky":false,"template":"","format":"standard","meta":{"footnotes":""},"categories":[1354],"tags":[58,59,1346,1011,27,1360],"class_list":{"0":"post-350566","1":"post","2":"type-post","3":"status-publish","4":"format-standard","5":"has-post-thumbnail","7":"category-films","8":"tag-divertissement","9":"tag-entertainment","10":"tag-films","11":"tag-fr","12":"tag-france","13":"tag-movies"},"share_on_mastodon":{"url":"https:\/\/pubeurope.com\/@fr\/115108114072403570","error":""},"_links":{"self":[{"href":"https:\/\/www.europesays.com\/fr\/wp-json\/wp\/v2\/posts\/350566","targetHints":{"allow":["GET"]}}],"collection":[{"href":"https:\/\/www.europesays.com\/fr\/wp-json\/wp\/v2\/posts"}],"about":[{"href":"https:\/\/www.europesays.com\/fr\/wp-json\/wp\/v2\/types\/post"}],"author":[{"embeddable":true,"href":"https:\/\/www.europesays.com\/fr\/wp-json\/wp\/v2\/users\/2"}],"replies":[{"embeddable":true,"href":"https:\/\/www.europesays.com\/fr\/wp-json\/wp\/v2\/comments?post=350566"}],"version-history":[{"count":0,"href":"https:\/\/www.europesays.com\/fr\/wp-json\/wp\/v2\/posts\/350566\/revisions"}],"wp:featuredmedia":[{"embeddable":true,"href":"https:\/\/www.europesays.com\/fr\/wp-json\/wp\/v2\/media\/350567"}],"wp:attachment":[{"href":"https:\/\/www.europesays.com\/fr\/wp-json\/wp\/v2\/media?parent=350566"}],"wp:term":[{"taxonomy":"category","embeddable":true,"href":"https:\/\/www.europesays.com\/fr\/wp-json\/wp\/v2\/categories?post=350566"},{"taxonomy":"post_tag","embeddable":true,"href":"https:\/\/www.europesays.com\/fr\/wp-json\/wp\/v2\/tags?post=350566"}],"curies":[{"name":"wp","href":"https:\/\/api.w.org\/{rel}","templated":true}]}}