{"id":35057,"date":"2025-04-18T22:43:10","date_gmt":"2025-04-18T22:43:10","guid":{"rendered":"https:\/\/www.europesays.com\/fr\/35057\/"},"modified":"2025-04-18T22:43:10","modified_gmt":"2025-04-18T22:43:10","slug":"nous-avons-une-tres-bonne-chance-de-parvenir-a-un-accord-entre-la-russie-et-lukraine","status":"publish","type":"post","link":"https:\/\/www.europesays.com\/fr\/35057\/","title":{"rendered":"\u00ab\u00a0Nous avons une tr\u00e8s bonne chance\u00a0\u00bb de parvenir \u00e0 un accord entre la Russie et l&rsquo;Ukraine"},"content":{"rendered":"<p style=\"text-align:justify;\">AA \/ Washington \/ Diyar Guldogan<\/p>\n<p style=\"text-align:justify;\">Le pr\u00e9sident am\u00e9ricain Donald Trump a estim\u00e9 vendredi qu\u2019il existait une \u00ab\u00a0tr\u00e8s bonne chance\u00a0\u00bb de parvenir \u00e0 un accord entre la Russie et l\u2019Ukraine.<\/p>\n<p style=\"text-align:justify;\">\u00ab\u00a0Nous allons voir si cela est possible. Je pense que nous avons une tr\u00e8s bonne chance d\u2019y parvenir\u00a0\u00bb, a d\u00e9clar\u00e9 Trump \u00e0 des journalistes depuis la Maison Blanche.<\/p>\n<p style=\"text-align:justify;\">R\u00e9affirmant sa conviction que le conflit n\u2019aurait \u00ab\u00a0jamais \u00e9clat\u00e9\u00a0\u00bb s\u2019il avait \u00e9t\u00e9 \u00e0 la t\u00eate du pays d\u00e8s le d\u00e9part, le pr\u00e9sident a d\u00e9nonc\u00e9 les pertes humaines en cours.<\/p>\n<p style=\"text-align:justify;\">\u00ab\u00a0Beaucoup de gens sont tu\u00e9s pendant que nous parlons\u2026 Nous n\u2019allons pas accepter cette issue\u2026 Nous verrons. Je pense que nous avons de bonnes chances de r\u00e9soudre ce probl\u00e8me\u00a0\u00bb, a-t-il ajout\u00e9.<\/p>\n<p style=\"text-align:justify;\">Interrog\u00e9 par un journaliste qui lui demandait : \u00ab\u00a0Pensez-vous que la Russie joue avec vous ?\u00a0\u00bb, Trump a r\u00e9pondu : \u00ab\u00a0Non, personne ne joue avec moi. J\u2019essaie d\u2019aider.\u00a0\u00bb<\/p>\n<p style=\"text-align:justify;\">Le pr\u00e9sident a assur\u00e9 qu\u2019il poursuivrait ses efforts pour mettre fin au conflit, tout en pr\u00e9venant que Washington ne s\u2019engagerait pas ind\u00e9finiment.<\/p>\n<p style=\"text-align:justify;\">\u00ab\u00a0Nous allons essayer d\u2019arr\u00eater cela, id\u00e9alement. Maintenant, si, pour une quelconque raison, l\u2019une des deux parties rend le processus trop difficile, nous leur dirons : \u00ab\u00a0Vous \u00eates des gens horribles, et nous allons passer notre tour. Mais j\u2019esp\u00e8re que nous n\u2019aurons pas \u00e0 en arriver l\u00e0.\u00a0\u00bb<\/p>\n<p style=\"text-align:justify;\">\u00c0 la question de savoir s\u2019il envisageait un retrait complet des efforts am\u00e9ricains, Trump a affirm\u00e9 qu\u2019il ne souhaitait pas parler de retrait. \u00ab\u00a0Nous voulons voir cette guerre se terminer\u00a0\u00bb, a-t-il ajout\u00e9.<\/p>\n<p style=\"text-align:justify;\">Depuis son retour \u00e0 la Maison Blanche en janvier, l\u2019administration Trump s\u2019est engag\u00e9e dans une s\u00e9rie d\u2019initiatives diplomatiques visant \u00e0 mettre fin aux hostilit\u00e9s.<\/p>\n<p style=\"text-align:justify;\">Le secr\u00e9taire d\u2019\u00c9tat Marco Rubio, accompagn\u00e9 des envoy\u00e9s sp\u00e9ciaux Keith Kellogg et Steve Witkoff, a rencontr\u00e9 jeudi \u00e0 Paris des responsables europ\u00e9ens et ukrainiens pour discuter des voies possibles vers un cessez-le-feu.<\/p>\n<p style=\"text-align:justify;\">Il a toutefois averti qu\u2019il ne poursuivrait pas ces discussions en l\u2019absence de progr\u00e8s concrets \u00e0 court terme.<\/p>\n<p style=\"text-align:justify;\">* traduit de l&rsquo;anglais par Ayse Betul Akcesme<\/p>\n<p>                            &#13;<br \/>\n                                <a href=\"https:\/\/www.aa.com.tr\/fr\/p\/abonnement\/1001\" target=\"_blank\" style=\"font-size:12px; color:#444; text-decoration:none;\" rel=\"nofollow noopener\">&#13;<br \/>\n                                    Seulement une partie des d\u00e9p\u00eaches, que l&rsquo;Agence Anadolu diffuse \u00e0 ses abonn\u00e9s via le Syst\u00e8me de Diffusion interne (HAS), est diffus\u00e9e sur le site de l&rsquo;AA, de mani\u00e8re r\u00e9sum\u00e9e. <b style=\"color:#1897F7\">Contactez-nous s&rsquo;il vous pla\u00eet pour vous abonner.<\/b>&#13;<br \/>\n                                <\/a>&#13;<\/p>\n","protected":false},"excerpt":{"rendered":"AA \/ Washington \/ Diyar Guldogan Le pr\u00e9sident am\u00e9ricain Donald Trump a estim\u00e9 vendredi qu\u2019il existait une \u00ab\u00a0tr\u00e8s&hellip;\n","protected":false},"author":2,"featured_media":35058,"comment_status":"","ping_status":"","sticky":false,"template":"","format":"standard","meta":{"footnotes":""},"categories":[1591],"tags":[11,1785,75,1887,12,1885,1886,132,220],"class_list":{"0":"post-35057","1":"post","2":"type-post","3":"status-publish","4":"format-standard","5":"has-post-thumbnail","7":"category-russie","8":"tag-actualites","9":"tag-anadolu-ajansi","10":"tag-donald-trump","11":"tag-federation-de-russie","12":"tag-news","13":"tag-russia","14":"tag-russian-federation","15":"tag-russie","16":"tag-ukraine"},"share_on_mastodon":{"url":"https:\/\/pubeurope.com\/@fr\/114361388422836489","error":""},"_links":{"self":[{"href":"https:\/\/www.europesays.com\/fr\/wp-json\/wp\/v2\/posts\/35057","targetHints":{"allow":["GET"]}}],"collection":[{"href":"https:\/\/www.europesays.com\/fr\/wp-json\/wp\/v2\/posts"}],"about":[{"href":"https:\/\/www.europesays.com\/fr\/wp-json\/wp\/v2\/types\/post"}],"author":[{"embeddable":true,"href":"https:\/\/www.europesays.com\/fr\/wp-json\/wp\/v2\/users\/2"}],"replies":[{"embeddable":true,"href":"https:\/\/www.europesays.com\/fr\/wp-json\/wp\/v2\/comments?post=35057"}],"version-history":[{"count":0,"href":"https:\/\/www.europesays.com\/fr\/wp-json\/wp\/v2\/posts\/35057\/revisions"}],"wp:featuredmedia":[{"embeddable":true,"href":"https:\/\/www.europesays.com\/fr\/wp-json\/wp\/v2\/media\/35058"}],"wp:attachment":[{"href":"https:\/\/www.europesays.com\/fr\/wp-json\/wp\/v2\/media?parent=35057"}],"wp:term":[{"taxonomy":"category","embeddable":true,"href":"https:\/\/www.europesays.com\/fr\/wp-json\/wp\/v2\/categories?post=35057"},{"taxonomy":"post_tag","embeddable":true,"href":"https:\/\/www.europesays.com\/fr\/wp-json\/wp\/v2\/tags?post=35057"}],"curies":[{"name":"wp","href":"https:\/\/api.w.org\/{rel}","templated":true}]}}