{"id":350572,"date":"2025-08-28T19:48:09","date_gmt":"2025-08-28T19:48:09","guid":{"rendered":"https:\/\/www.europesays.com\/fr\/350572\/"},"modified":"2025-08-28T19:48:09","modified_gmt":"2025-08-28T19:48:09","slug":"elie-semoun-papa-pour-la-deuxieme-fois-a-61-ans-decouvrez-le-sexe-de-son-enfant","status":"publish","type":"post","link":"https:\/\/www.europesays.com\/fr\/350572\/","title":{"rendered":"\u00c9lie Semoun papa pour la deuxi\u00e8me fois \u00e0 61 ans : d\u00e9couvrez le sexe de son enfant"},"content":{"rendered":"<p>      R\u00e9sum\u00e9<\/p>\n<p>\u00c0 61 ans, \u00c9lie Semoun est devenu papa pour la deuxi\u00e8me fois avec la naissance d\u2019un petit gar\u00e7on fin ao\u00fbt, m\u00ealant nouvelles responsabilit\u00e9s et projets professionnels.<\/p>\n<p>        Sommaire<\/p>\n<p>L\u2019\u00e9t\u00e9 se termine \u00e0 merveille pour <a href=\"https:\/\/www.public.fr\/tag\/elie-semoun\" target=\"_blank\" rel=\"noopener\">\u00c9lie Semoun<\/a>. N\u00e9anmoins, ses prochaines nuits promettent d\u2019\u00eatre courtes. En effet, \u00e0 61 ans, l\u2019humoriste vient de devenir papa pour la deuxi\u00e8me fois comme l\u2019a annonc\u00e9 le principal int\u00e9ress\u00e9 sur son compte Instagram, ce jeudi 28 ao\u00fbt 2025.<\/p>\n<p>Cela fait d\u00e9j\u00e0 plusieurs mois que le jeune papa et ses fans attendaient <a href=\"https:\/\/www.public.fr\/je-vais-etre-papa-a-61-ans-elie-semoun-annonce-larrivee-de-son-deuxieme-enfant-sur-quotidien\" target=\"_blank\" rel=\"noopener\">cette arriv\u00e9e qu\u2019il annon\u00e7ait sur le plateau de <strong>\u00ab\u00a0Quotidien\u00a0\u00bb<\/strong><\/a>, en avril dernier. Invit\u00e9 par <a href=\"https:\/\/www.public.fr\/tag\/yann-barthes\" target=\"_blank\" rel=\"noopener\">Yann Barth\u00e8s<\/a> pour faire la promotion de son huiti\u00e8me spectacle, <strong>\u00ab\u00a0Cactus\u00a0\u00bb<\/strong>, \u00c9lie Semoun r\u00e9v\u00e9lait la bonne nouvelle.\u00a0<\/p>\n<p>L&rsquo;humoriste annonce l&rsquo;arriv\u00e9e de son deuxi\u00e8me enfant sur le plateau de \u00ab\u00a0Quotidien\u00a0\u00bb<\/p>\n<p>Dans un premier temps, il indiquait qu\u2019avant de d\u00e9marrer la tourn\u00e9e de son nouveau spectacle, il devait terminer le tournage d\u2019un nouvel opus de <strong>\u00ab\u00a0Ducobu\u00a0\u00bb<\/strong>. \u00ab\u00a0Avant je vais tourner mon film Ducobu, mon nouveau Ducobu. Ducobu et le fant\u00f4me de Saint Potache\u00a0\u00bb, a-t-il confi\u00e9 au pr\u00e9sentateur de <strong>\u00ab\u00a0Quotidien\u00a0\u00bb<\/strong>.<\/p>\n<p>Ce dernier, a alors coup\u00e9 son invit\u00e9 pour l\u00e2cher : \u00ab\u00a0puis, entre, \u2018les annonces\u2019 ?\u00a0\u00bb.\u00a0<strong>\u00ab\u00a0Entre, je vais vous donner un scoop\u00a0\u00bb,<\/strong>\u00a0a finalement annonc\u00e9 le principal int\u00e9ress\u00e9, l\u00e2chant une information de taille :\u00a0<strong>\u00ab\u00a0entre, je vais \u00eatre papa\u00a0\u00bb<\/strong>.\u00a0<\/p>\n<p><a href=\"https:\/\/vsd.fr\/85707-elie-semoun-se-filme-avant-une-operation-dangereuse-pour-sa-sante-et-sa-vie-ce-quil-ne-supporte-plus-sur-son-corps\/\" target=\"_blank\" rel=\"noopener\">L\u2019annonce d\u2019\u00c9lie Semoun<\/a> n\u2019a pas manqu\u00e9 de surprendre Yann Barth\u00e8s et les personnes pr\u00e9sentes sur le plateau de <strong>\u00ab\u00a0Quotidien\u00a0\u00bb.<\/strong> \u00ab\u00a0Donc j&rsquo;ai beaucoup de choses qui m&rsquo;attendent. Beaucoup de travail. Un vieux papa\u00a0\u00bb, a poursuivi \u00c9lie Semoun qui pr\u00e9voyait, \u00e0 l\u2019\u00e9poque,<strong>\u00a0l\u2019arriv\u00e9e de son deuxi\u00e8me enfant en septembre.<\/strong><\/p>\n<p>\u00c9lie Semoun, papa d&rsquo;un petit gar\u00e7on<\/p>\n<p>Finalement, c\u2019est \u00e0 la fin du mois d\u2019ao\u00fbt que le petit gar\u00e7on a point\u00e9 le bout de son nez. En effet, il s\u2019agit d\u2019un \u00ab\u00a0petit monsieur\u00a0\u00bb comme l\u2019a r\u00e9v\u00e9l\u00e9 son p\u00e8re sur Instagram ce jeudi 28 ao\u00fbt 2025 : \u00ab\u00a0<strong>28 \/08\/2025 \u00e0 10h28 un petit monsieur est n\u00e9\u00a0\u00bb.<\/strong><\/p>\n<p>Avant l\u2019arriv\u00e9e de ce petit gar\u00e7on, dont nous ignorons encore le doux pr\u00e9nom, \u00c9lie Semoun a go\u00fbt\u00e9 aux joies de la paternit\u00e9 il y a 29 ans, avec la naissance d\u2019Antoine, fruit de l\u2019amour de l\u2019humoriste avec Annie Florence Jeannesson.\u00a0<\/p>\n<p>F\u00e9licitations aux parents et au petit gar\u00e7on qui se porterait \u00e0 merveille selon les dires de sa maman et son papa. En esp\u00e9rant que le pr\u00e9nom de celui-ci soit d\u00e9voil\u00e9 dans les prochains jours.\u00a0<\/p>\n<p>      Mentionn\u00e9s dans cet article<\/p>\n<p>      Sur le m\u00eame sujet<\/p>\n","protected":false},"excerpt":{"rendered":"R\u00e9sum\u00e9 \u00c0 61 ans, \u00c9lie Semoun est devenu papa pour la deuxi\u00e8me fois avec la naissance d\u2019un petit&hellip;\n","protected":false},"author":2,"featured_media":350573,"comment_status":"","ping_status":"","sticky":false,"template":"","format":"standard","meta":{"footnotes":""},"categories":[8],"tags":[58,5655,59,1011,27,198,16194,1404,1405],"class_list":{"0":"post-350572","1":"post","2":"type-post","3":"status-publish","4":"format-standard","5":"has-post-thumbnail","7":"category-divertissement","8":"tag-divertissement","9":"tag-elie-semoun","10":"tag-entertainment","11":"tag-fr","12":"tag-france","13":"tag-naissance","14":"tag-papa","15":"tag-quotidien","16":"tag-yann-barthes"},"share_on_mastodon":{"url":"https:\/\/pubeurope.com\/@fr\/115108125357330777","error":""},"_links":{"self":[{"href":"https:\/\/www.europesays.com\/fr\/wp-json\/wp\/v2\/posts\/350572","targetHints":{"allow":["GET"]}}],"collection":[{"href":"https:\/\/www.europesays.com\/fr\/wp-json\/wp\/v2\/posts"}],"about":[{"href":"https:\/\/www.europesays.com\/fr\/wp-json\/wp\/v2\/types\/post"}],"author":[{"embeddable":true,"href":"https:\/\/www.europesays.com\/fr\/wp-json\/wp\/v2\/users\/2"}],"replies":[{"embeddable":true,"href":"https:\/\/www.europesays.com\/fr\/wp-json\/wp\/v2\/comments?post=350572"}],"version-history":[{"count":0,"href":"https:\/\/www.europesays.com\/fr\/wp-json\/wp\/v2\/posts\/350572\/revisions"}],"wp:featuredmedia":[{"embeddable":true,"href":"https:\/\/www.europesays.com\/fr\/wp-json\/wp\/v2\/media\/350573"}],"wp:attachment":[{"href":"https:\/\/www.europesays.com\/fr\/wp-json\/wp\/v2\/media?parent=350572"}],"wp:term":[{"taxonomy":"category","embeddable":true,"href":"https:\/\/www.europesays.com\/fr\/wp-json\/wp\/v2\/categories?post=350572"},{"taxonomy":"post_tag","embeddable":true,"href":"https:\/\/www.europesays.com\/fr\/wp-json\/wp\/v2\/tags?post=350572"}],"curies":[{"name":"wp","href":"https:\/\/api.w.org\/{rel}","templated":true}]}}