{"id":350600,"date":"2025-08-28T20:07:14","date_gmt":"2025-08-28T20:07:14","guid":{"rendered":"https:\/\/www.europesays.com\/fr\/350600\/"},"modified":"2025-08-28T20:07:14","modified_gmt":"2025-08-28T20:07:14","slug":"pourquoi-le-festival-des-artistes-normands-pres-de-rouen-est-annule","status":"publish","type":"post","link":"https:\/\/www.europesays.com\/fr\/350600\/","title":{"rendered":"pourquoi le festival des artistes normands pr\u00e8s de Rouen est annul\u00e9"},"content":{"rendered":"<p>            Par<br \/>\n        <strong><br \/>\n            <a href=\"https:\/\/actu.fr\/auteur\/laredaction\" title=\"Consulter tous les articles de R\u00e9daction Normandie\" rel=\"nofollow noopener\" target=\"_blank\">R\u00e9daction Normandie<\/a><br \/>\n        <\/strong><\/p>\n<p>        Publi\u00e9 le<\/p>\n<p>            28 ao\u00fbt 2025 \u00e0 20h12        <\/p>\n<p>En 2023, trois soci\u00e9t\u00e9s de productions artistiques ont fond\u00e9 une association pour organiser le <strong>Festival des artistes normands<\/strong> (FAN).<\/p>\n<p class=\" wall-content\">La premi\u00e8re \u00e9dition a eu lieu \u00e0 l\u2019Espace culturel Guillaume le Conqu\u00e9rant, \u00e0 <a href=\"https:\/\/actu.fr\/normandie\/le-havre_76351\/circulation-et-stationnement-attention-aux-changements-avec-le-marche-nocturne-de-notre-dame-au-havre_63083749.html\" rel=\"nofollow noopener\" target=\"_blank\">Bois-Guillaume<\/a>, et \u00ab\u2009par manque de place\u2009\u00bb, en 2024, sur l\u2019hippodrome des 3 pipes \u00ab\u2009avec le soutien de la Ville en remplacement de leur propre festival d\u2019\u00e9t\u00e9\u2009\u00bb. Apr\u00e8s une subvention valid\u00e9e en avril\u00a02025 lors du vote du budget primitif et une convention sign\u00e9e le 26\u00a0juin, la<strong> Ville de Bihorel a d\u00e9cid\u00e9 d\u2019annuler l\u2019\u00e9v\u00e9nement culturel<\/strong>, le 28\u00a0juillet 2025.<br \/>Depuis, chacun se renvoie la balle\u2026<\/p>\n<p>\u00ab\u2009La mairie n\u2019a envoy\u00e9 son accord que le 26\u00a0juin\u2009\u00bb<\/p>\n<p class=\" wall-content\">Pr\u00e9sident de l\u2019association FAN, Anthonin Tabesse affirme que la \u00ab\u2009chose est simple. Le but \u00e9tait de pouvoir lancer la dynamique d\u2019un festival majeur sur la m\u00e9tropole rouennaise et sur l\u2019hippodrome, qui se pr\u00eate parfaitement \u00e0 ce genre d\u2019\u00e9v\u00e9nement. La mairie de Bihorel \u00e9tait d\u2019accord l\u2019ann\u00e9e derni\u00e8re. Mais pour cette \u00e9dition, cela s\u2019est av\u00e9r\u00e9 plus compliqu\u00e9 avec eux en termes de communication\u2009\u00bb.<\/p>\n<p class=\" wall-content\">Le pr\u00e9sident souligne ainsi que la grande diff\u00e9rence par rapport \u00e0 la pr\u00e9c\u00e9dente \u00e9dition, r\u00e9side dans le fait que la municipalit\u00e9 n\u2019a envoy\u00e9 son accord que le 26\u00a0juin. \u00ab\u2009Comment organiser un festival en quelques jours m\u00eame si nous avions d\u00e9j\u00e0 des pr\u00e9-r\u00e9servations d\u2019artistes\u2009? C\u2019\u00e9tait juste irr\u00e9alisable\u2009!\u2009\u00bb, plaide Anthonin Tabesse, qui ajoute que le 10\u00a0juillet, le directeur g\u00e9n\u00e9ral des services a m\u00eame r\u00e9clam\u00e9 le programme, les affiches, le plan d\u2019\u00e9vacuation, la d\u00e9claration Sacem, etc. \u00ab\u2009Juste infaisable\u2009!\u2009\u00bb, estime le pr\u00e9sident.<\/p>\n<blockquote class=\"ac-article-quote wall-content\">\n<p>Ce n\u2019\u00e9tait pas r\u00e9alisable cette ann\u00e9e que des priv\u00e9s prennent en charge 90\u2009% du co\u00fbt d\u2019un festival. Ce n\u2019est donc pas une d\u00e9cision d\u2019un commun accord, mais unilat\u00e9rale de la part de la Ville. On ne va pas forcer le destin. S\u2019il n\u2019y a pas d\u2019argent, il n\u2019y a pas d\u2019argent. L\u2019association va \u00eatre dissoute et voil\u00e0\u2009!<\/p>\n<p>Anthonin Tabesse<\/p><\/blockquote>\n<p class=\" wall-content\">Anthonin Tabesse se demande si c\u2019\u00e9tait l\u00e0 un timing volontaire pour se laisser une porte de sortie\u2026 \u00ab\u2009ou juste de l\u2019ignorance\u2009? Je ne peux pas le dire. En attendant, le 11\u00a0juillet, une lettre recommand\u00e9e a \u00e9t\u00e9 envoy\u00e9e pour annuler le festival. Ce que j\u2019ai pu comprendre, c\u2019est que c\u2019\u00e9tait aussi compliqu\u00e9 en interne \u00e0 la mairie et qu\u2019il n\u2019y avait pas le m\u00eame enthousiasme\u2009\u00bb.<\/p>\n<p class=\" wall-content\">L\u2019organisateur affirme \u00e9galement qu\u2019il a fait des demandes de subventions \u00e0 la M\u00e9tropole Rouen Normandie, au D\u00e9partement de la Seine-Maritime et \u00e0 la R\u00e9gion Normandie\u2009: \u00ab\u2009toutes refus\u00e9es\u2009\u00bb, lance, fataliste, le pr\u00e9sident du FAN.<\/p>\n<p>Votre r\u00e9gion, votre actu !<\/p>\n<p>Recevez chaque jour les infos qui comptent pour vous.<\/p>\n<p>\t<a href=\"https:\/\/actu.fr\/newsletter\" class=\"ac-btn ac-btn--corner ac-btn--medium ac-btn--blue800\" rel=\"nofollow noopener\" target=\"_blank\">S&rsquo;incrire<\/a><br \/>\n\u00ab\u2009Nous \u00e9tions \u00e0 court de contacts et d\u2019informations de la part des organisateurs\u2009\u00bb<\/p>\n<p class=\" wall-content\">Ce n\u2019est pas tout \u00e0 fait le m\u00eame son de cloche de la part de la Ville de Bihorel, qui s\u2019exprime par la voix de Jean-Baptiste Leclerc, le Directeur g\u00e9n\u00e9ral des services\u2009: \u00ab\u2009entre la subvention de 15\u2009000\u00a0euros vot\u00e9e en avril et la signature de la convention le 26\u00a0juin, nous \u00e9tions \u00e0 court de contacts et d\u2019informations de la part des organisateurs. Pas de programmation, pas de communication, ni physique, ni sur les r\u00e9seaux sociaux. Un festival qui se d\u00e9roule le 29\u00a0ao\u00fbt s\u2019annonce plusieurs mois \u00e0 l\u2019avance\u2009\u00bb, indique le DGS, qui reconna\u00eet de plus que, la gouvernance de la Ville est, actuellement, un peu compliqu\u00e9e.<\/p>\n<p class=\" wall-content\">\u00ab\u2009Nous avons compris ensuite que les organisateurs avaient r\u00e9duit la voilure. Le projet \u00e9tait amoindri. D\u2019un \u00e9v\u00e9nement r\u00e9gional, on passait \u00e0 un \u00e9v\u00e9nement local sans nous le dire. Gratuit, c\u2019\u00e9tait bien, mais avec des ambitions qui ne correspondaient pas aux attentes de la Ville\u2009\u00bb, argumente Jean-Baptiste Leclerc, qui rappelle qu\u2019\u00e0 l\u2019origine, l\u2019objectif \u00e9tait de \u00ab\u2009faire mieux que nous, en remplacement du festival des 3 pipes, et pas un truc au rabais avec 15\u2009000\u00a0euros. Nous n\u2019avons pas besoin d\u2019eux dans ce cas. On sait le faire pour moins cher\u2009\u00bb, tranche le DGS.<\/p>\n<p>\u00ab\u2009Il ne faut pas inverser les r\u00f4les\u2009\u00bb<\/p>\n<p class=\" wall-content\">Le Directeur g\u00e9n\u00e9ral des services estime que le pr\u00e9sident du festival \u00ab<strong>\u2009n\u2019a pas su rassurer ses partenaires<\/strong>. C\u2019est l\u2019histoire d\u2019un fiasco annonc\u00e9, alors que ce sont eux qui ont sollicit\u00e9 la Ville. Il ne faut pas inverser les r\u00f4les. Ce ne sont pas des pros de l\u2019organisation avec une collectivit\u00e9. Je regrette que \u00e7a se termine comme cela\u2009\u00bb, d\u00e9plore-t-il, ajoutant que la Ville r\u00e9fl\u00e9chira \u00e0 revenir sur la tradition du festival d\u2019\u00e9t\u00e9, apr\u00e8s les \u00e9lections\u2009: \u00ab\u2009ce n\u2019est pas perdu, ni fini\u2009\u00bb.<\/p>\n<p>Suivez l\u2019actualit\u00e9 de Rouen sur notre <a href=\"https:\/\/www.whatsapp.com\/channel\/0029VaKfnf99hXF2ddApFB1D\" rel=\"nofollow noopener\" target=\"_blank\">cha\u00eene WhatsApp<\/a> et sur notre <a href=\"https:\/\/www.tiktok.com\/@76actu.fr?lang=fr\" rel=\"nofollow noopener\" target=\"_blank\">compte TikTok<\/a><\/p>\n<p class=\" wall-content\">Personnalisez votre actualit\u00e9 en ajoutant vos villes et m\u00e9dias en favori avec <a href=\"https:\/\/moncompte.actu.fr\" title=\"D\u00e9couvez Mon Actu\" rel=\"nofollow noopener\" data-trk=\"{&quot;cta&quot;:{&quot;action&quot;:&quot;https:\\\/\\\/moncompte.actu.fr&quot;,&quot;category&quot;:&quot;mon compte&quot;,&quot;from&quot;:&quot;article footer&quot;,&quot;name&quot;:&quot;Mon actu&quot;,&quot;type&quot;:&quot;cta&quot;}}\" target=\"_blank\">Mon Actu<\/a>.<\/p>\n<p>                    <script async src=\"\/\/www.tiktok.com\/embed.js\"><\/script><\/p>\n","protected":false},"excerpt":{"rendered":"Par R\u00e9daction Normandie Publi\u00e9 le 28 ao\u00fbt 2025 \u00e0 20h12 En 2023, trois soci\u00e9t\u00e9s de productions artistiques ont&hellip;\n","protected":false},"author":2,"featured_media":350601,"comment_status":"","ping_status":"","sticky":false,"template":"","format":"standard","meta":{"footnotes":""},"categories":[9587],"tags":[1111,11,1777,674,1011,27,873,12,5161,25,9590,104],"class_list":{"0":"post-350600","1":"post","2":"type-post","3":"status-publish","4":"format-standard","5":"has-post-thumbnail","7":"category-rouen","8":"tag-actu","9":"tag-actualites","10":"tag-eu","11":"tag-europe","12":"tag-fr","13":"tag-france","14":"tag-musique","15":"tag-news","16":"tag-normandie","17":"tag-republique-francaise","18":"tag-rouen","19":"tag-societe"},"share_on_mastodon":{"url":"https:\/\/pubeurope.com\/@fr\/115108199971184775","error":""},"_links":{"self":[{"href":"https:\/\/www.europesays.com\/fr\/wp-json\/wp\/v2\/posts\/350600","targetHints":{"allow":["GET"]}}],"collection":[{"href":"https:\/\/www.europesays.com\/fr\/wp-json\/wp\/v2\/posts"}],"about":[{"href":"https:\/\/www.europesays.com\/fr\/wp-json\/wp\/v2\/types\/post"}],"author":[{"embeddable":true,"href":"https:\/\/www.europesays.com\/fr\/wp-json\/wp\/v2\/users\/2"}],"replies":[{"embeddable":true,"href":"https:\/\/www.europesays.com\/fr\/wp-json\/wp\/v2\/comments?post=350600"}],"version-history":[{"count":0,"href":"https:\/\/www.europesays.com\/fr\/wp-json\/wp\/v2\/posts\/350600\/revisions"}],"wp:featuredmedia":[{"embeddable":true,"href":"https:\/\/www.europesays.com\/fr\/wp-json\/wp\/v2\/media\/350601"}],"wp:attachment":[{"href":"https:\/\/www.europesays.com\/fr\/wp-json\/wp\/v2\/media?parent=350600"}],"wp:term":[{"taxonomy":"category","embeddable":true,"href":"https:\/\/www.europesays.com\/fr\/wp-json\/wp\/v2\/categories?post=350600"},{"taxonomy":"post_tag","embeddable":true,"href":"https:\/\/www.europesays.com\/fr\/wp-json\/wp\/v2\/tags?post=350600"}],"curies":[{"name":"wp","href":"https:\/\/api.w.org\/{rel}","templated":true}]}}