{"id":350602,"date":"2025-08-28T20:10:11","date_gmt":"2025-08-28T20:10:11","guid":{"rendered":"https:\/\/www.europesays.com\/fr\/350602\/"},"modified":"2025-08-28T20:10:11","modified_gmt":"2025-08-28T20:10:11","slug":"isere-les-nombreuses-visites-du-ministre-neuder-agacent-fortement-le-senateur-gontard","status":"publish","type":"post","link":"https:\/\/www.europesays.com\/fr\/350602\/","title":{"rendered":"Is\u00e8re. Les nombreuses visites du ministre Neuder agacent (fortement) le s\u00e9nateur Gontard"},"content":{"rendered":"<p>C\u2019est un peu in\u00e9dit et, comme on dit, un peu \u00ab\u00a0choc\u00a0\u00bb. <a href=\"https:\/\/www.ledauphine.com\/sante\/2025\/08\/28\/le-ministre-a-inaugure-la-maison-de-sante-pluriprofessionnelle\" target=\"_blank\" rel=\"noopener\">Alors que Yannick Neuder, ministre de la Sant\u00e9, \u00e9tait ce jeudi en d\u00e9placement en Is\u00e8re,<\/a> les r\u00e9dactions ont re\u00e7u un communiqu\u00e9 de presse sign\u00e9 du s\u00e9nateur \u00e9cologiste <a href=\"https:\/\/www.ledauphine.com\/p\/guillaume-gontard\" target=\"_blank\" rel=\"noopener\">Guillaume Gontard<\/a> pour commenter cette visite. Et, signe de ces temps politiques tr\u00e8s tendus, le parlementaire n\u2019y est pas all\u00e9 de mains mortes. Pour lui, trop c\u2019est trop, et il le dit en commen\u00e7ant par \u00e9grener des dates\u00a0: \u00ab\u00a0Apr\u00e8s le 20\u00a0janvier, le 13\u00a0f\u00e9vrier, le 13\u00a0mars, le 29\u00a0mars, 4\u00a0avril, le 24\u00a0mai, le 14 et 21\u00a0juin, le 3, 12 et 19\u00a0juillet, il s\u2019agira donc, en moins de huit mois, du 12e d\u00e9placement minist\u00e9riel de M. Neuder en Is\u00e8re, sans compter les multiples manifestations locales, sans rapport avec la sant\u00e9, auxquelles il a particip\u00e9 sans se d\u00e9partir de son statut de ministre. Nous pourrions nous f\u00e9liciter d\u2019un tel int\u00e9r\u00eat du ministre de la Sant\u00e9 de France pour notre d\u00e9partement, o\u00f9 les enjeux d\u2019acc\u00e8s aux soins ne manquent pas. Malheureusement, cela ne se traduit pas dans la politique qu\u2019il m\u00e8ne au quotidien sur ce sujet [\u2026]\u00a0\u00bb<\/p>\n<p>  \u00ab\u00a0Gaspillage de deniers publics\u00a0\u00bb<\/p>\n<p>Guillaume Gontard ajoute\u00a0: \u00ab\u00a0M. Neuder est \u00e9galement d\u00e9put\u00e9 LR de la 7e circonscription de l\u2019Is\u00e8re, mandat qu\u2019il retrouvera sous peu quand Fran\u00e7ois Bayrou \u00e9chouera le 8\u00a0septembre, selon toute vraisemblance, \u00e0 obtenir la confiance de l\u2019Assembl\u00e9e nationale. Alors qu\u2019une dissolution de l\u2019Assembl\u00e9e nationale \u2013 et donc une nouvelle campagne l\u00e9gislative \u2013 n\u2019est pas \u00e0 exclure, la fr\u00e9quence des d\u00e9placements de M. Neuder, dont la charge financi\u00e8re incombe aux contribuables fran\u00e7ais, ne peut qu\u2019interroger. Du gaspillage des deniers publics \u00e0 la distorsion de concurrence vis-\u00e0-vis de ses futurs adversaires aux l\u00e9gislatives, les probl\u00e9matiques sont nombreuses.\u00a0\u00bb<\/p>\n","protected":false},"excerpt":{"rendered":"C\u2019est un peu in\u00e9dit et, comme on dit, un peu \u00ab\u00a0choc\u00a0\u00bb. Alors que Yannick Neuder, ministre de la&hellip;\n","protected":false},"author":2,"featured_media":350603,"comment_status":"","ping_status":"","sticky":false,"template":"","format":"standard","meta":{"footnotes":""},"categories":[9566],"tags":[1111,11,2430,112,113,114,1777,674,107,1011,27,2731,2732,108,3539,6319,12,316,25],"class_list":{"0":"post-350602","1":"post","2":"type-post","3":"status-publish","4":"format-standard","5":"has-post-thumbnail","7":"category-grenoble","8":"tag-actu","9":"tag-actualites","10":"tag-auvergne-rhone-alpes","11":"tag-edition-grenoble-agglomeration","12":"tag-edition-gresivaudan-oisans","13":"tag-edition-voiron-saint-marcellin","14":"tag-eu","15":"tag-europe","16":"tag-fil-info","17":"tag-fr","18":"tag-france","19":"tag-grenoble","20":"tag-grenoble-bassin","21":"tag-isere","22":"tag-les-ecologistes","23":"tag-les-republicains","24":"tag-news","25":"tag-politique","26":"tag-republique-francaise"},"share_on_mastodon":{"url":"https:\/\/pubeurope.com\/@fr\/115108211976278054","error":""},"_links":{"self":[{"href":"https:\/\/www.europesays.com\/fr\/wp-json\/wp\/v2\/posts\/350602","targetHints":{"allow":["GET"]}}],"collection":[{"href":"https:\/\/www.europesays.com\/fr\/wp-json\/wp\/v2\/posts"}],"about":[{"href":"https:\/\/www.europesays.com\/fr\/wp-json\/wp\/v2\/types\/post"}],"author":[{"embeddable":true,"href":"https:\/\/www.europesays.com\/fr\/wp-json\/wp\/v2\/users\/2"}],"replies":[{"embeddable":true,"href":"https:\/\/www.europesays.com\/fr\/wp-json\/wp\/v2\/comments?post=350602"}],"version-history":[{"count":0,"href":"https:\/\/www.europesays.com\/fr\/wp-json\/wp\/v2\/posts\/350602\/revisions"}],"wp:featuredmedia":[{"embeddable":true,"href":"https:\/\/www.europesays.com\/fr\/wp-json\/wp\/v2\/media\/350603"}],"wp:attachment":[{"href":"https:\/\/www.europesays.com\/fr\/wp-json\/wp\/v2\/media?parent=350602"}],"wp:term":[{"taxonomy":"category","embeddable":true,"href":"https:\/\/www.europesays.com\/fr\/wp-json\/wp\/v2\/categories?post=350602"},{"taxonomy":"post_tag","embeddable":true,"href":"https:\/\/www.europesays.com\/fr\/wp-json\/wp\/v2\/tags?post=350602"}],"curies":[{"name":"wp","href":"https:\/\/api.w.org\/{rel}","templated":true}]}}