{"id":350604,"date":"2025-08-28T20:11:10","date_gmt":"2025-08-28T20:11:10","guid":{"rendered":"https:\/\/www.europesays.com\/fr\/350604\/"},"modified":"2025-08-28T20:11:10","modified_gmt":"2025-08-28T20:11:10","slug":"lasse-doit-confirmer-contre-grenoble","status":"publish","type":"post","link":"https:\/\/www.europesays.com\/fr\/350604\/","title":{"rendered":"L\u2019ASSE doit confirmer contre Grenoble !"},"content":{"rendered":"<p><strong>L&rsquo;ASSE re\u00e7oit le GF38 de Franck Rizzetto ce samedi pour le compte de la quatri\u00e8me journ\u00e9e de Ligue 2. Face aux Grenoblois, les St\u00e9phanois ont l&rsquo;occasion de poursuivre leur bonne s\u00e9rie. Analyse dans notre derni\u00e8re vid\u00e9o.<\/strong><\/p>\n<p>Un d\u00e9but de saison compliqu\u00e9 en Ligue 2 pour Grenoble<\/p>\n<p>D\u00e9faits \u00e0 Troyes, puis neutralis\u00e9s face \u00e0 Laval, les Grenoblois ont de nouveau connu la d\u00e9faite le weekend dernier. Face \u00e0 Clermont, le GF38 a pourtant ouvert le score (0-1, Valls, 60&prime;). Mais avant d&rsquo;\u00eatre rattrap\u00e9 puis men\u00e9 en moins de 10 minutes (2-1, 67&prime;). Une rencontre qui illustre un \u00e9t\u00e9 grenoblois marqu\u00e9 par des averses.<\/p>\n<p data-start=\"103\" data-end=\"654\">\u00ab\u00a0Grenoble, en d\u00e9but de saison, c\u2019est toujours compliqu\u00e9, affirme Cl\u00e9ment, r\u00e9dacteur pour Peuple Vert, dans notre derni\u00e8re vid\u00e9o. J\u2019ai regard\u00e9 un peu leur effectif : devant, c\u2019est assez inexp\u00e9riment\u00e9 et franchement, sur le papier, \u00e7a ne fait pas peur.\u00a0\u00bb\u00a0Mais pas de quoi non-plus tomber dans l&rsquo;exc\u00e8s de confiance. Les St\u00e9phanois ne doivent pas tomber dans le pi\u00e8ge d\u00e9j\u00e0 tendu par Boulogne, samedi dernier. \u00ab\u00a0Il faut quand m\u00eame s\u2019en m\u00e9fier. C\u2019est une \u00e9quipe qui va venir avec son plan de jeu, s\u00fbrement un bloc bien compact. Grenoble cherchera \u00e0 nous surprendre, conclut le chroniqueur.\u00a0\u00bb<\/p>\n<p data-start=\"103\" data-end=\"654\">Leader du championnat \u00e0 la diff\u00e9rence de but, les joueurs d&rsquo;Eirik Horneland sont dans l&rsquo;obligation de maintenir le rythme pour confirmer leur statut de favori. \u00ab\u00a0La concurrence en Ligue 2, elle est bien l\u00e0, assure justement Paul. Le championnat a beau \u00eatre moins relev\u00e9 cette saison, les \u00e9quipes sont \u00e0 l\u2019aff\u00fbt. Des clubs comme Reims ou Montpellier vont vouloir remonter tout de suite. Chaque point va compter.\u00a0\u00bb<\/p>\n<p>Un probl\u00e8me de taille pour Horneland ?<\/p>\n<p>Priv\u00e9 d&rsquo;Ebenezer Annan ce samedi, le coach de l&rsquo;ASSE devra bricoler sur le flanc gauche. Car sans <a href=\"https:\/\/peuple-vert.fr\/joueurs\/dennis-appiah\/\" rel=\"nofollow noopener\" target=\"_blank\">Dennis Appiah<\/a>, \u00e9galement touch\u00e9, Horneland ne dispose que de peu de solutions viables.<\/p>\n<p data-start=\"101\" data-end=\"420\">\u00ab\u00a0Pour moi, la solution la plus probable, ce sera Lassanra Traor\u00e9\u00a0\u00bb, affirme Paul. Titularis\u00e9 plusieurs fois cet \u00e9t\u00e9, le S\u00e9n\u00e9galais pourrait bien \u00eatre le dernier lat\u00e9ral gauche de m\u00e9tier disponible face \u00e0 Grenoble.\u00a0 Toutefois, de retour sur les terrains r\u00e9cemment, le d\u00e9fenseur central Maxime Bernauer postule \u00e9galement. \u00ab\u00a0C\u2019est un joueur polyvalent, qui joue surtout d\u00e9fenseur central mais qui peut aussi d\u00e9panner \u00e0 droite, voire \u00e0 gauche.\u00a0\u00bb<\/p>\n<p data-start=\"1557\" data-end=\"1699\">Affaire \u00e0 suivre du c\u00f4t\u00e9 de l&rsquo;ASSE &#8230;<\/p>\n<p>L&rsquo;avant-match est disponible sur Youtube !<\/p>\n","protected":false},"excerpt":{"rendered":"L&rsquo;ASSE re\u00e7oit le GF38 de Franck Rizzetto ce samedi pour le compte de la quatri\u00e8me journ\u00e9e de Ligue&hellip;\n","protected":false},"author":2,"featured_media":350605,"comment_status":"","ping_status":"","sticky":false,"template":"","format":"standard","meta":{"footnotes":""},"categories":[9566],"tags":[1111,11,2430,1777,674,1011,27,2731,12,25],"class_list":{"0":"post-350604","1":"post","2":"type-post","3":"status-publish","4":"format-standard","5":"has-post-thumbnail","7":"category-grenoble","8":"tag-actu","9":"tag-actualites","10":"tag-auvergne-rhone-alpes","11":"tag-eu","12":"tag-europe","13":"tag-fr","14":"tag-france","15":"tag-grenoble","16":"tag-news","17":"tag-republique-francaise"},"share_on_mastodon":{"url":"https:\/\/pubeurope.com\/@fr\/115108215776820788","error":""},"_links":{"self":[{"href":"https:\/\/www.europesays.com\/fr\/wp-json\/wp\/v2\/posts\/350604","targetHints":{"allow":["GET"]}}],"collection":[{"href":"https:\/\/www.europesays.com\/fr\/wp-json\/wp\/v2\/posts"}],"about":[{"href":"https:\/\/www.europesays.com\/fr\/wp-json\/wp\/v2\/types\/post"}],"author":[{"embeddable":true,"href":"https:\/\/www.europesays.com\/fr\/wp-json\/wp\/v2\/users\/2"}],"replies":[{"embeddable":true,"href":"https:\/\/www.europesays.com\/fr\/wp-json\/wp\/v2\/comments?post=350604"}],"version-history":[{"count":0,"href":"https:\/\/www.europesays.com\/fr\/wp-json\/wp\/v2\/posts\/350604\/revisions"}],"wp:featuredmedia":[{"embeddable":true,"href":"https:\/\/www.europesays.com\/fr\/wp-json\/wp\/v2\/media\/350605"}],"wp:attachment":[{"href":"https:\/\/www.europesays.com\/fr\/wp-json\/wp\/v2\/media?parent=350604"}],"wp:term":[{"taxonomy":"category","embeddable":true,"href":"https:\/\/www.europesays.com\/fr\/wp-json\/wp\/v2\/categories?post=350604"},{"taxonomy":"post_tag","embeddable":true,"href":"https:\/\/www.europesays.com\/fr\/wp-json\/wp\/v2\/tags?post=350604"}],"curies":[{"name":"wp","href":"https:\/\/api.w.org\/{rel}","templated":true}]}}