{"id":350608,"date":"2025-08-28T20:13:18","date_gmt":"2025-08-28T20:13:18","guid":{"rendered":"https:\/\/www.europesays.com\/fr\/350608\/"},"modified":"2025-08-28T20:13:18","modified_gmt":"2025-08-28T20:13:18","slug":"du-national-a-la-ligue-1-fils-de-pro-cinq-choses-a-savoir-sur-esteban-lepaul-nouvel-attaquant-de-rennes","status":"publish","type":"post","link":"https:\/\/www.europesays.com\/fr\/350608\/","title":{"rendered":"Du National \u00e0 la Ligue\u00a01, fils de pro\u00a0: cinq choses \u00e0 savoir sur Est\u00e9ban Lepaul, nouvel attaquant de Rennes"},"content":{"rendered":"<p>Une ascension fulgurante<\/p>\n<p>N\u00e9 \u00e0 Auxerre le 18 avril 2000, Est\u00e9ban Lepaul a rejoint Angers le 25 janvier 2024, quittant \u00c9pinal, pour 150 000 \u20ac, o\u00f9 il dominait le classement des buteurs en National (12 buts en 16 matchs). D\u00e8s la seconde moiti\u00e9 de la saison 2023-2024, il a particip\u00e9 \u00e0 la remont\u00e9e du club en Ligue 1, inscrivant trois buts en 17 apparitions en Ligue 2. <\/p>\n<p> Pour sa premi\u00e8re saison int\u00e9grale dans l\u2019\u00e9lite, Est\u00e9ban Lepaul s\u2019est impos\u00e9 comme un atout offensif majeur : neuf buts en 28 matchs de Ligue 1, auxquels s\u2019ajoutent quatre buts en Coupe de France, totalisant treize r\u00e9alisations en 31 matchs toutes comp\u00e9titions confondues. Statistique remarquable : Angers a gagn\u00e9 quatre des cinq matchs de 2025 lorsqu\u2019il a marqu\u00e9, ce qui illustre son impact direct sur les r\u00e9sultats du club.<\/p>\n<p>Un style de jeu instinctif<\/p>\n<p>Le nouvel attaquant du Stade Rennais se distingue par un style de jeu direct et instinctif. Souvent d\u00e9crit par son entra\u00eeneur Alexandre Dujeux comme \u00ab confiant et extr\u00eamement efficace devant le but \u00bb, il brille par sa capacit\u00e9 \u00e0 se rendre disponible entre les lignes puis \u00e0 attaquer la profondeur au moment opportun. Lepaul aime jouer en pivot mobile : il d\u00e9croche pour orienter le jeu, encha\u00eene les remises rapides, mais sait aussi se glisser derri\u00e8re les d\u00e9fenses pour conclure d\u2019un geste simple et pr\u00e9cis.<\/p>\n<p>Lui-m\u00eame revendique un c\u00f4t\u00e9 \u00ab tr\u00e8s insouciant, instinctif \u00bb dans la finition, ce qui en fait un attaquant impr\u00e9visible et redoutable d\u00e8s qu\u2019il s\u2019approche de la surface. \u00ab Il se place bien, il a surtout ce super sens du but. Techniquement, il arrive \u00e0 orienter le jeu, \u00e0 faire de belles remises. Il a une belle marge de progression mais c\u2019est un attaquant de plus en plus complet \u00bb, avait d\u00e9crit son co\u00e9quipier Jordan Lefort aux <a href=\"https:\/\/www.dna.fr\/sport\/2025\/01\/26\/l-eclosion-qui-change-tout-pour-angers-qui-est-esteban-lepaul-qui-enchaine-les-buts?utm_source=chatgpt.com\" target=\"_blank\" rel=\"nofollow noopener\">Derni\u00e8res Nouvelles d\u2019Alsace,<\/a> la saison pass\u00e9e.<\/p>\n<p>Son premier but (fantastique) en Ligue 1 face au PSG<\/p>\n<p>C\u2019est v\u00e9ritablement au Parc des Princes, face au PSG, qu\u2019Est\u00e9ban Lepaul s\u2019est r\u00e9v\u00e9l\u00e9 au grand public. Auteur de son premier but en Ligue 1 sur la pelouse du club parisien, l\u2019Angevin y avait laiss\u00e9 s\u2019exprimer tout son talent et son intuition. Sur un centre venu de la gauche, il armait une vol\u00e9e du pied droit qui laissait Gianluigi Donnarumma coi. Un des plus beaux buts de sa carri\u00e8re qui lui a valu une nomination parmi les plus beaux buts de la saison aux Troph\u00e9es UNFP : \u00ab Je le garderai \u00e0 vie [\u2026] C\u2019\u00e9tait un but incroyable, et face \u00e0 l\u2019un des meilleurs Paris Saint-Germain des derni\u00e8res ann\u00e9es \u00bb, a-t-il racont\u00e9 sur le <a href=\"https:\/\/angers-sco.fr\/posez-vos-questions-a-esteban-lepaul\/?utm_source=chatgpt.com\" target=\"_blank\" rel=\"nofollow noopener\">site internet<\/a> d\u2019Angers Sco.<\/p>\n<p><img decoding=\"async\" src=\"https:\/\/www.europesays.com\/fr\/wp-content\/uploads\/2025\/08\/68b0b4fe0b94cde098057c00.1.jpeg\" width=\"480\" height=\"300\" class=\"web_golden_m\" loading=\"lazy\" alt=\"Esteban Lepaul a d\u00e9j\u00e0 inscrit un but cette saison avec Angers, face au Paris FC, lors de la premi\u00e8re journ\u00e9e de Ligue\u00a01.\"\/>Esteban Lepaul a d\u00e9j\u00e0 inscrit un but cette saison avec Angers, face au Paris FC, lors de la premi\u00e8re journ\u00e9e de Ligue\u00a01. (Photo Jean-Fran\u00e7ois Monier\/AFP)Une trajectoire inspirante<\/p>\n<p>Issu du centre de formation de Lyon, Est\u00e9ban Lepaul a connu un parcours sinueux : quelques matchs avec l\u2019\u00e9quipe premi\u00e8re de Lyon (8 matchs, 1 but entre 2018 et 2020), puis des \u00e9tapes \u00e0 \u00c9pinal et Orl\u00e9ans, principalement en National. Il a marqu\u00e9 les esprits par sa pers\u00e9v\u00e9rance et sa capacit\u00e9 \u00e0 s\u2019adapter aux exigences du haut niveau. Sa trajectoire est d\u2019autant plus marquante que son p\u00e8re, Fabrice Lepaul, ancien milieu offensif d\u2019Auxerre dans les ann\u00e9es 1990, est tragiquement d\u00e9c\u00e9d\u00e9, en 2020, dans un accident de voiture. \u00ab J\u2019ai v\u00e9cu tr\u00e8s vite avec. C\u2019est un passage dur de ma vie car il y a le contexte aussi. Je perds mon p\u00e8re et, d\u00e9but juillet, je n\u2019ai pas de club. Je sors de l\u2019OL, c\u2019\u00e9tait la premi\u00e8re ann\u00e9e du Covid. Tout \u00e9tait catastrophique \u00bb, racontait-il dans un entretien \u00e0 L\u2019\u00c9quipe, en novembre 2024.<\/p>\n<p>Il a le m\u00eame bracelet depuis\u2026 sept ans<\/p>\n<p>\u00c0 peine superstitieux, Est\u00e9ban Lepaul joue toujours avec le m\u00eame \u00e9lastique dans les cheveux et le m\u00eame bracelet au poignet depuis sept ans. \u00ab S\u2019il casse, je reprends exactement le m\u00eame mod\u00e8le. Et je porte toujours le m\u00eame cale\u00e7on, a-t-il ajout\u00e9, sur le site du club. Contre Montpellier, j\u2019ai mis la m\u00eame paire de crampons que lors du match aller, quand j\u2019avais marqu\u00e9 deux buts. \u00bb<\/p>\n","protected":false},"excerpt":{"rendered":"Une ascension fulgurante N\u00e9 \u00e0 Auxerre le 18 avril 2000, Est\u00e9ban Lepaul a rejoint Angers le 25 janvier&hellip;\n","protected":false},"author":2,"featured_media":350609,"comment_status":"","ping_status":"","sticky":false,"template":"","format":"standard","meta":{"footnotes":""},"categories":[2821],"tags":[1111,11,829,1777,674,63,1011,27,66,24138,12,584,25,60,3087],"class_list":{"0":"post-350608","1":"post","2":"type-post","3":"status-publish","4":"format-standard","5":"has-post-thumbnail","7":"category-rennes","8":"tag-actu","9":"tag-actualites","10":"tag-bretagne","11":"tag-eu","12":"tag-europe","13":"tag-football","14":"tag-fr","15":"tag-france","16":"tag-ligue-1","17":"tag-mercato-stade-rennais","18":"tag-news","19":"tag-rennes","20":"tag-republique-francaise","21":"tag-sports","22":"tag-stade-rennais"},"share_on_mastodon":{"url":"https:\/\/pubeurope.com\/@fr\/115108224172145821","error":""},"_links":{"self":[{"href":"https:\/\/www.europesays.com\/fr\/wp-json\/wp\/v2\/posts\/350608","targetHints":{"allow":["GET"]}}],"collection":[{"href":"https:\/\/www.europesays.com\/fr\/wp-json\/wp\/v2\/posts"}],"about":[{"href":"https:\/\/www.europesays.com\/fr\/wp-json\/wp\/v2\/types\/post"}],"author":[{"embeddable":true,"href":"https:\/\/www.europesays.com\/fr\/wp-json\/wp\/v2\/users\/2"}],"replies":[{"embeddable":true,"href":"https:\/\/www.europesays.com\/fr\/wp-json\/wp\/v2\/comments?post=350608"}],"version-history":[{"count":0,"href":"https:\/\/www.europesays.com\/fr\/wp-json\/wp\/v2\/posts\/350608\/revisions"}],"wp:featuredmedia":[{"embeddable":true,"href":"https:\/\/www.europesays.com\/fr\/wp-json\/wp\/v2\/media\/350609"}],"wp:attachment":[{"href":"https:\/\/www.europesays.com\/fr\/wp-json\/wp\/v2\/media?parent=350608"}],"wp:term":[{"taxonomy":"category","embeddable":true,"href":"https:\/\/www.europesays.com\/fr\/wp-json\/wp\/v2\/categories?post=350608"},{"taxonomy":"post_tag","embeddable":true,"href":"https:\/\/www.europesays.com\/fr\/wp-json\/wp\/v2\/tags?post=350608"}],"curies":[{"name":"wp","href":"https:\/\/api.w.org\/{rel}","templated":true}]}}