{"id":35061,"date":"2025-04-18T22:45:13","date_gmt":"2025-04-18T22:45:13","guid":{"rendered":"https:\/\/www.europesays.com\/fr\/35061\/"},"modified":"2025-04-18T22:45:13","modified_gmt":"2025-04-18T22:45:13","slug":"meeting-international-loubna-benhadja-simpose-sur-400m-haies-aux-usa","status":"publish","type":"post","link":"https:\/\/www.europesays.com\/fr\/35061\/","title":{"rendered":"Meeting international : Loubna Benhadja s&rsquo;impose sur 400m\/haies aux USA"},"content":{"rendered":"<p>L\u2019Alg\u00e9rienne Loubna Benhadja a remport\u00e9 le 400 m\u00e8tres\/haies lors d\u2019un meeting international aux Etat-Unis, disput\u00e9 jeudi soir, en r\u00e9alisant un bon chrono de 57.88.<\/p>\n<p>Une deuxi\u00e8me cons\u00e9cration pour l\u2019Alg\u00e9rienne de 24 ans en l\u2019espace d\u2019un mois, elle qui au d\u00e9but du mois de mars dernier avait \u00e9tabli un nouveau record national du 400 m\u00e8tres\/plat.<\/p>\n<p>C\u2019\u00e9tait lors d\u2019un meeting en salle, disput\u00e9 \u00e0 Lynchburg (Virginie) et pendant lequel elle avait r\u00e9ussi un chrono de 54.44, consid\u00e9r\u00e9 comme un nouveau record national.<\/p>\n<p>L\u2019ancien record \u00e9tait de 54.46 et c\u2019est cette m\u00eame Loubna Benhadja qui le d\u00e9tenait depuis le d\u00e9but de l\u2019ann\u00e9e 2024 aux Etats-Unis.<\/p>\n","protected":false},"excerpt":{"rendered":"L\u2019Alg\u00e9rienne Loubna Benhadja a remport\u00e9 le 400 m\u00e8tres\/haies lors d\u2019un meeting international aux Etat-Unis, disput\u00e9 jeudi soir, en&hellip;\n","protected":false},"author":2,"featured_media":35062,"comment_status":"","ping_status":"","sticky":false,"template":"","format":"standard","meta":{"footnotes":""},"categories":[1589],"tags":[11,4132,73,1866,11391,11392,12,1864,1865,1863,308],"class_list":{"0":"post-35061","1":"post","2":"type-post","3":"status-publish","4":"format-standard","5":"has-post-thumbnail","7":"category-etats-unis","8":"tag-actualites","9":"tag-athletisme","10":"tag-etats-unis","11":"tag-etats-unis-damerique","12":"tag-loubna-benhadja","13":"tag-meeting-international","14":"tag-news","15":"tag-united-states","16":"tag-united-states-of-america","17":"tag-us","18":"tag-usa"},"share_on_mastodon":{"url":"https:\/\/pubeurope.com\/@fr\/114361396324334980","error":""},"_links":{"self":[{"href":"https:\/\/www.europesays.com\/fr\/wp-json\/wp\/v2\/posts\/35061","targetHints":{"allow":["GET"]}}],"collection":[{"href":"https:\/\/www.europesays.com\/fr\/wp-json\/wp\/v2\/posts"}],"about":[{"href":"https:\/\/www.europesays.com\/fr\/wp-json\/wp\/v2\/types\/post"}],"author":[{"embeddable":true,"href":"https:\/\/www.europesays.com\/fr\/wp-json\/wp\/v2\/users\/2"}],"replies":[{"embeddable":true,"href":"https:\/\/www.europesays.com\/fr\/wp-json\/wp\/v2\/comments?post=35061"}],"version-history":[{"count":0,"href":"https:\/\/www.europesays.com\/fr\/wp-json\/wp\/v2\/posts\/35061\/revisions"}],"wp:featuredmedia":[{"embeddable":true,"href":"https:\/\/www.europesays.com\/fr\/wp-json\/wp\/v2\/media\/35062"}],"wp:attachment":[{"href":"https:\/\/www.europesays.com\/fr\/wp-json\/wp\/v2\/media?parent=35061"}],"wp:term":[{"taxonomy":"category","embeddable":true,"href":"https:\/\/www.europesays.com\/fr\/wp-json\/wp\/v2\/categories?post=35061"},{"taxonomy":"post_tag","embeddable":true,"href":"https:\/\/www.europesays.com\/fr\/wp-json\/wp\/v2\/tags?post=35061"}],"curies":[{"name":"wp","href":"https:\/\/api.w.org\/{rel}","templated":true}]}}