{"id":350610,"date":"2025-08-28T20:14:12","date_gmt":"2025-08-28T20:14:12","guid":{"rendered":"https:\/\/www.europesays.com\/fr\/350610\/"},"modified":"2025-08-28T20:14:12","modified_gmt":"2025-08-28T20:14:12","slug":"elections-municipales-2026-strasbourg-un-pouvoir-vert-deconnecte-selon-chantal-cutajar-cap-21","status":"publish","type":"post","link":"https:\/\/www.europesays.com\/fr\/350610\/","title":{"rendered":"Elections municipales 2026. Strasbourg, \u00ab\u00a0un pouvoir vert d\u00e9connect\u00e9\u00a0\u00bb, selon Chantal Cutajar (CAP 21)"},"content":{"rendered":"<p>La pr\u00e9sidente de CAP 21 \u2013 Le Rassemblement Citoyen consid\u00e8re que les <a href=\"https:\/\/www.dna.fr\/politique\/2025\/08\/21\/pour-leur-rentree-politique-les-ecologistes-plaident-pour-une-primaire-a-gauche-face-au-rn\" target=\"_blank\" rel=\"nofollow noopener\">Journ\u00e9es d\u2019\u00e9t\u00e9 des \u00e9cologistes<\/a> ont \u00e9t\u00e9 \u00ab\u00a0d\u00e9connect\u00e9es\u00a0\u00bb \u00e0 Strasbourg, o\u00f9 l\u2019on a \u00ab\u00a0une ville fractur\u00e9e, une d\u00e9mocratie affaiblie et une \u00e9cologie de pouvoir\u00a0\u00bb.<\/p>\n<p>Pour Chantal Cutajar, on est pass\u00e9 de \u00ab\u00a0ville laboratoire \u00e0 ville en souffrance\u00a0\u00bb, la faute \u00e0 \u00ab\u00a0des d\u00e9cisions prises \u00e0 huis clos et des habitants consult\u00e9s apr\u00e8s coup\u00a0\u00bb.<\/p>\n<p>L\u2019ex-\u00e9lue estime que \u00ab\u00a0l\u2019affichage a prim\u00e9 sur l\u2019int\u00e9r\u00eat g\u00e9n\u00e9ral ( <a href=\"https:\/\/www.dna.fr\/d\/zone-a-faibles-emissions-de-l-eurometropole-de-strasbourg-ce-qu-il-faut-savoir-sur-la-zfe-ccd4c067-6411-463d-b687-a0ae10f74006\" target=\"_blank\" rel=\"nofollow noopener\">ZFE<\/a> , <a href=\"https:\/\/www.dna.fr\/d\/tram-nord-de-l-eurometropole-de-strasbourg-quelle-suite-apres-l-avis-defavorable-de-la-commission-d-enquete-f583c350-74f4-4fc1-95df-839101ae226a\" target=\"_blank\" rel=\"nofollow noopener\">tram Nord<\/a> )\u00a0\u00bb et que \u00ab\u00a0 <a href=\"https:\/\/www.dna.fr\/d\/nouvelle-mosquee-de-strasbourg-6ed8adf5-3946-4e18-960c-7edc33dac98b\" target=\"_blank\" rel=\"nofollow noopener\">la la\u00efcit\u00e9<\/a> a \u00e9t\u00e9 l\u2019objet de d\u00e9cisions ambigu\u00ebs (qui) affaiblissent la parole publique\u00a0\u00bb.<\/p>\n<p>Pour elle, \u00ab\u00a0la fracture sociale s\u2019aggrave\u00a0\u00bb et \u00ab\u00a0la pr\u00e9carit\u00e9 s\u2019est enracin\u00e9e\u00a0\u00bb. Avec, notamment, la <a href=\"https:\/\/www.dna.fr\/politique\/2025\/06\/25\/stationnement-payant-sur-voirie-la-gestion-passe-du-prive-au-public\" target=\"_blank\" rel=\"nofollow noopener\">politique de stationnement<\/a> qui a \u00ab\u00a0renforc\u00e9 un sentiment d\u2019exclusion\u00a0\u00bb. Tout en mentionnant \u00ab\u00a0la vitalit\u00e9 commerciale <a href=\"https:\/\/www.dna.fr\/economie\/2025\/08\/13\/brioche-doree-terrasses-patisserie-comment-la-place-kleber-change-de-visage-en-2025\" target=\"_blank\" rel=\"nofollow noopener\">du centre-ville<\/a> (qui) s\u2019\u00e9rode\u00a0\u00bb.<\/p>\n<p>Ce contenu est bloqu\u00e9 car vous n&rsquo;avez pas accept\u00e9 les cookies et autres traceurs.<\/p>\n<p>En cliquant sur \u00ab J\u2019accepte \u00bb, les cookies et autres traceurs seront d\u00e9pos\u00e9s et vous pourrez visualiser les contenus  (<a href=\"\" class=\"consentModule_policy\" target=\"_blank\" title=\"Consulter la politique de protection des donn\u00e9es du fournisseur\">plus d&rsquo;informations<\/a>).<\/p>\n<p>En cliquant sur \u00ab J\u2019accepte tous les cookies \u00bb, vous autorisez des d\u00e9p\u00f4ts de cookies et autres traceurs pour le stockage de vos donn\u00e9es sur nos sites et applications \u00e0 des fins de personnalisation et de ciblage publicitaire.<\/p>\n<p class=\"consentModule_secondaryText\">Vous gardez la possibilit\u00e9 de retirer votre consentement \u00e0 tout moment en consultant notre <a href=\"https:\/\/www.dna.fr\/protection-des-donnees\" target=\"_blank\" title=\"Consulter notre politique de protection des donn\u00e9es\" rel=\"nofollow noopener\">politique de protection des donn\u00e9es<\/a>. <br \/>&#13;<br \/>\n            <a href=\"https:\/\/www.dna.fr\/politique\/2025\/08\/28\/javascript:Didomi.notice.show()\" class=\"consentModule_cmp\" rel=\"nofollow noopener\" target=\"_blank\">G\u00e9rer mes choix<\/a>&#13;\n        <\/p>\n<p>&#13;<br \/>\n                        J&rsquo;accepte&#13;<br \/>\n            J&rsquo;accepte tous les cookies&#13;\n        <\/p>\n<p>  Rendez-vous le 26 septembre<\/p>\n<p>Enfin, elle critique le <a href=\"https:\/\/www.dna.fr\/elections\/2025\/08\/18\/plan-climat-le-bilan-de-la-municipalite-etrille-par-les-trois-groupes-d-opposition\" target=\"_blank\" rel=\"nofollow noopener\">Plan climat<\/a> , avec \u00ab\u00a0des arbres promis non plant\u00e9s\u00a0\u00bb, \u00ab\u00a0un ring cycliste inachev\u00e9\u00a0\u00bb et un \u00ab\u00a0\u00e9cocide du bois de Bussi\u00e8re\u00a0\u00bb. Avant d\u2019estimer qu\u2019\u00ab\u00a0une alternative \u00e9thique et r\u00e9publicaine\u00a0\u00bb existe.<\/p>\n<p>Son mouvement le fonde sur quatre principes\u00a0: \u00ab\u00a0la R\u00e9publique et la la\u00efcit\u00e9 comme cadre commun, la co-construction d\u00e9mocratique comme m\u00e9thode d\u2019action publique, l\u2019exemplarit\u00e9 des \u00e9lus comme exigence de base et la pr\u00e9servation du vivant comme finalit\u00e9 partag\u00e9e.\u00a0\u00bb<\/p>\n<p>D\u00e8s septembre, Chantal Cutajar annonce une s\u00e9rie de rencontres \u00ab\u00a0pour d\u00e9battre, construire, orienter\u00a0\u00bb et pour fonder \u00ab\u00a0un projet d\u2019alternance r\u00e9publicaine ouvert \u00e0 toutes les forces politiques pr\u00eates \u00e0 rompre avec l\u2019entre-soi\u00a0\u00bb. Et un rendez-vous en particulier le 26\u00a0septembre \u00e0 Strasbourg.<\/p>\n","protected":false},"excerpt":{"rendered":"La pr\u00e9sidente de CAP 21 \u2013 Le Rassemblement Citoyen consid\u00e8re que les Journ\u00e9es d\u2019\u00e9t\u00e9 des \u00e9cologistes ont \u00e9t\u00e9&hellip;\n","protected":false},"author":2,"featured_media":350611,"comment_status":"","ping_status":"","sticky":false,"template":"","format":"standard","meta":{"footnotes":""},"categories":[2820],"tags":[1111,11,2389,2649,2880,5949,4188,1777,674,107,1011,27,775,12,316,25,640],"class_list":{"0":"post-350610","1":"post","2":"type-post","3":"status-publish","4":"format-standard","5":"has-post-thumbnail","7":"category-strasbourg","8":"tag-actu","9":"tag-actualites","10":"tag-alsace","11":"tag-bas-rhin","12":"tag-edition-strasbourg","13":"tag-elections","14":"tag-elections-municipales","15":"tag-eu","16":"tag-europe","17":"tag-fil-info","18":"tag-fr","19":"tag-france","20":"tag-grand-est","21":"tag-news","22":"tag-politique","23":"tag-republique-francaise","24":"tag-strasbourg"},"share_on_mastodon":{"url":"https:\/\/pubeurope.com\/@fr\/115108227682990121","error":""},"_links":{"self":[{"href":"https:\/\/www.europesays.com\/fr\/wp-json\/wp\/v2\/posts\/350610","targetHints":{"allow":["GET"]}}],"collection":[{"href":"https:\/\/www.europesays.com\/fr\/wp-json\/wp\/v2\/posts"}],"about":[{"href":"https:\/\/www.europesays.com\/fr\/wp-json\/wp\/v2\/types\/post"}],"author":[{"embeddable":true,"href":"https:\/\/www.europesays.com\/fr\/wp-json\/wp\/v2\/users\/2"}],"replies":[{"embeddable":true,"href":"https:\/\/www.europesays.com\/fr\/wp-json\/wp\/v2\/comments?post=350610"}],"version-history":[{"count":0,"href":"https:\/\/www.europesays.com\/fr\/wp-json\/wp\/v2\/posts\/350610\/revisions"}],"wp:featuredmedia":[{"embeddable":true,"href":"https:\/\/www.europesays.com\/fr\/wp-json\/wp\/v2\/media\/350611"}],"wp:attachment":[{"href":"https:\/\/www.europesays.com\/fr\/wp-json\/wp\/v2\/media?parent=350610"}],"wp:term":[{"taxonomy":"category","embeddable":true,"href":"https:\/\/www.europesays.com\/fr\/wp-json\/wp\/v2\/categories?post=350610"},{"taxonomy":"post_tag","embeddable":true,"href":"https:\/\/www.europesays.com\/fr\/wp-json\/wp\/v2\/tags?post=350610"}],"curies":[{"name":"wp","href":"https:\/\/api.w.org\/{rel}","templated":true}]}}