{"id":350612,"date":"2025-08-28T20:15:11","date_gmt":"2025-08-28T20:15:11","guid":{"rendered":"https:\/\/www.europesays.com\/fr\/350612\/"},"modified":"2025-08-28T20:15:11","modified_gmt":"2025-08-28T20:15:11","slug":"le-racing-club-de-strasbourg-simpose-a-brondby-et-disputera-la-phase-de-la-ligue","status":"publish","type":"post","link":"https:\/\/www.europesays.com\/fr\/350612\/","title":{"rendered":"le Racing Club de Strasbourg s&rsquo;impose \u00e0 Br\u00f8ndby et disputera la phase de la ligue"},"content":{"rendered":"<p>Br\u00f8ndby &#8211; Strasbourg<\/p>\n<p>2-3<\/p>\n<p>20 ans apr\u00e8s sa derni\u00e8re participation \u00e0 la phase de groupes d&rsquo;une comp\u00e9tition europ\u00e9enne, le Racing Club de Strasbourg va retrouver le frisson d&rsquo;une comp\u00e9tition continentale cette saison. Une semaine apr\u00e8s avoir <a href=\"https:\/\/www.leprogres.fr\/sport\/2025\/08\/21\/ligue-conference-dominateur-mais-inefficace-strasbourg-fait-match-nul-face-a-br-ndby\" target=\"_blank\" rel=\"nofollow noopener\">conc\u00e9d\u00e9 un nul frustrant \u00e0 la Meinau (0-0)<\/a>, les Alsaciens ont \u00e9t\u00e9 s&rsquo;imposer (3-2) sur la pelouse des Danois de Br\u00f8ndby jeudi soir, lors du barrage retour de la Ligue Conf\u00e9rence.<\/p>\n<p>Une frayeur jusqu&rsquo;au bout<\/p>\n<p>L&rsquo;attaquant n\u00e9erlandais Emanuel Emegha, homme fort de l&rsquo;attaque du Racing, a inscrit un doubl\u00e9 (15e, 66e) tandis qu&rsquo;Ismael Doucour\u00e9 y est \u00e9galement all\u00e9 de son but (40e). C\u00f4t\u00e9 danois, l&rsquo;ancien joueur d&rsquo;Evian Thonon Gaillard Daniel Wass a r\u00e9duit le score en premi\u00e8re p\u00e9riode, puis Michael Gregoritsch (80e) a fait trembler les hommes de <a href=\"https:\/\/www.leprogres.fr\/p\/liam-rosenior\" target=\"_blank\" rel=\"nofollow noopener\">Liam Rosenior<\/a> jusqu&rsquo;\u00e0 la derni\u00e8re seconde.<\/p>\n<p>Ce contenu est bloqu\u00e9 car vous n&rsquo;avez pas accept\u00e9 les cookies et autres traceurs.<\/p>\n<p>En cliquant sur \u00ab J\u2019accepte \u00bb, les cookies et autres traceurs seront d\u00e9pos\u00e9s et vous pourrez visualiser les contenus  (<a href=\"\" class=\"consentModule_policy\" target=\"_blank\" title=\"Consulter la politique de protection des donn\u00e9es du fournisseur\">plus d&rsquo;informations<\/a>).<\/p>\n<p>En cliquant sur \u00ab J\u2019accepte tous les cookies \u00bb, vous autorisez des d\u00e9p\u00f4ts de cookies et autres traceurs pour le stockage de vos donn\u00e9es sur nos sites et applications \u00e0 des fins de personnalisation et de ciblage publicitaire.<\/p>\n<p class=\"consentModule_secondaryText\">Vous gardez la possibilit\u00e9 de retirer votre consentement \u00e0 tout moment en consultant notre <a href=\"https:\/\/www.leprogres.fr\/protection-des-donnees\" target=\"_blank\" title=\"Consulter notre politique de protection des donn\u00e9es\" rel=\"nofollow noopener\">politique de protection des donn\u00e9es<\/a>. <br \/>&#13;<br \/>\n            <a href=\"https:\/\/www.leprogres.fr\/sport\/2025\/08\/28\/javascript:Didomi.notice.show()\" class=\"consentModule_cmp\" rel=\"nofollow noopener\" target=\"_blank\">G\u00e9rer mes choix<\/a>&#13;\n        <\/p>\n<p>&#13;<br \/>\n                        J&rsquo;accepte&#13;<br \/>\n            J&rsquo;accepte tous les cookies&#13;\n        <\/p>\n<p>Les Strasbourgeois connaitront ce vendredi l&rsquo;identit\u00e9 des six \u00e9quipes qu&rsquo;ils affronteront lors de la phase de la ligue. Le tirage au sort de la Ligue Conf\u00e9rence se tiendra en m\u00eame temps que celui de la Ligue Europa, d\u00e8s 12h45.<\/p>\n<p>Plus d&rsquo;informations \u00e0 venir&#8230;<\/p>\n","protected":false},"excerpt":{"rendered":"Br\u00f8ndby &#8211; Strasbourg 2-3 20 ans apr\u00e8s sa derni\u00e8re participation \u00e0 la phase de groupes d&rsquo;une comp\u00e9tition europ\u00e9enne,&hellip;\n","protected":false},"author":2,"featured_media":350613,"comment_status":"","ping_status":"","sticky":false,"template":"","format":"standard","meta":{"footnotes":""},"categories":[2820],"tags":[1111,11,1777,674,107,63,1011,27,775,12,25,517,1947,640],"class_list":{"0":"post-350612","1":"post","2":"type-post","3":"status-publish","4":"format-standard","5":"has-post-thumbnail","7":"category-strasbourg","8":"tag-actu","9":"tag-actualites","10":"tag-eu","11":"tag-europe","12":"tag-fil-info","13":"tag-football","14":"tag-fr","15":"tag-france","16":"tag-grand-est","17":"tag-news","18":"tag-republique-francaise","19":"tag-sport","20":"tag-sport-national","21":"tag-strasbourg"},"share_on_mastodon":{"url":"https:\/\/pubeurope.com\/@fr\/115108231468827748","error":""},"_links":{"self":[{"href":"https:\/\/www.europesays.com\/fr\/wp-json\/wp\/v2\/posts\/350612","targetHints":{"allow":["GET"]}}],"collection":[{"href":"https:\/\/www.europesays.com\/fr\/wp-json\/wp\/v2\/posts"}],"about":[{"href":"https:\/\/www.europesays.com\/fr\/wp-json\/wp\/v2\/types\/post"}],"author":[{"embeddable":true,"href":"https:\/\/www.europesays.com\/fr\/wp-json\/wp\/v2\/users\/2"}],"replies":[{"embeddable":true,"href":"https:\/\/www.europesays.com\/fr\/wp-json\/wp\/v2\/comments?post=350612"}],"version-history":[{"count":0,"href":"https:\/\/www.europesays.com\/fr\/wp-json\/wp\/v2\/posts\/350612\/revisions"}],"wp:featuredmedia":[{"embeddable":true,"href":"https:\/\/www.europesays.com\/fr\/wp-json\/wp\/v2\/media\/350613"}],"wp:attachment":[{"href":"https:\/\/www.europesays.com\/fr\/wp-json\/wp\/v2\/media?parent=350612"}],"wp:term":[{"taxonomy":"category","embeddable":true,"href":"https:\/\/www.europesays.com\/fr\/wp-json\/wp\/v2\/categories?post=350612"},{"taxonomy":"post_tag","embeddable":true,"href":"https:\/\/www.europesays.com\/fr\/wp-json\/wp\/v2\/tags?post=350612"}],"curies":[{"name":"wp","href":"https:\/\/api.w.org\/{rel}","templated":true}]}}