{"id":350616,"date":"2025-08-28T20:17:13","date_gmt":"2025-08-28T20:17:13","guid":{"rendered":"https:\/\/www.europesays.com\/fr\/350616\/"},"modified":"2025-08-28T20:17:13","modified_gmt":"2025-08-28T20:17:13","slug":"%f0%9f%87%ab%f0%9f%87%b7-nice-147-oiseaux-saisis-dans-deux-appartements-de-lhorreur-police-realites","status":"publish","type":"post","link":"https:\/\/www.europesays.com\/fr\/350616\/","title":{"rendered":"\ud83c\uddeb\ud83c\uddf7 Nice. 147 oiseaux saisis dans deux \u00ab appartements de l\u2019horreur \u00bb \u2013 Police &#038; R\u00e9alit\u00e9s"},"content":{"rendered":"<p>\u00c0 Nice, 147 oiseaux vivant dans des conditions insalubres ont \u00e9t\u00e9 saisis dans deux appartements. Une enqu\u00eate pour maltraitance animale vise un couple de sexag\u00e9naires.<\/p>\n<p><img loading=\"lazy\" data-recalc-dims=\"1\" decoding=\"async\" width=\"640\" height=\"480\" data-attachment-id=\"246531\" data-permalink=\"https:\/\/policeetrealites.com\/img_9173\/\" data-orig-file=\"https:\/\/i0.wp.com\/policeetrealites.com\/wp-content\/uploads\/2025\/08\/img_9173.jpg?fit=704%2C528&amp;ssl=1\" data-orig-size=\"704,528\" data-comments-opened=\"1\" data-image-meta=\"{&quot;aperture&quot;:&quot;0&quot;,&quot;credit&quot;:&quot;&quot;,&quot;camera&quot;:&quot;&quot;,&quot;caption&quot;:&quot;&quot;,&quot;created_timestamp&quot;:&quot;0&quot;,&quot;copyright&quot;:&quot;&quot;,&quot;focal_length&quot;:&quot;0&quot;,&quot;iso&quot;:&quot;0&quot;,&quot;shutter_speed&quot;:&quot;0&quot;,&quot;title&quot;:&quot;&quot;,&quot;orientation&quot;:&quot;1&quot;}\" data-image-title=\"img_9173\" data-image-description=\"\" data-image-caption=\"\" data-medium-file=\"https:\/\/i0.wp.com\/policeetrealites.com\/wp-content\/uploads\/2025\/08\/img_9173.jpg?fit=300%2C225&amp;ssl=1\" data-large-file=\"https:\/\/i0.wp.com\/policeetrealites.com\/wp-content\/uploads\/2025\/08\/img_9173.jpg?fit=640%2C480&amp;ssl=1\" src=\"https:\/\/www.europesays.com\/fr\/wp-content\/uploads\/2025\/08\/img_9173.jpg\" class=\"wp-image-246531\"  \/><\/p>\n<p>147 oiseaux d\u00e9couverts dans des conditions effroyables<\/p>\n<p class=\"p3\">\u00c0 Nice (Alpes-Maritimes), une saisie d\u2019ampleur a eu lieu rue Lamartine. Mercredi matin, policiers, huissiers et associations de protection animale ont d\u00e9couvert deux appartements transform\u00e9s en v\u00e9ritables cages \u00e0 ciel ferm\u00e9, o\u00f9 vivaient 147 oiseaux dans des conditions d\u2019hygi\u00e8ne d\u00e9sastreuses.<\/p>\n<p class=\"p3\">Selon les informations du <a href=\"https:\/\/www.lefigaro.fr\/nice\/tourterelles-perruches-colombes-a-nice-147-oiseaux-saisis-dans-deux-appartements-de-l-horreur-20250828\" target=\"_blank\" rel=\"noreferrer noopener nofollow\">Figaro<\/a>, tourterelles, perruches, colombes et autres esp\u00e8ces exotiques s\u2019entassaient dans des cages rouill\u00e9es, recouvertes de fientes, de plumes et de poussi\u00e8re. Des vid\u00e9os diffus\u00e9es sur les r\u00e9seaux sociaux par le collectif Urgence pour un animal (UPA 06) t\u00e9moignent de la sc\u00e8ne, qualifi\u00e9e d\u2019\u00ab appartements de l\u2019horreur \u00bb.<\/p>\n<p>Des animaux malades et affam\u00e9s<\/p>\n<p class=\"p3\">Selon Muriel Caron, b\u00e9n\u00e9vole \u00e0 l\u2019association La Voli\u00e8re, plusieurs oiseaux \u00e9taient en \u00e9tat critique : \u00ab Certains avaient des tumeurs, d\u2019autres \u00e9taient couverts de parasites. J\u2019ai d\u00e9j\u00e0 particip\u00e9 \u00e0 des saisies, mais celle-ci est l\u2019une des pires \u00bb, a-t-elle d\u00e9clar\u00e9 \u00e0 Nice-Matin. Des \u0153ufs \u00e9clat\u00e9s et m\u00eame des b\u00e9b\u00e9s perruches ont \u00e9t\u00e9 retrouv\u00e9s sur place.<\/p>\n<p><img loading=\"lazy\" data-recalc-dims=\"1\" decoding=\"async\" width=\"592\" height=\"804\" data-attachment-id=\"246532\" data-permalink=\"https:\/\/policeetrealites.com\/img_9174-2\/\" data-orig-file=\"https:\/\/i0.wp.com\/policeetrealites.com\/wp-content\/uploads\/2025\/08\/img_9174.jpg?fit=592%2C804&amp;ssl=1\" data-orig-size=\"592,804\" data-comments-opened=\"1\" data-image-meta=\"{&quot;aperture&quot;:&quot;0&quot;,&quot;credit&quot;:&quot;&quot;,&quot;camera&quot;:&quot;&quot;,&quot;caption&quot;:&quot;&quot;,&quot;created_timestamp&quot;:&quot;0&quot;,&quot;copyright&quot;:&quot;&quot;,&quot;focal_length&quot;:&quot;0&quot;,&quot;iso&quot;:&quot;0&quot;,&quot;shutter_speed&quot;:&quot;0&quot;,&quot;title&quot;:&quot;&quot;,&quot;orientation&quot;:&quot;1&quot;}\" data-image-title=\"img_9174\" data-image-description=\"\" data-image-caption=\"\" data-medium-file=\"https:\/\/i0.wp.com\/policeetrealites.com\/wp-content\/uploads\/2025\/08\/img_9174.jpg?fit=221%2C300&amp;ssl=1\" data-large-file=\"https:\/\/i0.wp.com\/policeetrealites.com\/wp-content\/uploads\/2025\/08\/img_9174.jpg?fit=592%2C804&amp;ssl=1\" src=\"https:\/\/www.europesays.com\/fr\/wp-content\/uploads\/2025\/08\/img_9174.jpg\" class=\"wp-image-246532\"  \/><\/p>\n<p>Une plainte d\u00e9pos\u00e9e pour maltraitance<\/p>\n<p class=\"p3\">Les occupants des lieux, un couple de sexag\u00e9naires, font l\u2019objet d\u2019une plainte pour maltraitance animale. Malgr\u00e9 cela, ils affirment vouloir r\u00e9cup\u00e9rer leurs oiseaux. Pour l\u2019heure, les volatiles ont \u00e9t\u00e9 plac\u00e9s en quarantaine dans les serres de La Voli\u00e8re, \u00e0 Allos (Alpes-de-Haute-Provence), afin de recevoir des soins v\u00e9t\u00e9rinaires adapt\u00e9s.<\/p>\n<p class=\"p3\">Une cagnotte en ligne a \u00e9t\u00e9 lanc\u00e9e pour financer les traitements, l\u2019alimentation et la construction de nouvelles installations d\u2019accueil. Il revient d\u00e9sormais au parquet de Nice de d\u00e9cider d\u2019\u00e9ventuelles poursuites judiciaires.<\/p>\n<p>(Merci Laurent B.)<\/p>\n<p>J\u2019aime \u00e7a\u00a0:<\/p>\n<p>J\u2019aime chargement\u2026<\/p>\n<p><a class=\"sd-link-color\"\/><\/p>\n<p>\tEn savoir plus sur Police &amp; R\u00e9alit\u00e9s<\/p>\n<p class=\"has-text-align-center\" style=\"margin-top:10px;margin-bottom:10px;font-size:15px\">Subscribe to get the latest posts sent to your email.<\/p>\n<p>\t\tContinue Reading<\/p>\n","protected":false},"excerpt":{"rendered":"\u00c0 Nice, 147 oiseaux vivant dans des conditions insalubres ont \u00e9t\u00e9 saisis dans deux appartements. Une enqu\u00eate pour&hellip;\n","protected":false},"author":2,"featured_media":350617,"comment_status":"","ping_status":"","sticky":false,"template":"","format":"standard","meta":{"footnotes":""},"categories":[2819],"tags":[1111,11,1777,674,1011,27,12,2401,882,25],"class_list":{"0":"post-350616","1":"post","2":"type-post","3":"status-publish","4":"format-standard","5":"has-post-thumbnail","7":"category-nice","8":"tag-actu","9":"tag-actualites","10":"tag-eu","11":"tag-europe","12":"tag-fr","13":"tag-france","14":"tag-news","15":"tag-nice","16":"tag-provence-alpes-cote-dazur","17":"tag-republique-francaise"},"share_on_mastodon":{"url":"https:\/\/pubeurope.com\/@fr\/115108239393905912","error":""},"_links":{"self":[{"href":"https:\/\/www.europesays.com\/fr\/wp-json\/wp\/v2\/posts\/350616","targetHints":{"allow":["GET"]}}],"collection":[{"href":"https:\/\/www.europesays.com\/fr\/wp-json\/wp\/v2\/posts"}],"about":[{"href":"https:\/\/www.europesays.com\/fr\/wp-json\/wp\/v2\/types\/post"}],"author":[{"embeddable":true,"href":"https:\/\/www.europesays.com\/fr\/wp-json\/wp\/v2\/users\/2"}],"replies":[{"embeddable":true,"href":"https:\/\/www.europesays.com\/fr\/wp-json\/wp\/v2\/comments?post=350616"}],"version-history":[{"count":0,"href":"https:\/\/www.europesays.com\/fr\/wp-json\/wp\/v2\/posts\/350616\/revisions"}],"wp:featuredmedia":[{"embeddable":true,"href":"https:\/\/www.europesays.com\/fr\/wp-json\/wp\/v2\/media\/350617"}],"wp:attachment":[{"href":"https:\/\/www.europesays.com\/fr\/wp-json\/wp\/v2\/media?parent=350616"}],"wp:term":[{"taxonomy":"category","embeddable":true,"href":"https:\/\/www.europesays.com\/fr\/wp-json\/wp\/v2\/categories?post=350616"},{"taxonomy":"post_tag","embeddable":true,"href":"https:\/\/www.europesays.com\/fr\/wp-json\/wp\/v2\/tags?post=350616"}],"curies":[{"name":"wp","href":"https:\/\/api.w.org\/{rel}","templated":true}]}}