{"id":350626,"date":"2025-08-28T20:27:14","date_gmt":"2025-08-28T20:27:14","guid":{"rendered":"https:\/\/www.europesays.com\/fr\/350626\/"},"modified":"2025-08-28T20:27:14","modified_gmt":"2025-08-28T20:27:14","slug":"les-travaux-seront-ils-termines-pour-la-rentree","status":"publish","type":"post","link":"https:\/\/www.europesays.com\/fr\/350626\/","title":{"rendered":"les travaux seront-ils termin\u00e9s pour la rentr\u00e9e\u00a0?"},"content":{"rendered":"<p>            Par<br \/>\n        <strong><br \/>\n            <a href=\"https:\/\/actu.fr\/auteur\/nina-hossein-zadeh\" title=\"Consulter tous les articles de Nina Hossein-Zadeh\" target=\"_blank\" rel=\"noopener\">Nina Hossein-Zadeh<\/a><br \/>\n        <\/strong><\/p>\n<p>        Publi\u00e9 le<\/p>\n<p>            28 ao\u00fbt 2025 \u00e0 19h26        <\/p>\n<p>L\u2019\u00e9t\u00e9 va doucement toucher \u00e0 sa fin dans la commune de <strong>Tournefeuille<\/strong> pr\u00e8s de <a href=\"https:\/\/actu.fr\/toulouse\/\" target=\"_blank\" rel=\"noopener\"><strong>Toulouse<\/strong><\/a>. Les longues vacances d\u2019\u00e9t\u00e9 avaient \u00e9t\u00e9 propices aux travaux de r\u00e9novation dans certaines \u00e9coles de la ville. R\u00e9am\u00e9nagement des cours pour en faire<a href=\"https:\/\/actu.fr\/occitanie\/toulouse_31555\/quelles-sont-ces-cours-oasis-plus-vegetalisees-mises-en-place-par-la-mairie-de-toulouse_62663351.html\" target=\"_blank\" rel=\"noopener\"> des \u00eelots de fra\u00eecheur<\/a>, r\u00e9novation des parkings, les chantiers ont avanc\u00e9 au fil de l\u2019\u00e9t\u00e9\u2026 Mais seront-ils termin\u00e9s \u00e0 temps pour la rentr\u00e9e, ce lundi 1er\u00a0septembre 2025\u2009?<\/p>\n<p>Plus de deux millions de travaux<\/p>\n<p class=\" wall-content\">Sur Facebook, la Ville a tenu \u00e0 rappeler vendredi 22\u00a0ao\u00fbt le montant investi dans les travaux d\u2019am\u00e9nagement des groupes scolaires de Tournefeuille. Ce ne sont pas moins de <strong>2\u2009500\u2009000\u00a0euros<\/strong> qui ont \u00e9t\u00e9 allou\u00e9s afin de permettre aux \u00e9l\u00e8ves d\u2019avoir un \u00ab\u2009confort suppl\u00e9mentaire pendant les p\u00e9riodes de canicule ou d\u2019hiver\u2009\u00bb.<\/p>\n<p class=\" wall-content\">En effet, quatre groupes scolaires font l\u2019objet de travaux cet \u00e9t\u00e9, pour en faire des \u00e9tablissements plus vertueux. Cours oasis avec \u00eelot de fra\u00eecheur, r\u00e9novation \u00e9nerg\u00e9tique, coup de peinture, installation d\u2019ombri\u00e8re\u2026 Les \u00e9coles se refont une beaut\u00e9 et une sant\u00e9.<\/p>\n<p>Ramener de la fra\u00eecheur<\/p>\n<p class=\" wall-content\">\u00c0 l\u2019ext\u00e9rieur, les cours vont se v\u00e9g\u00e9taliser pour ramener ombre et fra\u00eecheur. Avec les cours oasis, le bitume laisse plus de place \u00e0 des sols en terre, recouverts de copeaux de bois favorisant l\u2019infiltration de l\u2019eau et la v\u00e9g\u00e9tation.<\/p>\n<p class=\" wall-content\">\u00ab\u2009Les plantations seront achev\u00e9es d\u2019ici la fin du mandat. C\u2019est l\u2019occasion de retravailler les acc\u00e8s et les mobilit\u00e9s pour la renaturation afin de faire entrer les \u00eelots de fra\u00eecheur et v\u00e9g\u00e9taliser en donnant du vivant aux cours\u00a0\u00bb, confiait <strong>Isabelle Meiffren<\/strong>, \u00e9lue en charge de l\u2019environnement, \u00e0 Actu Toulouse.<\/p>\n<p>Des travaux pour des \u00e9coles vertueuses<\/p>\n<p class=\" wall-content\">\u00c0 la rentr\u00e9e de septembre, les \u00e9l\u00e8ves des \u00e9coles<strong> Moulin \u00e0 Vent, Georges Lapierre, Pahin<\/strong> et<strong> Petit Train<\/strong> vont donc d\u00e9couvrir une toute nouvelle \u00e9cole. <strong>Bruno Lombardo,<\/strong> \u00e9lu en charge des travaux, en d\u00e9taillait les travaux en cours.<\/p>\n<p class=\" wall-content\">Dans le premier groupe, pour un montant total 1\u2009079\u2009000\u00a0euros, un \u00eelot de fra\u00eecheur, un pr\u00e9au et un voile d\u2019ombrage ont fait leur arriv\u00e9e. Les travaux concern\u00e9s \u00e9galement l\u2019installation d\u2019un r\u00e9seau de chaleur aliment\u00e9 par une pompe \u00e0 chaleur, la reprise des faux plafonds et l\u2019isolation thermique, l\u2019installation d\u2019\u00e9clairage LED ou encore le rehaussement des cl\u00f4tures opaque en p\u00e9riph\u00e9rie du groupe scolaire.<\/p>\n<p>Votre r\u00e9gion, votre actu !<\/p>\n<p>Recevez chaque jour les infos qui comptent pour vous.<\/p>\n<p>\t<a href=\"https:\/\/actu.fr\/newsletter\" class=\"ac-btn ac-btn--corner ac-btn--medium ac-btn--blue800\" target=\"_blank\" rel=\"noopener\">S&rsquo;incrire<\/a><\/p>\n<p class=\" wall-content\">Au sein du groupe scolaire Georges Lapierre, pour 1\u2009200\u2009000\u00a0euros, \u00eelot de fra\u00eecheur, abri \u00e0 l\u2019entr\u00e9e, brise-soleil, d\u00e9bitumisation, et des travaux d\u2019\u00e9conomie d\u2019\u00e9nergie et confort thermique avec pompe \u00e0 chaleur, LED et gestion centralis\u00e9e du chauffage sont \u00e0 l\u2019oeuvre.<\/p>\n<p class=\" wall-content\">Le groupe scolaire du Pahin fait lui l\u2019objet de travaux avec la mise en place de deux climatisations dans les salles polyvalentes et la r\u00e9fection de la plonge pour 49\u2009000\u00a0euros. Au groupe scolaire du Petit Train, c\u2019est une mise en s\u00e9curisation d\u2019un montant de 37\u2009000\u00a0euros avec une cl\u00f4ture opaque qui a \u00e9t\u00e9 install\u00e9e.<\/p>\n<p>Des travaux termin\u00e9s avant lundi 1er\u00a0septembre\u2009?<\/p>\n<p class=\" wall-content\">Le plus gros du chantier a \u00e9t\u00e9 r\u00e9alis\u00e9, mais pour l\u2019instant, les parents sont inquiets. Ils se demandent si l\u2019ensemble des travaux seront termin\u00e9s \u00e0 temps d\u2019ici le lundi 1er\u00a0septembre.<\/p>\n<p class=\" wall-content\">\u00ab\u2009Je suis pass\u00e9e cette semaine \u00e0 l\u2019\u00e9cole Georges Lapierre, les cours ne semblent pas termin\u00e9es ni le parking\u2009? Comment nos enfants vont-ils \u00eatre accueillis\u2009?\u2009\u00bb, se questionne l\u2019un d\u2019eux sur Facebook.<\/p>\n<p class=\" wall-content\">Pas d\u2019inqui\u00e9tudes \u00e0 avoir.<strong> \u00ab\u2009On fait en sorte de pouvoir avancer et terminer pour la rentr\u00e9e\u2009\u00bb<\/strong>, rassure Bruno Lombardo.<\/p>\n<p>    <img   decoding=\"async\" loading=\"lazy\" src=\"https:\/\/www.europesays.com\/fr\/wp-content\/uploads\/2025\/08\/img-2217-960x640.jpg\" alt=\"Les travaux du parking de l'\u00e9cole Georges Lapierre vont se faire en plusieurs \u00e9tapes.\" width=\"960\" height=\"640\"\/><br \/>\n    Les travaux du parking de l\u2019\u00e9cole Georges Lapierre vont se faire en plusieurs \u00e9tapes. (\u00a9Nina Hossein-Zadeh)Un parking pas livr\u00e9 avant la rentr\u00e9e<\/p>\n<p class=\" wall-content\">En effet, la Ville pr\u00e9cise\u2009: \u00ab\u2009Les cours seront bien termin\u00e9es \u00e0 temps pour la rentr\u00e9e\u2009\u00bb. Cependant <strong>les bambins ne verront pas encore la v\u00e9g\u00e9tation verdir les lieux\u2009: elle \u00ab\u2009se fera \u00e0 l\u2019automne\u2009\u00bb.<\/strong><\/p>\n<p class=\" wall-content\">En revanche, les travaux du parking de l\u2019\u00e9cole Georges Lapierre \u00ab\u2009s\u2019effectueront en plusieurs \u00e9tapes\u2009\u00bb. Comme le confie Bruno Lombardo, les abords des \u00e9coles ont aussi \u00e9t\u00e9 r\u00e9nov\u00e9s avec l\u2019am\u00e9nagement de piste cyclable et d\u2019acc\u00e8s s\u00e9curis\u00e9 aux \u00e9coles.<\/p>\n<p class=\" wall-content\">Sur le parking du groupe Georges Lapierre, une ombri\u00e8re photovolta\u00efque va faire son apparition au cours des travaux. <strong>\u00ab\u2009Elle servira \u00e0 alimenter le groupe scolaire en \u00e9lectricit\u00e9.\u2009\u00bb<\/strong><\/p>\n<p>    <img   decoding=\"async\" loading=\"lazy\" src=\"https:\/\/www.europesays.com\/fr\/wp-content\/uploads\/2025\/08\/img-2214-1-960x640.jpg\" alt=\"L'ombri\u00e8re photovolta\u00efque du parking de l'\u00e9cole Georges Lapierre alimentera l'\u00e9tablissement.\" width=\"960\" height=\"640\"\/><br \/>\n    L\u2019ombri\u00e8re photovolta\u00efque du parking de l\u2019\u00e9cole Georges Lapierre alimentera l\u2019\u00e9tablissement. (\u00a9Nina Hossein-Zadeh)<\/p>\n<p class=\" wall-content\">En attendant, \u00ab\u2009tout est mis en \u0153uvre pour assurer que l\u2019environnement soit pr\u00eat et s\u00e9curis\u00e9 pour accueillir vos enfants\u2009\u00bb, d\u2019ici lundi 1er\u00a0septembre.<\/p>\n<p class=\" wall-content\">Personnalisez votre actualit\u00e9 en ajoutant vos villes et m\u00e9dias en favori avec <a href=\"https:\/\/moncompte.actu.fr\" title=\"D\u00e9couvez Mon Actu\" rel=\"nofollow noopener\" data-trk=\"{&quot;cta&quot;:{&quot;action&quot;:&quot;https:\\\/\\\/moncompte.actu.fr&quot;,&quot;category&quot;:&quot;mon compte&quot;,&quot;from&quot;:&quot;article footer&quot;,&quot;name&quot;:&quot;Mon actu&quot;,&quot;type&quot;:&quot;cta&quot;}}\" target=\"_blank\">Mon Actu<\/a>.<\/p>\n","protected":false},"excerpt":{"rendered":"Par Nina Hossein-Zadeh Publi\u00e9 le 28 ao\u00fbt 2025 \u00e0 19h26 L\u2019\u00e9t\u00e9 va doucement toucher \u00e0 sa fin dans&hellip;\n","protected":false},"author":2,"featured_media":350627,"comment_status":"","ping_status":"","sticky":false,"template":"","format":"standard","meta":{"footnotes":""},"categories":[2816],"tags":[1111,11,1777,674,1011,27,12,2680,10918,25,104,2312,2086],"class_list":{"0":"post-350626","1":"post","2":"type-post","3":"status-publish","4":"format-standard","5":"has-post-thumbnail","7":"category-toulouse","8":"tag-actu","9":"tag-actualites","10":"tag-eu","11":"tag-europe","12":"tag-fr","13":"tag-france","14":"tag-news","15":"tag-occitanie","16":"tag-rentree-scolaire","17":"tag-republique-francaise","18":"tag-societe","19":"tag-toulouse","20":"tag-travaux"},"share_on_mastodon":{"url":"https:\/\/pubeurope.com\/@fr\/115108278939683133","error":""},"_links":{"self":[{"href":"https:\/\/www.europesays.com\/fr\/wp-json\/wp\/v2\/posts\/350626","targetHints":{"allow":["GET"]}}],"collection":[{"href":"https:\/\/www.europesays.com\/fr\/wp-json\/wp\/v2\/posts"}],"about":[{"href":"https:\/\/www.europesays.com\/fr\/wp-json\/wp\/v2\/types\/post"}],"author":[{"embeddable":true,"href":"https:\/\/www.europesays.com\/fr\/wp-json\/wp\/v2\/users\/2"}],"replies":[{"embeddable":true,"href":"https:\/\/www.europesays.com\/fr\/wp-json\/wp\/v2\/comments?post=350626"}],"version-history":[{"count":0,"href":"https:\/\/www.europesays.com\/fr\/wp-json\/wp\/v2\/posts\/350626\/revisions"}],"wp:featuredmedia":[{"embeddable":true,"href":"https:\/\/www.europesays.com\/fr\/wp-json\/wp\/v2\/media\/350627"}],"wp:attachment":[{"href":"https:\/\/www.europesays.com\/fr\/wp-json\/wp\/v2\/media?parent=350626"}],"wp:term":[{"taxonomy":"category","embeddable":true,"href":"https:\/\/www.europesays.com\/fr\/wp-json\/wp\/v2\/categories?post=350626"},{"taxonomy":"post_tag","embeddable":true,"href":"https:\/\/www.europesays.com\/fr\/wp-json\/wp\/v2\/tags?post=350626"}],"curies":[{"name":"wp","href":"https:\/\/api.w.org\/{rel}","templated":true}]}}