{"id":350630,"date":"2025-08-28T20:30:23","date_gmt":"2025-08-28T20:30:23","guid":{"rendered":"https:\/\/www.europesays.com\/fr\/350630\/"},"modified":"2025-08-28T20:30:23","modified_gmt":"2025-08-28T20:30:23","slug":"lille-fonce-sur-un-international-indonesien","status":"publish","type":"post","link":"https:\/\/www.europesays.com\/fr\/350630\/","title":{"rendered":"Lille fonce sur un international indon\u00e9sien"},"content":{"rendered":"<p>Apr\u00e8s les d\u00e9parts de Gabriel Gudmundsson \u00e0 Leeds United et la fin de contrat d\u2019Ismaily, <a href=\"https:\/\/www.footmercato.net\/club\/losc\/\" rel=\"nofollow noopener\" target=\"_blank\">Lille<\/a> OSC se cherche un lat\u00e9ral gauche. Si Romain Perraud est l\u2019actuel titulaire depuis son arriv\u00e9e du Real Betis Balompi\u00e9, sa doublure est le jeune Vincent Burlet, qui est revenu d\u2019un pr\u00eat int\u00e9ressant du c\u00f4t\u00e9 du Mans. Cependant, les Dogues aimeraient mettre en place une vraie concurrence pour le poste de titulaire et auraient cibl\u00e9 <a href=\"https:\/\/www.footmercato.net\/joueur\/calvin-verdonk\/\" rel=\"nofollow noopener\" target=\"_blank\">Calvin Verdonk<\/a> selon <a href=\"https:\/\/www.espn.nl\/voetbal\/artikel\/_\/id\/15597634\/lille-brengt-miljoenenbod-uit-op-calvin-verdonk\" rel=\"nofollow noopener\" target=\"_blank\">ESPN<\/a>. <\/p>\n<p>            La suite apr\u00e8s cette publicit\u00e9<\/p>\n<p>Le lat\u00e9ral gauche de 28 ans \u00e9volue aux Pays-Bas du c\u00f4t\u00e9 du <a href=\"https:\/\/www.footmercato.net\/club\/nijmegen-eendracht-combinatie\/\" rel=\"nofollow noopener\" target=\"_blank\">NEC<\/a> Nijmegen depuis 3 ans. Form\u00e9 au Feyenoord o\u00f9 il a connu des pr\u00eats au PEC Zwolle, au NEC Nijmegen et \u00e0 Twente avant d\u2019aller \u00e0 Famalicao au Portugal, il est \u00e9galement international indon\u00e9sien depuis juin 2024. Titulaire lors des trois premiers matches de cette saison, le natif de Dordrecht ferait ainsi l\u2019objet d\u2019une offre de 3 millions de la part des Dogues.  <\/p>\n<p>\n    Pub. le 28\/08\/2025 18:53<br \/>\n            &#8211; MAJ le 28\/08\/2025 21:22\n    <\/p>\n","protected":false},"excerpt":{"rendered":"Apr\u00e8s les d\u00e9parts de Gabriel Gudmundsson \u00e0 Leeds United et la fin de contrat d\u2019Ismaily, Lille OSC se&hellip;\n","protected":false},"author":2,"featured_media":350631,"comment_status":"","ping_status":"","sticky":false,"template":"","format":"standard","meta":{"footnotes":""},"categories":[2815],"tags":[1111,11,1777,674,1011,27,811,1307,12,25],"class_list":{"0":"post-350630","1":"post","2":"type-post","3":"status-publish","4":"format-standard","5":"has-post-thumbnail","7":"category-lille","8":"tag-actu","9":"tag-actualites","10":"tag-eu","11":"tag-europe","12":"tag-fr","13":"tag-france","14":"tag-hauts-de-france","15":"tag-lille","16":"tag-news","17":"tag-republique-francaise"},"share_on_mastodon":{"url":"https:\/\/pubeurope.com\/@fr\/115108290494984827","error":""},"_links":{"self":[{"href":"https:\/\/www.europesays.com\/fr\/wp-json\/wp\/v2\/posts\/350630","targetHints":{"allow":["GET"]}}],"collection":[{"href":"https:\/\/www.europesays.com\/fr\/wp-json\/wp\/v2\/posts"}],"about":[{"href":"https:\/\/www.europesays.com\/fr\/wp-json\/wp\/v2\/types\/post"}],"author":[{"embeddable":true,"href":"https:\/\/www.europesays.com\/fr\/wp-json\/wp\/v2\/users\/2"}],"replies":[{"embeddable":true,"href":"https:\/\/www.europesays.com\/fr\/wp-json\/wp\/v2\/comments?post=350630"}],"version-history":[{"count":0,"href":"https:\/\/www.europesays.com\/fr\/wp-json\/wp\/v2\/posts\/350630\/revisions"}],"wp:featuredmedia":[{"embeddable":true,"href":"https:\/\/www.europesays.com\/fr\/wp-json\/wp\/v2\/media\/350631"}],"wp:attachment":[{"href":"https:\/\/www.europesays.com\/fr\/wp-json\/wp\/v2\/media?parent=350630"}],"wp:term":[{"taxonomy":"category","embeddable":true,"href":"https:\/\/www.europesays.com\/fr\/wp-json\/wp\/v2\/categories?post=350630"},{"taxonomy":"post_tag","embeddable":true,"href":"https:\/\/www.europesays.com\/fr\/wp-json\/wp\/v2\/tags?post=350630"}],"curies":[{"name":"wp","href":"https:\/\/api.w.org\/{rel}","templated":true}]}}