{"id":350632,"date":"2025-08-28T20:31:11","date_gmt":"2025-08-28T20:31:11","guid":{"rendered":"https:\/\/www.europesays.com\/fr\/350632\/"},"modified":"2025-08-28T20:31:11","modified_gmt":"2025-08-28T20:31:11","slug":"le-campement-de-la-capelette-evacue-par-la-police-80-familles-a-la-recherche-dun-logement-digne","status":"publish","type":"post","link":"https:\/\/www.europesays.com\/fr\/350632\/","title":{"rendered":"le campement de la Capelette \u00e9vacu\u00e9 par la police, 80 familles \u00e0 la recherche d&rsquo;un logement \u00ab\u00a0digne\u00a0\u00bb"},"content":{"rendered":"<p>Apr\u00e8s avoir occup\u00e9 depuis\u00a02017 un terrain militaire \u00e0 proximit\u00e9 de la place du g\u00e9n\u00e9ral Ferri\u00e9, \u00e0 <a href=\"https:\/\/www.laprovence.com\/article\/societe\/92968711432755\/quartiers-de-marseille-la-capelette-par-celles-et-ceux-qui-la-font-vivre\" target=\"_blank\" rel=\"noopener\">la Capelette<\/a> (10e), 80 familles soit 108 personnes dont une quarantaine d\u2019enfants ont \u00e9t\u00e9 \u00e9vacu\u00e9es de leur campement par les gendarmes, ce jeudi matin vers 9 h.<\/p>\n<p>Les associations aux c\u00f4t\u00e9s de cette <a href=\"https:\/\/www.laprovence.com\/article\/region\/31397768038821\/installations-illegales-de-gens-du-voyage-il-n-y-a-pas-de-fatalite-a-ce-que-ca-se-passe-mal-juge-le-prefet-des-alpes-de-haute-provence\" target=\"_blank\" rel=\"noopener\">communaut\u00e9 des gens du voyage<\/a> ainsi que leurs avocats d\u00e9noncent \u00ab\u00a0une d\u00e9cision disproportionn\u00e9e et soudaine\u00a0\u00bb, tandis que la pr\u00e9fecture <a href=\"https:\/\/www.laprovence.com\/article\/societe\/8751014764023314\/marseille-le-camp-de-roms-sous-le-metro-de-la-rose-evacue\" target=\"_blank\" rel=\"noopener\">fait valoir l\u2019urgence d\u2019\u00e9vacuer des personnes<\/a> qui vivent sur un site \u00ab\u00a0infest\u00e9 de nuisibles\u00a0\u00bb et jonch\u00e9 de 27\u00a0000\u00a0m\u00e8tres cubes de d\u00e9chets \u00ab\u00a0dangereux pour leur sant\u00e9\u00a0\u00bb.<\/p>\n<p>\u00ab\u00a0On demande juste un logement d\u00e9cent pour nos enfants\u00a0\u00bb<\/p>\n<p>Vers 9 h, Sylvia et Ricardo ont d\u00fb rassembler leurs affaires avant de quitter leur abri de fortune avec leur fils de 3\u00a0ans. Le couple vivait depuis plusieurs ann\u00e9es dans l\u2019une des caravanes gar\u00e9es sur cette parcelle qui \u00ab\u00a0faisait l\u2019objet d\u2019une ordonnance d\u2019expulsion en date du 25\u00a0janvier\u00a02018 confirm\u00e9e par un arr\u00eat de la cour d\u2019appel d\u2019Aix-en-Provence du 21\u00a0mars\u00a02019\u00a0\u00bb, d\u2019apr\u00e8s la pr\u00e9fecture des Bouches-du-Rh\u00f4ne.<\/p>\n<p>\u00ab\u00a0Quand on s\u2019est lev\u00e9s pour voir ce qu\u2019il se passait dehors, on a vu tous les hommes en uniforme bleu qui encadraient le campement. Il a fa&#8230;<\/p>\n","protected":false},"excerpt":{"rendered":"Apr\u00e8s avoir occup\u00e9 depuis\u00a02017 un terrain militaire \u00e0 proximit\u00e9 de la place du g\u00e9n\u00e9ral Ferri\u00e9, \u00e0 la Capelette&hellip;\n","protected":false},"author":2,"featured_media":350633,"comment_status":"","ping_status":"","sticky":false,"template":"","format":"standard","meta":{"footnotes":""},"categories":[2814],"tags":[17,1111,11,41256,48687,1777,674,13275,11265,1011,27,884,12,5912,1072,882,16,25],"class_list":{"0":"post-350632","1":"post","2":"type-post","3":"status-publish","4":"format-standard","5":"has-post-thumbnail","7":"category-marseille","8":"tag-17","9":"tag-actu","10":"tag-actualites","11":"tag-campement","12":"tag-capelette","13":"tag-eu","14":"tag-europe","15":"tag-evacue","16":"tag-familles","17":"tag-fr","18":"tag-france","19":"tag-marseille","20":"tag-news","21":"tag-par","22":"tag-police","23":"tag-provence-alpes-cote-dazur","24":"tag-region","25":"tag-republique-francaise"},"share_on_mastodon":{"url":"https:\/\/pubeurope.com\/@fr\/115108294421515839","error":""},"_links":{"self":[{"href":"https:\/\/www.europesays.com\/fr\/wp-json\/wp\/v2\/posts\/350632","targetHints":{"allow":["GET"]}}],"collection":[{"href":"https:\/\/www.europesays.com\/fr\/wp-json\/wp\/v2\/posts"}],"about":[{"href":"https:\/\/www.europesays.com\/fr\/wp-json\/wp\/v2\/types\/post"}],"author":[{"embeddable":true,"href":"https:\/\/www.europesays.com\/fr\/wp-json\/wp\/v2\/users\/2"}],"replies":[{"embeddable":true,"href":"https:\/\/www.europesays.com\/fr\/wp-json\/wp\/v2\/comments?post=350632"}],"version-history":[{"count":0,"href":"https:\/\/www.europesays.com\/fr\/wp-json\/wp\/v2\/posts\/350632\/revisions"}],"wp:featuredmedia":[{"embeddable":true,"href":"https:\/\/www.europesays.com\/fr\/wp-json\/wp\/v2\/media\/350633"}],"wp:attachment":[{"href":"https:\/\/www.europesays.com\/fr\/wp-json\/wp\/v2\/media?parent=350632"}],"wp:term":[{"taxonomy":"category","embeddable":true,"href":"https:\/\/www.europesays.com\/fr\/wp-json\/wp\/v2\/categories?post=350632"},{"taxonomy":"post_tag","embeddable":true,"href":"https:\/\/www.europesays.com\/fr\/wp-json\/wp\/v2\/tags?post=350632"}],"curies":[{"name":"wp","href":"https:\/\/api.w.org\/{rel}","templated":true}]}}