{"id":350636,"date":"2025-08-28T20:39:23","date_gmt":"2025-08-28T20:39:23","guid":{"rendered":"https:\/\/www.europesays.com\/fr\/350636\/"},"modified":"2025-08-28T20:39:23","modified_gmt":"2025-08-28T20:39:23","slug":"un-agent-de-securite-vise-par-des-tirs-de-mortiers-dartifice-dans-le-centre-commercial-de-la-part-dieu-a-lyon","status":"publish","type":"post","link":"https:\/\/www.europesays.com\/fr\/350636\/","title":{"rendered":"Un agent de s\u00e9curit\u00e9 vis\u00e9 par des tirs de mortiers d&rsquo;artifice dans le centre commercial de la Part-Dieu \u00e0 Lyon"},"content":{"rendered":"<p>L&rsquo;agent de s\u00e9curit\u00e9 a \u00e9t\u00e9 l\u00e9g\u00e8rement bless\u00e9 et aucun passant n&rsquo;a \u00e9t\u00e9 bless\u00e9.\u00a0Pour l&rsquo;instant, les forces de l&rsquo;ordre ont pu interpeller une personne.<\/p>\n<p>Plusieurs tirs de mortiers d&rsquo;artifice ont \u00e9t\u00e9 relev\u00e9s en direction d&rsquo;un agent de s\u00e9curit\u00e9 ce jeudi 28 ao\u00fbt, au <a href=\"https:\/\/www.bfmtv.com\/lyon\/malaises-mouvement-de-foule-un-concert-de-dadju-et-tayc-degenere-dans-un-centre-commercial-lyonnais_AV-202405160975.html\" title=\"Malaises, mouvement de foule: un concert de Dadju et Tayc d\u00e9g\u00e9n\u00e8re dans un centre commercial lyonnais\" class=\"internal_link\" rel=\"nofollow noopener\" target=\"_blank\">centre commercial de la Part-Dieu <\/a>\u00e0 Lyon.<\/p>\n<p>En d\u00e9but de soir\u00e9e, trois personnes sont entr\u00e9es au niveau trois du b\u00e2timent.\u00a0L&rsquo;une est descendue au niveau 0, quand les deux autres sont rest\u00e9es au troisi\u00e8me \u00e9tage pour filmer la sc\u00e8ne.\u00a0La premi\u00e8re a alors fait usage de mortiers d&rsquo;artifice en direction d&rsquo;un agent de s\u00e9curit\u00e9.\u00a0<\/p>\n<p>L&rsquo;agent de s\u00e9curit\u00e9 l\u00e9g\u00e8rement bless\u00e9<\/p>\n<p>Les tirs ont provoqu\u00e9 un important mouvement de foule et une grande panique chez les visiteurs. Pour l&rsquo;instant, les forces de l&rsquo;ordre ont pu interpeller une personne.\u00a0L&rsquo;agent de s\u00e9curit\u00e9 a \u00e9t\u00e9 l\u00e9g\u00e8rement bless\u00e9 et aucun passant n&rsquo;a \u00e9t\u00e9 bless\u00e9.<\/p>\n<p>L&rsquo;ensemble de la circulation des transports en commun (bus, tramways, m\u00e9tro) a \u00e9t\u00e9 interrompu durant plusieurs minutes autour du centre commercial. La circulation a depuis repris.<\/p>\n<p>Les forces de l&rsquo;ordre effectuent encore \u00e0 cette heure des patrouilles pour rassurer et s\u00e9curiser le p\u00e9rim\u00e8tre.<\/p>\n<p>Hugo Caprioli avec Ilyana Hamiti<\/p>\n","protected":false},"excerpt":{"rendered":"L&rsquo;agent de s\u00e9curit\u00e9 a \u00e9t\u00e9 l\u00e9g\u00e8rement bless\u00e9 et aucun passant n&rsquo;a \u00e9t\u00e9 bless\u00e9.\u00a0Pour l&rsquo;instant, les forces de l&rsquo;ordre&hellip;\n","protected":false},"author":2,"featured_media":350637,"comment_status":"","ping_status":"","sticky":false,"template":"","format":"standard","meta":{"footnotes":""},"categories":[1889],"tags":[1111,11,2430,1777,674,1011,27,2428,12,25],"class_list":{"0":"post-350636","1":"post","2":"type-post","3":"status-publish","4":"format-standard","5":"has-post-thumbnail","7":"category-lyon","8":"tag-actu","9":"tag-actualites","10":"tag-auvergne-rhone-alpes","11":"tag-eu","12":"tag-europe","13":"tag-fr","14":"tag-france","15":"tag-lyon","16":"tag-news","17":"tag-republique-francaise"},"share_on_mastodon":{"url":"https:\/\/pubeurope.com\/@fr\/115108325835797630","error":""},"_links":{"self":[{"href":"https:\/\/www.europesays.com\/fr\/wp-json\/wp\/v2\/posts\/350636","targetHints":{"allow":["GET"]}}],"collection":[{"href":"https:\/\/www.europesays.com\/fr\/wp-json\/wp\/v2\/posts"}],"about":[{"href":"https:\/\/www.europesays.com\/fr\/wp-json\/wp\/v2\/types\/post"}],"author":[{"embeddable":true,"href":"https:\/\/www.europesays.com\/fr\/wp-json\/wp\/v2\/users\/2"}],"replies":[{"embeddable":true,"href":"https:\/\/www.europesays.com\/fr\/wp-json\/wp\/v2\/comments?post=350636"}],"version-history":[{"count":0,"href":"https:\/\/www.europesays.com\/fr\/wp-json\/wp\/v2\/posts\/350636\/revisions"}],"wp:featuredmedia":[{"embeddable":true,"href":"https:\/\/www.europesays.com\/fr\/wp-json\/wp\/v2\/media\/350637"}],"wp:attachment":[{"href":"https:\/\/www.europesays.com\/fr\/wp-json\/wp\/v2\/media?parent=350636"}],"wp:term":[{"taxonomy":"category","embeddable":true,"href":"https:\/\/www.europesays.com\/fr\/wp-json\/wp\/v2\/categories?post=350636"},{"taxonomy":"post_tag","embeddable":true,"href":"https:\/\/www.europesays.com\/fr\/wp-json\/wp\/v2\/tags?post=350636"}],"curies":[{"name":"wp","href":"https:\/\/api.w.org\/{rel}","templated":true}]}}