{"id":350638,"date":"2025-08-28T20:40:09","date_gmt":"2025-08-28T20:40:09","guid":{"rendered":"https:\/\/www.europesays.com\/fr\/350638\/"},"modified":"2025-08-28T20:40:09","modified_gmt":"2025-08-28T20:40:09","slug":"les-routes-a-eviter-a-paris-et-en-ile-de-france-pour-ce-dernier-week-end-de-vacances","status":"publish","type":"post","link":"https:\/\/www.europesays.com\/fr\/350638\/","title":{"rendered":"les routes \u00e0 \u00e9viter \u00e0 Paris et en \u00cele-de-France pour ce dernier week-end de vacances"},"content":{"rendered":"<p>            Par<br \/>\n        <strong><br \/>\n            <a href=\"https:\/\/actu.fr\/auteur\/redaction-paris\" title=\"Consulter tous les articles de R\u00e9daction Paris\" rel=\"nofollow noopener\" target=\"_blank\">R\u00e9daction Paris<\/a><br \/>\n        <\/strong><\/p>\n<p>        Publi\u00e9 le<\/p>\n<p>            28 ao\u00fbt 2025 \u00e0 18h20        <\/p>\n<p>J-4 avant la <strong>rentr\u00e9e scolaire<\/strong>. L\u2019heure est bient\u00f4t arriv\u00e9e pour les derniers <a href=\"https:\/\/actu.fr\/tag\/vacances-scolaires\" rel=\"nofollow noopener\" target=\"_blank\">vacanciers<\/a> de reprendre la route. Un trajet qui, selon les pr\u00e9visions de <a href=\"https:\/\/actu.fr\/tag\/bison-fute\" rel=\"nofollow noopener\" target=\"_blank\">Bison Fut\u00e9<\/a>, risque de prendre plus de temps que pr\u00e9vu en raison de la <a href=\"https:\/\/actu.fr\/tag\/circulation\" rel=\"nofollow noopener\" target=\"_blank\">circulation<\/a> tr\u00e8s dense annonc\u00e9e sur certains axes, notamment \u00e0 Paris et en \u00cele-de-France.<\/p>\n<p>Vendredi 29\u00a0ao\u00fbt 2025<\/p>\n<p class=\" wall-content\">La journ\u00e9e sera class\u00e9e verte dans le sens des d\u00e9parts et <strong>rouge<\/strong> dans celui des retours. Le centre national d\u2019information routi\u00e8re annonce le d\u00e9but des ralentissements d\u00e8s le d\u00e9but de l\u2019apr\u00e8s-midi sur l\u2019autoroute A10 entre la barri\u00e8re de p\u00e9age de Saint-Arnoult-en-Yvelines et la commune de Wissous, puis sur l\u2019autoroute A6, entre les communes de Corbeil-Essonnes et de Wissous. La circulation sera dense jusque tard dans la soir\u00e9e.<\/p>\n<p class=\" wall-content\"><strong>Les conseils de Bison Fut\u00e9<\/strong><\/p>\n<p class=\" wall-content\">Dans le sens des d\u00e9parts\u2009:<\/p>\n<p class=\" wall-content\">\u2013 \u00e9vitez l\u2019autoroute A10, entre Poitiers et Bordeaux, de 15h \u00e0 18h,<br \/>\u2013 \u00e9vitez l\u2019autoroute A7, entre Lyon et Orange, de 15h \u00e0 19h, et entre Orange et Marseille, de 17h \u00e0 19h,<br \/>\u2013 \u00e9vitez l\u2019autoroute A50, entre Marseille et Toulon, de 16h \u00e0 19h,<br \/>\u2013 \u00e9vitez l\u2019autoroute A9, entre Montpellier et Narbonne, de 15h \u00e0 18h,<br \/>\u2013 \u00e9vitez l\u2019autoroute A54 et la route nationale 113, entre N\u00eemes et Salon-de-Provence, de 15h \u00e0 18h,<br \/>\u2013 \u00e9vitez l\u2019autoroute A62, entre Bordeaux et Toulouse, de 16h \u00e0 20h,<br \/>\u2013 \u00e9vitez l\u2019autoroute A61, entre Toulouse et Narbonne, de 16h \u00e0 19h.<\/p>\n<p class=\" wall-content\">Dans le sens des retours\u2009:<\/p>\n<p class=\" wall-content\">\u2013 rejoignez ou traversez l\u2019\u00cele-de-France avant 11h ou apr\u00e8s minuit,<br \/>\u2013 \u00e9vitez l\u2019autoroute A9, entre Narbonne et Orange, de 15h \u00e0 17h,<br \/>\u2013 \u00e9vitez l\u2019autoroute A57, entre Le Luc et Toulon, de 17h \u00e0 19h,<br \/>\u2013 \u00e9vitez l\u2019autoroute A50, entre Toulon et Marseille, de 17h \u00e0 19h,<br \/>\u2013 \u00e9vitez l\u2019autoroute A8, entre l\u2019Italie et La Fare-les-Oliviers, de 17h \u00e0 19h,<br \/>\u2013 \u00e9vitez l\u2019autoroute A7, entre Marseille et Orange, de 10h \u00e0 18h, et entre Orange et Lyon, de 12h \u00e0 20h.<\/p>\n<p>Samedi 30\u00a0ao\u00fbt 2025<\/p>\n<p class=\" wall-content\">La journ\u00e9e sera toujours verte dans le sens des d\u00e9parts. L\u00e9g\u00e8re <strong>am\u00e9lioration<\/strong> dans celui des retours qui est class\u00e9 orange. Comme la veille, les premiers ralentissements pourraient appara\u00eetre d\u00e8s la fin de matin\u00e9e sur l\u2019autoroute A10 entre Janvry et Wissous puis sur l\u2019autoroute A6 entre Corbeil-Essonnes et Wissous. Attention, l\u2019acc\u00e8s aux portes de Paris et aux rocades sera difficile. Pas d\u2019am\u00e9lioration pr\u00e9vue avant la fin de la soir\u00e9e.<\/p>\n<p>Votre r\u00e9gion, votre actu !<\/p>\n<p>Recevez chaque jour les infos qui comptent pour vous.<\/p>\n<p>\t<a href=\"https:\/\/actu.fr\/newsletter\" class=\"ac-btn ac-btn--corner ac-btn--medium ac-btn--blue800\" rel=\"nofollow noopener\" target=\"_blank\">S&rsquo;incrire<\/a><\/p>\n<p class=\" wall-content\"><strong>Les conseils de Bison Fut\u00e9<\/strong><\/p>\n<p class=\" wall-content\">Dans le sens des d\u00e9parts\u2009:<\/p>\n<p class=\" wall-content\">\u2013 \u00e9vitez l\u2019autoroute A7, entre Lyon et Orange, de 11h \u00e0 17h,<br \/>\u2013 \u00e9vitez l\u2019autoroute A75, entre Clermont-Ferrand et B\u00e9ziers, de 10h \u00e0 13h,<br \/>\u2013 \u00e9vitez la route nationale RN85, entre Grenoble et Gap, de 10h \u00e0 12h,<br \/>\u2013 \u00e9vitez le tunnel du Mont-Blanc (N205), entre la France et l\u2019Italie, de 8h \u00e0 19h,<br \/>\u2013 \u00e9vitez l\u2019autoroute A46 et la route nationale 346 pour le contournement Est de Lyon, de 12h \u00e0 15h.<\/p>\n<p class=\" wall-content\">Dans le sens des retours\u2009:<\/p>\n<p class=\" wall-content\">\u2013 rejoignez ou traversez l\u2019\u00cele-de-France avant 10h ou apr\u00e8s minuit,<br \/>\u2013 \u00e9vitez l\u2019autoroute A11, entre Nantes et Angers, de 10h \u00e0 18h et entre Angers et Paris, de 11h \u00e0 15h,<br \/>\u2013 \u00e9vitez l\u2019autoroute A10, entre Bordeaux et Poitiers, de 8h \u00e0 19h et entre Poitiers et Tours, de 10h \u00e0 19h,<br \/>\u2013 \u00e9vitez l\u2019autoroute A9, entre l\u2019Espagne et Narbonne, de 10h \u00e0 19h, entre Narbonne et Montpellier, de 10h et 16h et entre Montpellier et Orange, de 15h \u00e0 18h,<br \/>\u2013 \u00e9vitez l\u2019autoroute A7, entre Marseille et Orange, de 11h \u00e0 15h et entre Orange et Lyon, de 8h \u00e0 19h,<br \/>\u2013 \u00e9vitez l\u2019autoroute A6, entre Lyon et Beaune, de 11h \u00e0 19h,<br \/>\u2013 \u00e9vitez l\u2019autoroute A71, entre Bourges et Orl\u00e9ans, de 15h \u00e0 17h,<br \/>\u2013 \u00e9vitez le tunnel du Mont-Blanc (N205), entre l\u2019Italie et la France, de 10h \u00e0 19h.<\/p>\n<p>Dimanche 31\u00a0ao\u00fbt 2025<\/p>\n<p class=\" wall-content\">M\u00eame situation que la veille\u2009: vert pour les d\u00e9parts, <strong>orange<\/strong> pour les retours. Attention cependant, \u00ab\u2009d\u00e8s la fin de matin\u00e9e, la circulation sera dense sur les autoroutes A10 et A6. Des difficult\u00e9s de circulation ou des ralentissements devraient \u00eatre enregistr\u00e9s tout au long de l\u2019apr\u00e8s-midi sur ces axes et pourraient \u00eatre encore pr\u00e9sents jusque tard dans la soir\u00e9e\u2009\u00bb, fait savoir Bison Fut\u00e9. Des difficult\u00e9s de circulation pourraient survenir sur l\u2019autoroute A13, d\u00e8s le milieu d\u2019apr\u00e8s-midi.<\/p>\n<p class=\" wall-content\"><strong>Les conseils de Bison Fut\u00e9<\/strong><\/p>\n<p class=\" wall-content\">Dans le sens des retours\u2009:<\/p>\n<p class=\" wall-content\">\u2013 rejoignez ou traversez l\u2019\u00cele-de-France avant 10h ou apr\u00e8s 23h,<br \/>\u2013 \u00e9vitez l\u2019autoroute A16, entre la Belgique et Amiens, de 18h \u00e0 20h,<br \/>\u2013 \u00e9vitez l\u2019autoroute A25, entre Socx et Lille, de 18h et 20h,<br \/>\u2013 \u00e9vitez l\u2019autoroute A13, entre Caen et Paris, de 14h \u00e0 20h,<br \/>\u2013 \u00e9vitez l\u2019autoroute A11, entre Nantes et Angers, de 11h \u00e0 19h et entre Angers et Paris, de 15h \u00e0 18h,<br \/>\u2013 \u00e9vitez l\u2019autoroute A10, entre Poitiers et Tours, de 10h \u00e0 19h.<\/p>\n<p class=\" wall-content\">Personnalisez votre actualit\u00e9 en ajoutant vos villes et m\u00e9dias en favori avec <a href=\"https:\/\/moncompte.actu.fr\" title=\"D\u00e9couvez Mon Actu\" rel=\"nofollow noopener\" data-trk=\"{&quot;cta&quot;:{&quot;action&quot;:&quot;https:\\\/\\\/moncompte.actu.fr&quot;,&quot;category&quot;:&quot;mon compte&quot;,&quot;from&quot;:&quot;article footer&quot;,&quot;name&quot;:&quot;Mon actu&quot;,&quot;type&quot;:&quot;cta&quot;}}\" target=\"_blank\">Mon Actu<\/a>.<\/p>\n","protected":false},"excerpt":{"rendered":"Par R\u00e9daction Paris Publi\u00e9 le 28 ao\u00fbt 2025 \u00e0 18h20 J-4 avant la rentr\u00e9e scolaire. L\u2019heure est bient\u00f4t&hellip;\n","protected":false},"author":2,"featured_media":350639,"comment_status":"","ping_status":"","sticky":false,"template":"","format":"standard","meta":{"footnotes":""},"categories":[1592],"tags":[1111,11,6427,3542,1777,674,1011,27,662,12,626,25,104,3176],"class_list":{"0":"post-350638","1":"post","2":"type-post","3":"status-publish","4":"format-standard","5":"has-post-thumbnail","7":"category-ile-de-france","8":"tag-actu","9":"tag-actualites","10":"tag-bison-fute","11":"tag-circulation","12":"tag-eu","13":"tag-europe","14":"tag-fr","15":"tag-france","16":"tag-ile-de-france","17":"tag-news","18":"tag-paris","19":"tag-republique-francaise","20":"tag-societe","21":"tag-vacances-scolaires"},"share_on_mastodon":{"url":"https:\/\/pubeurope.com\/@fr\/115108329786373295","error":""},"_links":{"self":[{"href":"https:\/\/www.europesays.com\/fr\/wp-json\/wp\/v2\/posts\/350638","targetHints":{"allow":["GET"]}}],"collection":[{"href":"https:\/\/www.europesays.com\/fr\/wp-json\/wp\/v2\/posts"}],"about":[{"href":"https:\/\/www.europesays.com\/fr\/wp-json\/wp\/v2\/types\/post"}],"author":[{"embeddable":true,"href":"https:\/\/www.europesays.com\/fr\/wp-json\/wp\/v2\/users\/2"}],"replies":[{"embeddable":true,"href":"https:\/\/www.europesays.com\/fr\/wp-json\/wp\/v2\/comments?post=350638"}],"version-history":[{"count":0,"href":"https:\/\/www.europesays.com\/fr\/wp-json\/wp\/v2\/posts\/350638\/revisions"}],"wp:featuredmedia":[{"embeddable":true,"href":"https:\/\/www.europesays.com\/fr\/wp-json\/wp\/v2\/media\/350639"}],"wp:attachment":[{"href":"https:\/\/www.europesays.com\/fr\/wp-json\/wp\/v2\/media?parent=350638"}],"wp:term":[{"taxonomy":"category","embeddable":true,"href":"https:\/\/www.europesays.com\/fr\/wp-json\/wp\/v2\/categories?post=350638"},{"taxonomy":"post_tag","embeddable":true,"href":"https:\/\/www.europesays.com\/fr\/wp-json\/wp\/v2\/tags?post=350638"}],"curies":[{"name":"wp","href":"https:\/\/api.w.org\/{rel}","templated":true}]}}