{"id":350640,"date":"2025-08-28T20:41:16","date_gmt":"2025-08-28T20:41:16","guid":{"rendered":"https:\/\/www.europesays.com\/fr\/350640\/"},"modified":"2025-08-28T20:41:16","modified_gmt":"2025-08-28T20:41:16","slug":"montereau-la-ligne-de-bus-express-46-qui-relie-melun-va-enfin-sarreter-a-surville-mais-plus-a-saint-nicolas","status":"publish","type":"post","link":"https:\/\/www.europesays.com\/fr\/350640\/","title":{"rendered":"Montereau. La ligne de bus Express 46 qui relie Melun va enfin s&rsquo;arr\u00eater \u00e0 Surville, mais plus \u00e0 Saint-Nicolas"},"content":{"rendered":"<p>            Par<br \/>\n        <strong><br \/>\n            <a href=\"https:\/\/actu.fr\/auteur\/geoffrey-faucheux\" title=\"Consulter tous les articles de Geoffrey Faucheux\" rel=\"nofollow noopener\" target=\"_blank\">Geoffrey Faucheux<\/a><br \/>\n        <\/strong><\/p>\n<p>        Publi\u00e9 le<\/p>\n<p>            28 ao\u00fbt 2025 \u00e0 18h04        <\/p>\n<p>Enfin ! Les habitants de la ville haute le r\u00e9clamaient depuis de nombreuses ann\u00e9es et c\u2019est d\u00e9sormais chose faite. \u00c0 partir du lundi 1er\u00a0septembre, la ligne <b>Express 46<\/b>, qui relie <a href=\"https:\/\/actu.fr\/?s=montereau\" rel=\"nofollow noopener\" target=\"_blank\">Montereau<\/a> \u00e0 <a href=\"https:\/\/actu.fr\/?s=melun\" rel=\"nofollow noopener\" target=\"_blank\">Melun<\/a>, desservira <b>Surville<\/b>. Gr\u00e2ce \u00e0 un travail effectu\u00e9 avec \u00cele-de-France Mobilit\u00e9s (IDFM), autorit\u00e9 organisatrice des transports dans la r\u00e9gion, la municipalit\u00e9 a obtenu gain de cause avec la cr\u00e9ation d\u2019un nouvel arr\u00eat de bus situ\u00e9 <b>avenue de la Libert\u00e9<\/b>.<\/p>\n<p>\u00ab Aller \u00e0 jusqu\u2019\u00e0 Saint-Nicolas, ce n\u2019est pas pratique \u00bb<\/p>\n<p class=\" wall-content\">Une d\u00e9cision on ne peut plus logique selon le maire, <b>James Ch\u00e9ron<\/b> : \u00ab Les habitants de Montereau repr\u00e9sentent <b>90 % des usagers<\/b> de cette ligne et Surville repr\u00e9sente <b>11 000\u00a0habitants<\/b> (soit la moiti\u00e9 des quelque 22 000\u00a0habitants de la commune, ndlr). C\u2019est plus grand que toutes les autres communes de cette ligne Express. Il n\u2019\u00e9tait donc pas normal que le quartier ne soit pas desservi \u00bb, estime ainsi l\u2019\u00e9lu.<\/p>\n<p class=\" wall-content\">Jusqu\u2019alors, les Monterelais domicili\u00e9s en ville haute devaient effectuer un petit p\u00e9riple pour rejoindre l\u2019arr\u00eat de bus le plus proche desservi par cette ligne, \u00e0 savoir l\u2019<b>arr\u00eat Saint-Nicolas<\/b>, situ\u00e9 dans le bas de la c\u00f4te de Surville : \u00ab Aller de Surville \u00e0 Saint-Nicolas, ce n\u2019est pas tr\u00e8s pratique. Soit vous passez par la <b>c\u00f4te des Boulains<\/b> et c\u2019est tr\u00e8s pentu, soit par le bois et c\u2019est un tout petit chemin \u00bb, explique le premier \u00e9dile.<\/p>\n<p class=\" wall-content\">Qui plus est, l\u2019arr\u00eat Saint-Nicolas est connu pour sa <b>dangerosit\u00e9<\/b>. Localis\u00e9 au bord d\u2019une route \u00e0 quatre voies tr\u00e8s fr\u00e9quent\u00e9e, il ne poss\u00e8de pas de passage pi\u00e9ton s\u00e9curis\u00e9 \u00e0 proximit\u00e9.<\/p>\n<p class=\" wall-content\">\u00ab Les voyageurs vont rarement jusqu\u2019au feu de signalisation et <b>traversent la quatre voies<\/b>, parfois m\u00eame avec des poussettes. Nous avons travaill\u00e9 avec le D\u00e9partement pour voir si un am\u00e9nagement \u00e9tait possible, mais ce n\u2019est pas le cas. D\u2019o\u00f9 notre volont\u00e9 d\u2019avoir un arr\u00eat qui dessert directement Surville \u00bb, souligne James Ch\u00e9ron.<\/p>\n<p>Un arr\u00eat d\u00e9di\u00e9 \u00e0 la ligne 46<\/p>\n<p class=\" wall-content\">Ce nouvel arr\u00eat, nomm\u00e9 <b>arr\u00eat Diderot<\/b>, sera situ\u00e9 sur le c\u00f4t\u00e9 du magasin Carrefour, dans le sens Montereau-Melun, et \u00e0 proximit\u00e9 de la boulangerie, dans le sens Melun-Montereau.<\/p>\n<p>Votre r\u00e9gion, votre actu !<\/p>\n<p>Recevez chaque jour les infos qui comptent pour vous.<\/p>\n<p>\t<a href=\"https:\/\/actu.fr\/newsletter\" class=\"ac-btn ac-btn--corner ac-btn--medium ac-btn--blue800\" rel=\"nofollow noopener\" target=\"_blank\">S&rsquo;incrire<\/a><\/p>\n<p class=\" wall-content\">\u00c0 noter que cette nouveaut\u00e9 ne devrait pas rallonger outre mesure le temps de trajet de l\u2019Express 46, puisque l\u2019arr\u00eat Saint-Nicolas ne sera, lui, plus desservi par cette ligne. Autre pr\u00e9cision importante, ce nouvel arr\u00eat sera utilis\u00e9 <b>uniquement par cette ligne<\/b>. Les autres bus monterelais ne s\u2019arr\u00eateront donc pas \u00e0 Diderot.<\/p>\n<p class=\" wall-content\">Pour ce qui est du calendrier, les travaux pour am\u00e9nager un quai de bus c\u00f4t\u00e9 Carrefour et un autre c\u00f4t\u00e9 boulangerie ont d\u00e9but\u00e9 le 18\u00a0ao\u00fbt et dureront deux semaines pour \u00eatre fin pr\u00eats le 1er\u00a0septembre. Un abribus sera ensuite install\u00e9, <b>uniquement c\u00f4t\u00e9 Carrefour <\/b>(sens Montereau-Melun), \u00e0 l\u2019automne. Enfin, sur le volet financier, cette op\u00e9ration, qui implique aussi la reprise de plusieurs intersections afin que les bus puissent tourner plus facilement, s\u2019\u00e9l\u00e8ve \u00e0 environ <b>40 000\u00a0\u20ac<\/b>, dont 22 000\u00a0\u20ac financ\u00e9s par IDFM.<\/p>\n<p class=\" wall-content\">*La ligne Express 46 dessert aussi Valence-en-Brie, Pamfou, Le Ch\u00e2telet-en-Brie, Sivry-Courtry et Vaux-le-P\u00e9nil.<\/p>\n<p>Pour consulter les horaires de la ligne Express 46, rendez-vous sur www.iledefrance-mobilites.fr.<\/p>\n<p class=\" wall-content\">Personnalisez votre actualit\u00e9 en ajoutant vos villes et m\u00e9dias en favori avec <a href=\"https:\/\/moncompte.actu.fr\" title=\"D\u00e9couvez Mon Actu\" rel=\"nofollow noopener\" data-trk=\"{&quot;cta&quot;:{&quot;action&quot;:&quot;https:\\\/\\\/moncompte.actu.fr&quot;,&quot;category&quot;:&quot;mon compte&quot;,&quot;from&quot;:&quot;article footer&quot;,&quot;name&quot;:&quot;Mon actu&quot;,&quot;type&quot;:&quot;cta&quot;}}\" target=\"_blank\">Mon Actu<\/a>.<\/p>\n","protected":false},"excerpt":{"rendered":"Par Geoffrey Faucheux Publi\u00e9 le 28 ao\u00fbt 2025 \u00e0 18h04 Enfin ! Les habitants de la ville haute&hellip;\n","protected":false},"author":2,"featured_media":350641,"comment_status":"","ping_status":"","sticky":false,"template":"","format":"standard","meta":{"footnotes":""},"categories":[1592],"tags":[1111,11,1777,674,1011,27,662,10883,12,626,25,104,2803],"class_list":{"0":"post-350640","1":"post","2":"type-post","3":"status-publish","4":"format-standard","5":"has-post-thumbnail","7":"category-ile-de-france","8":"tag-actu","9":"tag-actualites","10":"tag-eu","11":"tag-europe","12":"tag-fr","13":"tag-france","14":"tag-ile-de-france","15":"tag-ile-de-france-mobilites","16":"tag-news","17":"tag-paris","18":"tag-republique-francaise","19":"tag-societe","20":"tag-transport"},"share_on_mastodon":{"url":"https:\/\/pubeurope.com\/@fr\/115108333802535257","error":""},"_links":{"self":[{"href":"https:\/\/www.europesays.com\/fr\/wp-json\/wp\/v2\/posts\/350640","targetHints":{"allow":["GET"]}}],"collection":[{"href":"https:\/\/www.europesays.com\/fr\/wp-json\/wp\/v2\/posts"}],"about":[{"href":"https:\/\/www.europesays.com\/fr\/wp-json\/wp\/v2\/types\/post"}],"author":[{"embeddable":true,"href":"https:\/\/www.europesays.com\/fr\/wp-json\/wp\/v2\/users\/2"}],"replies":[{"embeddable":true,"href":"https:\/\/www.europesays.com\/fr\/wp-json\/wp\/v2\/comments?post=350640"}],"version-history":[{"count":0,"href":"https:\/\/www.europesays.com\/fr\/wp-json\/wp\/v2\/posts\/350640\/revisions"}],"wp:featuredmedia":[{"embeddable":true,"href":"https:\/\/www.europesays.com\/fr\/wp-json\/wp\/v2\/media\/350641"}],"wp:attachment":[{"href":"https:\/\/www.europesays.com\/fr\/wp-json\/wp\/v2\/media?parent=350640"}],"wp:term":[{"taxonomy":"category","embeddable":true,"href":"https:\/\/www.europesays.com\/fr\/wp-json\/wp\/v2\/categories?post=350640"},{"taxonomy":"post_tag","embeddable":true,"href":"https:\/\/www.europesays.com\/fr\/wp-json\/wp\/v2\/tags?post=350640"}],"curies":[{"name":"wp","href":"https:\/\/api.w.org\/{rel}","templated":true}]}}