{"id":350644,"date":"2025-08-28T20:43:13","date_gmt":"2025-08-28T20:43:13","guid":{"rendered":"https:\/\/www.europesays.com\/fr\/350644\/"},"modified":"2025-08-28T20:43:13","modified_gmt":"2025-08-28T20:43:13","slug":"on-na-plus-de-client-discorde-autour-dun-arrete-obligeant-les-coiffeurs-afro-a-fermer-a-20h","status":"publish","type":"post","link":"https:\/\/www.europesays.com\/fr\/350644\/","title":{"rendered":"\u00ab On n\u2019a plus de client \u00bb\u2026 Discorde autour d\u2019un arr\u00eat\u00e9 obligeant les coiffeurs afro \u00e0 fermer \u00e0 20h"},"content":{"rendered":"<p class=\"mb-4 text-lg md:leading-8 break-words\"><strong>RIDEAU &#8211; A Paris, le quartier de Ch\u00e2teau d\u2019Eau, haut lieu de la coiffure afro, doit fermer ses commerces \u00e0 20h depuis d\u00e9cembre, sur d\u00e9cision pr\u00e9fectorale. Les professionnels d\u00e9noncent une \u00ab\u00a0\u00e9norme baisse du chiffre d\u2019affaires\u00a0\u00bb<\/strong><\/p>\n<p class=\"mb-4 text-lg md:leading-8 break-words\">Le soir venu, les <a href=\"https:\/\/www.20minutes.fr\/dossier\/coiffure?at_medium=RSS%20feed&amp;at_campaign=ynews&amp;utm_source=yahoo&amp;utm_medium=rss&amp;utm_campaign=news_feed&amp;utm_content=in_article_link\" rel=\"nofollow noopener\" target=\"_blank\" data-ylk=\"slk:salons de coiffure;elm:context_link;itc:0;sec:content-canvas\" class=\"link \">salons de coiffure<\/a> du quartier de Ch\u00e2teau d\u2019Eau \u00e0 <a href=\"https:\/\/www.20minutes.fr\/paris\/?at_medium=RSS%20feed&amp;at_campaign=ynews&amp;utm_source=yahoo&amp;utm_medium=rss&amp;utm_campaign=news_feed&amp;utm_content=in_article_link\" rel=\"nofollow noopener\" target=\"_blank\" data-ylk=\"slk:Paris;elm:context_link;itc:0;sec:content-canvas\" class=\"link \">Paris<\/a> s\u2019illuminaient autrefois de conversations tr\u00e8s anim\u00e9es, de musique et de ciseaux en action. D\u00e9sormais, c\u2019est rideau \u00e0 20 heures. Depuis d\u00e9cembre, un <a href=\"https:\/\/www.20minutes.fr\/dossier\/prefecture?at_medium=RSS%20feed&amp;at_campaign=ynews&amp;utm_source=yahoo&amp;utm_medium=rss&amp;utm_campaign=news_feed&amp;utm_content=in_article_link\" rel=\"nofollow noopener\" target=\"_blank\" data-ylk=\"slk:arr\u00eat\u00e9 pr\u00e9fectoral;elm:context_link;itc:0;sec:content-canvas\" class=\"link \">arr\u00eat\u00e9 pr\u00e9fectoral<\/a> impose aux commerces du quartier du Xe arrondissement de fermer plus t\u00f4t, au grand d\u00e9sarroi des coiffeurs afro pour qui la soir\u00e9e repr\u00e9sentait le moment le plus lucratif de la journ\u00e9e.<\/p>\n<p class=\"mb-4 text-lg md:leading-8 break-words\">Derri\u00e8re les vitrines charg\u00e9es de perruques et cosm\u00e9tiques, le constat est amer. \u00ab\u00a0On n\u2019a plus de clients, tout le monde a fui\u00a0\u00bb, soupire Salimatou, employ\u00e9e depuis 15 ans dans un salon embl\u00e9matique. Elle d\u00e9crit une \u00ab\u00a0\u00e9norme baisse du chiffre d\u2019affaires\u00a0\u00bb qui emp\u00eache de \u00ab\u00a0payer les <a href=\"https:\/\/www.20minutes.fr\/dossier\/loyer?at_medium=RSS%20feed&amp;at_campaign=ynews&amp;utm_source=yahoo&amp;utm_medium=rss&amp;utm_campaign=news_feed&amp;utm_content=in_article_link\" rel=\"nofollow noopener\" target=\"_blank\" data-ylk=\"slk:loyers;elm:context_link;itc:0;sec:content-canvas\" class=\"link \">loyers<\/a>\u00a0\u00bb.<\/p>\n<p>Les habitants applaudissent l\u2019arr\u00eat\u00e9<\/p>\n<p class=\"mb-4 text-lg md:leading-8 break-words\">M\u00eame alerte chez Christian Sidib\u00e9, patron d\u2019un \u00e9tablissement depuis dix ans, qui estime perdre \u00ab\u00a0entre 8.000 et 10.000 euros par an\u00a0\u00bb. Avec 26 confr\u00e8res, il a saisi la <a href=\"https:\/\/www.20minutes.fr\/justice\/?at_medium=RSS%20feed&amp;at_campaign=ynews&amp;utm_source=yahoo&amp;utm_medium=rss&amp;utm_campaign=news_feed&amp;utm_content=in_article_link\" rel=\"nofollow noopener\" target=\"_blank\" data-ylk=\"slk:justice;elm:context_link;itc:0;sec:content-canvas\" class=\"link \">justice<\/a> pour contester la mesure, sans succ\u00e8s. Leur avocat, Me Bernard Solitude, d\u00e9nonce \u00ab\u00a0une strat\u00e9gie d\u2019\u00e9touffement\u00a0\u00bb\u00a0: \u00ab\u00a0Les commer\u00e7ants paient pour des exactions commises par d\u2019autres.\u00a0\u00bb<\/p>\n<p class=\"mb-4 text-lg md:leading-8 break-words\">Du c\u00f4t\u00e9 des riverains, le ton est tout autre. Delphine Martin, install\u00e9e boulevard de Strasbourg depuis plus de vingt ans, d\u00e9crit un quotidien marqu\u00e9 par \u00ab\u00a0la musique, les cris, les \u00e9clats de voix\u00a0\u00bb et des \u00ab\u00a0nuisances olfactives\u00a0\u00bb li\u00e9es aux produits de coiffure. Pour elle, la fermeture anticip\u00e9e constitue un \u00ab\u00a0grand progr\u00e8s\u00a0\u00bb. Andr\u00e9 Furcy, vice-pr\u00e9sident d\u2019une association locale(&#8230;)<\/p>\n<p class=\"mb-4 text-lg md:leading-8 break-words\"><a href=\"https:\/\/www.20minutes.fr\/societe\/4170071-20250828-paris-plus-client-discorde-autour-arrete-obligeant-coiffeurs-afro-fermer-20h?at_medium=RSS%20feed&amp;at_campaign=ynews&amp;utm_source=yahoo&amp;utm_medium=rss&amp;utm_campaign=news_feed&amp;utm_content=read_more_link&quot;\" rel=\"nofollow noopener\" target=\"_blank\" data-ylk=\"slk:Lire la suite sur 20minutes;elm:context_link;itc:0;sec:content-canvas\" class=\"link \">Lire la suite sur 20minutes<\/a><\/p>\n<p>\u00c0 lire aussi :<br \/><a href=\"https:\/\/www.20minutes.fr\/tempo\/style\/4165765-20250801-cinq-coupes-cheveux-tendances?at_medium=RSS%20feed&amp;at_campaign=ynews&amp;utm_source=yahoo&amp;utm_medium=rss&amp;utm_campaign=news_feed&amp;utm_content=related_content_link\" rel=\"nofollow noopener\" target=\"_blank\" data-ylk=\"slk:Les cinq coupes de cheveux tendances cet \u00e9t\u00e9;elm:context_link;itc:0;sec:content-canvas\" class=\"link \">Les cinq coupes de cheveux tendances cet \u00e9t\u00e9<\/a><br \/><a href=\"https:\/\/www.20minutes.fr\/tempo\/style\/4156120-20250609-nouveau-mode-coupe-cheveux-fait-retour-inattendu?at_medium=RSS%20feed&amp;at_campaign=ynews&amp;utm_source=yahoo&amp;utm_medium=rss&amp;utm_campaign=news_feed&amp;utm_content=related_content_link\" rel=\"nofollow noopener\" target=\"_blank\" data-ylk=\"slk:\u00ab\u00a0De nouveau \u00e0 la mode\u00a0\u00bb\u00a0: cette coupe de cheveux fait un retour inattendu cet \u00e9t\u00e9;elm:context_link;itc:0;sec:content-canvas\" class=\"link \">\u00ab\u00a0De nouveau \u00e0 la mode\u00a0\u00bb\u00a0: cette coupe de cheveux fait un retour inattendu cet \u00e9t\u00e9<\/a><\/p>\n","protected":false},"excerpt":{"rendered":"RIDEAU &#8211; A Paris, le quartier de Ch\u00e2teau d\u2019Eau, haut lieu de la coiffure afro, doit fermer ses&hellip;\n","protected":false},"author":2,"featured_media":350645,"comment_status":"","ping_status":"","sticky":false,"template":"","format":"standard","meta":{"footnotes":""},"categories":[1888],"tags":[1111,1928,11,1927,45610,48688,48689,1777,674,1011,27,12,1926,626,1925,25],"class_list":{"0":"post-350644","1":"post","2":"type-post","3":"status-publish","4":"format-standard","5":"has-post-thumbnail","7":"category-paris","8":"tag-actu","9":"tag-actu-paris","10":"tag-actualites","11":"tag-actualites-paris","12":"tag-arrete-prefectoral","13":"tag-chateau-deau","14":"tag-coiffure-afro","15":"tag-eu","16":"tag-europe","17":"tag-fr","18":"tag-france","19":"tag-news","20":"tag-news-paris","21":"tag-paris","22":"tag-paris-news","23":"tag-republique-francaise"},"share_on_mastodon":{"url":"https:\/\/pubeurope.com\/@fr\/115108341540303669","error":""},"_links":{"self":[{"href":"https:\/\/www.europesays.com\/fr\/wp-json\/wp\/v2\/posts\/350644","targetHints":{"allow":["GET"]}}],"collection":[{"href":"https:\/\/www.europesays.com\/fr\/wp-json\/wp\/v2\/posts"}],"about":[{"href":"https:\/\/www.europesays.com\/fr\/wp-json\/wp\/v2\/types\/post"}],"author":[{"embeddable":true,"href":"https:\/\/www.europesays.com\/fr\/wp-json\/wp\/v2\/users\/2"}],"replies":[{"embeddable":true,"href":"https:\/\/www.europesays.com\/fr\/wp-json\/wp\/v2\/comments?post=350644"}],"version-history":[{"count":0,"href":"https:\/\/www.europesays.com\/fr\/wp-json\/wp\/v2\/posts\/350644\/revisions"}],"wp:featuredmedia":[{"embeddable":true,"href":"https:\/\/www.europesays.com\/fr\/wp-json\/wp\/v2\/media\/350645"}],"wp:attachment":[{"href":"https:\/\/www.europesays.com\/fr\/wp-json\/wp\/v2\/media?parent=350644"}],"wp:term":[{"taxonomy":"category","embeddable":true,"href":"https:\/\/www.europesays.com\/fr\/wp-json\/wp\/v2\/categories?post=350644"},{"taxonomy":"post_tag","embeddable":true,"href":"https:\/\/www.europesays.com\/fr\/wp-json\/wp\/v2\/tags?post=350644"}],"curies":[{"name":"wp","href":"https:\/\/api.w.org\/{rel}","templated":true}]}}