{"id":350649,"date":"2025-08-28T20:52:11","date_gmt":"2025-08-28T20:52:11","guid":{"rendered":"https:\/\/www.europesays.com\/fr\/350649\/"},"modified":"2025-08-28T20:52:11","modified_gmt":"2025-08-28T20:52:11","slug":"une-attaque-massive-de-drones-fait-19-morts-a-kiev","status":"publish","type":"post","link":"https:\/\/www.europesays.com\/fr\/350649\/","title":{"rendered":"une attaque massive de drones fait 19 morts \u00e0 Kiev"},"content":{"rendered":"<p>            lire plus tard<\/p>\n<p id=\"dialog__title\" class=\"dialog__title\">Pour sauvegarder cet article, connectez-vous ou cr\u00e9ez un compte franceinfo<\/p>\n<p class=\"dialog__description\">Sans paiement. Sans abonnement.<\/p>\n<p>        Fermer la fen\u00eatre d\u2019activation des notifications France Info<\/p>\n<p>            cr\u00e9er votre compte<\/p>\n<p>            se connecter<\/p>\n<p>        Fermer la fen\u00eatre de pr\u00e9sentation<\/p>\n<p>    Publi\u00e9 le 28\/08\/2025 20:47<\/p>\n<p>      Mis \u00e0 jour le 28\/08\/2025 20:56<\/p>\n<p>        Temps de lecture : 2min &#8211; vid\u00e9o : 2min<\/p>\n<p>    <img decoding=\"async\" class=\"francetv-player-wrapper__image\" alt=\"Guerre en Ukraine : une attaque massive de drones fait 19 morts \u00e0 Kiev\"  width=\"432\" height=\"243\" src=\"https:\/\/www.europesays.com\/fr\/wp-content\/uploads\/2025\/08\/kiev-68b0a44d3b3d3858047349.jpg\" fetchpriority=\"high\"\/><\/p>\n<p>              Guerre en Ukraine : une attaque massive de drones fait 19 morts \u00e0 Kiev<br \/>\n                    (France 2)<\/p>\n<p>      2min<\/p>\n<p>\n  Jeudi 28 ao\u00fbt, au moins 19 personnes sont mortes \u00e0 Kiev apr\u00e8s une attaque russe. Le Kremlin a d\u00e9ploy\u00e9 une trentaine de missiles et 600 attaques de drones ont \u00e9t\u00e9 recens\u00e9es.\n<\/p>\n<p><strong>Ce texte correspond \u00e0 une partie de la retranscription du reportage ci-dessus. Cliquez sur la vid\u00e9o pour la regarder en int\u00e9gralit\u00e9.<\/strong><\/p>\n<p>Un sifflement puis la d\u00e9flagration. Voil\u00e0 comment des habitants de Kiev (Ukraine) ont \u00e9t\u00e9 tir\u00e9s de leur sommeil. Jusqu&rsquo;au lever du jour, <a href=\"https:\/\/www.franceinfo.fr\/monde\/europe\/manifestations-en-ukraine\/une-terreur-viscerale-au-moins-15-morts-dont-quatre-enfants-a-kiev-dans-une-attaque-massive-de-moscou_7459555.html\" data-tooltip-url=\"https:\/\/www.franceinfo.fr\/monde\/europe\/manifestations-en-ukraine\/une-terreur-viscerale-au-moins-15-morts-dont-quatre-enfants-a-kiev-dans-une-attaque-massive-de-moscou_7459555.html\" rel=\"nofollow noopener\" target=\"_blank\">la Russie a pilonn\u00e9 la capitale ukrainienne<\/a>. Une trentaine de missiles et pr\u00e8s de 600 attaques de drones ont \u00e9t\u00e9 recens\u00e9s. Aussit\u00f4t, les secouristes s&rsquo;activent, combattent les incendies, fouillent les gravats \u00e0 la recherche des victimes. Le bilan est l&rsquo;un des plus lourds \u00e0 Kiev depuis le d\u00e9but du conflit. Au moins 19 morts, dont quatre enfants. \u00ab\u00a0Si j&rsquo;\u00e9tais arriv\u00e9 \u00e0 l&rsquo;abri une minute plus tard, je ne serais plus l\u00e0. J&rsquo;aurais \u00e9t\u00e9 enseveli\u00a0\u00bb, explique un jeune homme. \u00ab\u00a0Je ne me souviens de rien. De notre \u00e9tage, je crois que nous sommes les seuls survivants\u00a0\u00bb, d\u00e9plore une femme.<\/p>\n<p>Avec sa famille, une autre femme s&rsquo;est retrouv\u00e9e prisonni\u00e8re de son appartement en plein bombardement. \u00ab\u00a0Comme vous le voyez, les d\u00e9g\u00e2ts sont tr\u00e8s importants. Pendant tout ce temps, nous \u00e9tions l\u00e0, cach\u00e9s derri\u00e8re ce mur. Au fond, il y avait un incendie \u00e0 l&rsquo;\u00e9tage au-dessus et en dessous, et notre porte \u00e9tait bloqu\u00e9e\u00a0\u00bb, raconte-t-elle dans une vid\u00e9o.<\/p>\n<p>La Russie dit avoir vis\u00e9 des cibles militaires. Mais parmi la vingtaine de sites frapp\u00e9s \u00e0 Kiev, les autorit\u00e9s recensent de nombreuses habitations. \u00ab\u00a0Rien que dans ce district, plus de 90 immeubles r\u00e9sidentiels ont \u00e9t\u00e9 touch\u00e9s, ainsi que des bureaux\u00a0\u00bb, souligne Hanna Kovryhina, de la police du district de Holossiiv \u00e0 Kiev. Ce quartier du centre de Kiev abritait notamment la mission diplomatique de l&rsquo;Union europ\u00e9enne et le British Council.<\/p>\n<p>L&rsquo;Union europ\u00e9enne et le Royaume-Uni ont convoqu\u00e9 les ambassadeurs russes. Volodymyr Zelensky, le pr\u00e9sident ukrainien, d\u00e9nonce l&rsquo;attitude de Moscou : \u00ab\u00a0La Russie choisit les missiles plut\u00f4t que la table des n\u00e9gociations. Elle choisit de continuer \u00e0 tuer plut\u00f4t que de mettre fin \u00e0 la guerre\u00a0\u00bb. Toute la journ\u00e9e, l&rsquo;Ukraine a re\u00e7u le soutien des Nations unies, de l&rsquo;OTAN et de nombreux chefs d&rsquo;\u00c9tat, dont le pr\u00e9sident fran\u00e7ais.<\/p>\n","protected":false},"excerpt":{"rendered":"lire plus tard Pour sauvegarder cet article, connectez-vous ou cr\u00e9ez un compte franceinfo Sans paiement. Sans abonnement. Fermer&hellip;\n","protected":false},"author":2,"featured_media":350650,"comment_status":"","ping_status":"","sticky":false,"template":"","format":"standard","meta":{"footnotes":""},"categories":[1590],"tags":[11,1777,674,12,220],"class_list":{"0":"post-350649","1":"post","2":"type-post","3":"status-publish","4":"format-standard","5":"has-post-thumbnail","7":"category-ukraine","8":"tag-actualites","9":"tag-eu","10":"tag-europe","11":"tag-news","12":"tag-ukraine"},"share_on_mastodon":{"url":"https:\/\/pubeurope.com\/@fr\/115108377344408653","error":""},"_links":{"self":[{"href":"https:\/\/www.europesays.com\/fr\/wp-json\/wp\/v2\/posts\/350649","targetHints":{"allow":["GET"]}}],"collection":[{"href":"https:\/\/www.europesays.com\/fr\/wp-json\/wp\/v2\/posts"}],"about":[{"href":"https:\/\/www.europesays.com\/fr\/wp-json\/wp\/v2\/types\/post"}],"author":[{"embeddable":true,"href":"https:\/\/www.europesays.com\/fr\/wp-json\/wp\/v2\/users\/2"}],"replies":[{"embeddable":true,"href":"https:\/\/www.europesays.com\/fr\/wp-json\/wp\/v2\/comments?post=350649"}],"version-history":[{"count":0,"href":"https:\/\/www.europesays.com\/fr\/wp-json\/wp\/v2\/posts\/350649\/revisions"}],"wp:featuredmedia":[{"embeddable":true,"href":"https:\/\/www.europesays.com\/fr\/wp-json\/wp\/v2\/media\/350650"}],"wp:attachment":[{"href":"https:\/\/www.europesays.com\/fr\/wp-json\/wp\/v2\/media?parent=350649"}],"wp:term":[{"taxonomy":"category","embeddable":true,"href":"https:\/\/www.europesays.com\/fr\/wp-json\/wp\/v2\/categories?post=350649"},{"taxonomy":"post_tag","embeddable":true,"href":"https:\/\/www.europesays.com\/fr\/wp-json\/wp\/v2\/tags?post=350649"}],"curies":[{"name":"wp","href":"https:\/\/api.w.org\/{rel}","templated":true}]}}