{"id":35065,"date":"2025-04-18T22:47:14","date_gmt":"2025-04-18T22:47:14","guid":{"rendered":"https:\/\/www.europesays.com\/fr\/35065\/"},"modified":"2025-04-18T22:47:14","modified_gmt":"2025-04-18T22:47:14","slug":"ces-plouescatais-en-sejour-en-allemagne-fetent-60-ans-damitie-avec-wanfried","status":"publish","type":"post","link":"https:\/\/www.europesays.com\/fr\/35065\/","title":{"rendered":"Ces Plouescatais en s\u00e9jour en Allemagne f\u00eatent 60 ans d\u2019amiti\u00e9 avec Wanfried"},"content":{"rendered":"<p>Une d\u00e9l\u00e9gation de 38 Plouescatais, membres du comit\u00e9 de jumelage Plouescat &#8211; Wanfried s\u2019est rendue \u00e0 Wanfried (Allemagne), du jeudi 10 au mercredi 16 avril 2025. <a href=\"https:\/\/www.letelegramme.fr\/finistere\/plouescat-29430\/en-avril-le-voyage-des-plouescatais-a-wanfried-marquera-les-60-ans-du-jumelage-6755521.php\" title=\"www.letelegramme.fr\" target=\"_blank\" rel=\"noopener\">Cette ann\u00e9e est particuli\u00e8re, marqu\u00e9e par le 60e anniversaire du jumelage<\/a>, occasion pour laquelle le maire \u00c9ric Le Bour, l\u2019adjoint au maire Nicolas Bodennec et le directeur g\u00e9n\u00e9ral des services Valentin Dluz, ont fait partie du voyage.<\/p>\n<p>La m\u00e9t\u00e9o ensoleill\u00e9e a permis de belles sorties et d\u2019int\u00e9ressantes visites \u00e0 Wanfried et aux alentours, comme le groupe scolaire nouvellement r\u00e9nov\u00e9 ; la Plesseturm, tour en bois dominant Wanfried ; le mus\u00e9e de la fronti\u00e8re inter-allemande, le centre de formation de la police f\u00e9d\u00e9rale et le centre d\u2019intervention d\u2019urgence et de contr\u00f4le des tunnels de la Hesse. Une comm\u00e9moration \u0153cum\u00e9nique dans l\u2019\u00e9glise de Wanfried \u00e9tait \u00e9galement au programme, ainsi que beaucoup de moments conviviaux. Rendez-vous est pris en 2026 \u00e0 Plouescat pour \u00e9galement c\u00e9l\u00e9brer les 60 ans de cette amiti\u00e9.<\/p>\n","protected":false},"excerpt":{"rendered":"Une d\u00e9l\u00e9gation de 38 Plouescatais, membres du comit\u00e9 de jumelage Plouescat &#8211; Wanfried s\u2019est rendue \u00e0 Wanfried (Allemagne),&hellip;\n","protected":false},"author":2,"featured_media":35066,"comment_status":"","ping_status":"","sticky":false,"template":"","format":"standard","meta":{"footnotes":""},"categories":[1587],"tags":[11,672,1804,1805,1803,1777,674,1801,12,2301,1802],"class_list":{"0":"post-35065","1":"post","2":"type-post","3":"status-publish","4":"format-standard","5":"has-post-thumbnail","7":"category-allemagne","8":"tag-actualites","9":"tag-allemagne","10":"tag-bundesrepublik-deutschland","11":"tag-de","12":"tag-deutschland","13":"tag-eu","14":"tag-europe","15":"tag-germany","16":"tag-news","17":"tag-plouescat","18":"tag-republique-federale-dallemagne"},"share_on_mastodon":{"url":"https:\/\/pubeurope.com\/@fr\/114361404163829004","error":""},"_links":{"self":[{"href":"https:\/\/www.europesays.com\/fr\/wp-json\/wp\/v2\/posts\/35065","targetHints":{"allow":["GET"]}}],"collection":[{"href":"https:\/\/www.europesays.com\/fr\/wp-json\/wp\/v2\/posts"}],"about":[{"href":"https:\/\/www.europesays.com\/fr\/wp-json\/wp\/v2\/types\/post"}],"author":[{"embeddable":true,"href":"https:\/\/www.europesays.com\/fr\/wp-json\/wp\/v2\/users\/2"}],"replies":[{"embeddable":true,"href":"https:\/\/www.europesays.com\/fr\/wp-json\/wp\/v2\/comments?post=35065"}],"version-history":[{"count":0,"href":"https:\/\/www.europesays.com\/fr\/wp-json\/wp\/v2\/posts\/35065\/revisions"}],"wp:featuredmedia":[{"embeddable":true,"href":"https:\/\/www.europesays.com\/fr\/wp-json\/wp\/v2\/media\/35066"}],"wp:attachment":[{"href":"https:\/\/www.europesays.com\/fr\/wp-json\/wp\/v2\/media?parent=35065"}],"wp:term":[{"taxonomy":"category","embeddable":true,"href":"https:\/\/www.europesays.com\/fr\/wp-json\/wp\/v2\/categories?post=35065"},{"taxonomy":"post_tag","embeddable":true,"href":"https:\/\/www.europesays.com\/fr\/wp-json\/wp\/v2\/tags?post=35065"}],"curies":[{"name":"wp","href":"https:\/\/api.w.org\/{rel}","templated":true}]}}