{"id":350651,"date":"2025-08-28T20:53:11","date_gmt":"2025-08-28T20:53:11","guid":{"rendered":"https:\/\/www.europesays.com\/fr\/350651\/"},"modified":"2025-08-28T20:53:11","modified_gmt":"2025-08-28T20:53:11","slug":"charles-kushner-lambassadeur-des-etats-unis-en-france-explique-pourquoi-il-a-seche-sa-convocation","status":"publish","type":"post","link":"https:\/\/www.europesays.com\/fr\/350651\/","title":{"rendered":"Charles Kushner, l\u2019ambassadeur des \u00c9tats-Unis en France, explique pourquoi il a s\u00e9ch\u00e9 sa convocation"},"content":{"rendered":"<p>        <img decoding=\"async\" loading=\"lazy\" src=\"https:\/\/www.europesays.com\/fr\/wp-content\/uploads\/2025\/08\/0518454_upload-1-yjh2jufpvqme-capture-da-a-cran-2025-08-28-205212.png\"  width=\"728\" height=\"409\" alt=\"Charles Kushner, l\u2019ambassadeur des \u00c9tats-Unis en France, explique pourquoi il a s\u00e9ch\u00e9 sa convocation au Quai d\u2019Orsay le 25\u00a0ao\u00fbt, sur LCI.\"\/>  <\/p>\n<p>LCI<\/p>\n<p>Charles Kushner, l\u2019ambassadeur des \u00c9tats-Unis en France, explique pourquoi il a s\u00e9ch\u00e9 sa convocation au Quai d\u2019Orsay le 25\u00a0ao\u00fbt, sur LCI.<\/p>\n<p class=\"asset asset-text\">INTERNATIONAL &#8211; \u00ab\u00a0Ce n\u2019\u00e9tait pas un manque de respect\u00a0\u00bb. L\u2019ambassadeur\u00a0<a href=\"https:\/\/www.huffingtonpost.fr\/international\/article\/guerre-en-ukraine-le-retour-en-arriere-discret-des-etats-unis-sur-l-utilisation-de-ces-missiles-par-kiev_253925.html\" rel=\"nofollow noopener\" target=\"_blank\">am\u00e9ricain<\/a>\u00a0en France, Charles Kushner, <a href=\"https:\/\/www.huffingtonpost.fr\/international\/article\/charles-kushner-l-ambassadeur-des-etats-unis-en-france-confirme-tres-vite-les-craintes-nees-de-son-cv_253952.html\" rel=\"nofollow noopener\" target=\"_blank\">avait s\u00e9ch\u00e9 sa convocation <\/a>au Quai d\u2019Orsay le 25\u00a0ao\u00fbt, sans donner d\u2019explications jusqu\u2019ici. Au micro de la cha\u00eene LCI, ce jeudi 28\u00a0ao\u00fbt au soir, l\u2019homme d\u2019affaires am\u00e9ricain justifie son comportement.<\/p>\n<p class=\"asset asset-text\">Invit\u00e9 de Darius Rochebin, Charles Kushner a \u00e9t\u00e9 interrog\u00e9 sur son \u00ab\u00a0culot\u00a0\u00bb de ne pas se pr\u00e9senter \u00e0 cette rarissime convocation, faisant suite \u00e0 ses critiques envers la France. L\u2019ambassadeur am\u00e9ricain avait jug\u00e9, dans une lettre adress\u00e9e \u00e0\u00a0<a href=\"https:\/\/www.huffingtonpost.fr\/international\/article\/un-desastre-emmanuel-macron-redit-tout-le-mal-qu-il-pense-de-l-offensive-israelienne-a-gaza_253797.html\" rel=\"nofollow noopener\" target=\"_blank\">Emmanuel Macron<\/a>, que Paris n\u2019en faisait pas assez face \u00e0 la \u00ab\u00a0flamb\u00e9e de l\u2019antis\u00e9mitisme\u00a0\u00bb.<\/p>\n<p class=\"asset asset-text\">\u00ab\u00a0Ce n\u2019est pas mon intention de me moquer du gouvernement fran\u00e7ais\u00a0\u00bb, r\u00e9pond-il ce jeudi soir sur LCI. Et le p\u00e8re du gendre de Donald Trump ajoute\u00a0: \u00ab\u00a0j\u2019ai du respect pour le pr\u00e9sident Macron, il a \u00e9t\u00e9 tr\u00e8s, tr\u00e8s gentil quand il m\u2019a accueilli. Il a \u00e9t\u00e9 tr\u00e8s sympathique et je l\u2019ai rencontr\u00e9 \u00e0 deux reprises avec sa femme (&#8230;) \u00bb.<\/p>\n<p>    Pas \u00ab\u00a0le meilleur diplomate\u00a0\u00bb    <\/p>\n<p class=\"asset asset-text\">\u00ab\u00a0Mais je suis l\u00e0 pour faire un travail. Si le pr\u00e9sident Donald Trump souhaitait le meilleur diplomate pour venir en France, il n\u2019a pas fait le bon choix. Je ne suis pas le meilleur diplomate et je ne pense pas qu\u2019il soit le meilleur diplomate non plus\u00a0\u00bb, poursuit Charles Kushner, pr\u00e9cisant que comme le pr\u00e9sident r\u00e9publicain il ne \u00ab\u00a0comprend pas les protocoles\u00a0\u00bb.<\/p>\n<p> La lecture de ce contenu est susceptible d\u2019entra\u00eener un d\u00e9p\u00f4t de cookies de la part de l\u2019op\u00e9rateur tiers qui l\u2019h\u00e9berge. Compte-tenu des choix que vous avez exprim\u00e9s en mati\u00e8re de d\u00e9p\u00f4t de cookies, nous avons bloqu\u00e9 l\u2019affichage de ce contenu. Si vous souhaitez y acc\u00e9der, vous devez accepter la cat\u00e9gorie de cookies \u201cContenus tiers\u201d en cliquant sur le bouton ci-dessous. <\/p>\n<p> Lire la Vid\u00e9o        <\/p>\n<p class=\"asset asset-text\">Le journaliste Darius Rochebin relance ensuite l\u2019ambassadeur des \u00c9tats-Unis en France sur le lapin qu\u2019il a pos\u00e9 au Quai d\u2019Orsay, expliquant que son attitude a \u00ab\u00a0choqu\u00e9 beaucoup de Fran\u00e7ais\u00a0\u00bb. Ce \u00e0 quoi Charles Kushner r\u00e9pond\u00a0: \u00ab\u00a0je n\u2019y suis pas all\u00e9 mais ce n\u2019\u00e9tait pas un manque de respect. Le bureau du minist\u00e8re a contact\u00e9 mon adjoint qui s\u2019y est rendu \u00e0 ma place. Il savait que je n\u2019\u00e9tais pas pr\u00e9sent, c\u2019est pour \u00e7a que je n\u2019ai pas pu m\u2019y rendre\u00a0\u00bb.<\/p>\n<p class=\"asset asset-text\">Les critiques du diplomate am\u00e9ricain sont intervenues quelques jours apr\u00e8s une violente charge du Premier ministre isra\u00e9lien Benjamin Netanyahu contre le pr\u00e9sident fran\u00e7ais qu\u2019il accuse \u00ab\u00a0d\u2019alimenter le feu antis\u00e9mite\u00a0\u00bb en appelant \u00e0 la reconnaissance internationale de l\u2019\u00c9tat de Palestine. Une analyse \u00ab\u00a0erron\u00e9e, abjecte et (qui) ne demeurera pas sans r\u00e9ponse\u00a0\u00bb, avait d\u00e9j\u00e0 r\u00e9pliqu\u00e9 la pr\u00e9sidence fran\u00e7aise.<\/p>\n","protected":false},"excerpt":{"rendered":"LCI Charles Kushner, l\u2019ambassadeur des \u00c9tats-Unis en France, explique pourquoi il a s\u00e9ch\u00e9 sa convocation au Quai d\u2019Orsay&hellip;\n","protected":false},"author":2,"featured_media":350654,"comment_status":"","ping_status":"","sticky":false,"template":"","format":"standard","meta":{"footnotes":""},"categories":[1589],"tags":[11,75,1073,73,1866,14,261,12,316,48692,1864,1865,1863,308],"class_list":{"0":"post-350651","1":"post","2":"type-post","3":"status-publish","4":"format-standard","5":"has-post-thumbnail","7":"category-etats-unis","8":"tag-actualites","9":"tag-donald-trump","10":"tag-emmanuel-macron","11":"tag-etats-unis","12":"tag-etats-unis-damerique","13":"tag-international","14":"tag-ministere-des-affaires-etrangeres","15":"tag-news","16":"tag-politique","17":"tag-quai-d-orsay","18":"tag-united-states","19":"tag-united-states-of-america","20":"tag-us","21":"tag-usa"},"share_on_mastodon":{"url":"","error":""},"_links":{"self":[{"href":"https:\/\/www.europesays.com\/fr\/wp-json\/wp\/v2\/posts\/350651","targetHints":{"allow":["GET"]}}],"collection":[{"href":"https:\/\/www.europesays.com\/fr\/wp-json\/wp\/v2\/posts"}],"about":[{"href":"https:\/\/www.europesays.com\/fr\/wp-json\/wp\/v2\/types\/post"}],"author":[{"embeddable":true,"href":"https:\/\/www.europesays.com\/fr\/wp-json\/wp\/v2\/users\/2"}],"replies":[{"embeddable":true,"href":"https:\/\/www.europesays.com\/fr\/wp-json\/wp\/v2\/comments?post=350651"}],"version-history":[{"count":0,"href":"https:\/\/www.europesays.com\/fr\/wp-json\/wp\/v2\/posts\/350651\/revisions"}],"wp:featuredmedia":[{"embeddable":true,"href":"https:\/\/www.europesays.com\/fr\/wp-json\/wp\/v2\/media\/350654"}],"wp:attachment":[{"href":"https:\/\/www.europesays.com\/fr\/wp-json\/wp\/v2\/media?parent=350651"}],"wp:term":[{"taxonomy":"category","embeddable":true,"href":"https:\/\/www.europesays.com\/fr\/wp-json\/wp\/v2\/categories?post=350651"},{"taxonomy":"post_tag","embeddable":true,"href":"https:\/\/www.europesays.com\/fr\/wp-json\/wp\/v2\/tags?post=350651"}],"curies":[{"name":"wp","href":"https:\/\/api.w.org\/{rel}","templated":true}]}}