{"id":350659,"date":"2025-08-28T21:06:14","date_gmt":"2025-08-28T21:06:14","guid":{"rendered":"https:\/\/www.europesays.com\/fr\/350659\/"},"modified":"2025-08-28T21:06:14","modified_gmt":"2025-08-28T21:06:14","slug":"leurope-relance-les-sanctions-contre-liran","status":"publish","type":"post","link":"https:\/\/www.europesays.com\/fr\/350659\/","title":{"rendered":"l\u2019Europe relance les sanctions contre l\u2019Iran"},"content":{"rendered":"<p class=\"mb-4 text-lg md:leading-8 break-words\">La France, l&rsquo;Allemagne et le Royaume-Uni ont entam\u00e9 jeudi le processus visant \u00e0 r\u00e9imposer les sanctions des Nations unies \u00e0 l&rsquo;Iran concernant son programme nucl\u00e9aire, apr\u00e8s un conflit de 12 jours avec Isra\u00ebl en juin qui a vu ses sites atomiques bombard\u00e9s \u00e0 plusieurs reprises.<\/p>\n<p class=\"mb-4 text-lg md:leading-8 break-words\">Le m\u00e9canisme, appel\u00e9 \u00ab\u00a0<strong>snapback<\/strong>\u00a0\u00bb par les diplomates qui l&rsquo;ont n\u00e9goci\u00e9 dans l&rsquo;accord nucl\u00e9aire de 2015 (JCPOA) avec les puissances mondiales, a \u00e9t\u00e9 con\u00e7u pour \u00eatre \u00e0 l&rsquo;abri d&rsquo;un veto \u00e0 l&rsquo;ONU et est susceptible d&rsquo;entrer en vigueur.<\/p>\n<p class=\"mb-4 text-lg md:leading-8 break-words\"><strong>Il g\u00e8lerait \u00e0 nouveau les avoirs iraniens \u00e0 l&rsquo;\u00e9tranger<\/strong>, mettrait un terme aux contrats d&rsquo;armement avec T\u00e9h\u00e9ran et p\u00e9naliserait tout d\u00e9veloppement de son programme de missiles balistiques, entre autres mesures, ce qui aurait pour effet de comprimer encore davantage l&rsquo;\u00e9conomie chancelante du pays.<\/p>\n<p class=\"mb-4 text-lg md:leading-8 break-words\">La d\u00e9cision europ\u00e9enne ouvre un d\u00e9lai de 30 jours avant le retour des sanctions, p\u00e9riode qui pourrait \u00eatre marqu\u00e9e par une intensification de la diplomatie iranienne, dont le refus de coop\u00e9rer avec les inspecteurs de l&rsquo;Agence internationale de l&rsquo;\u00e9nergie atomique (AIEA) est \u00e0 l&rsquo;origine de la crise.<\/p>\n<p><img alt=\"Un drapeau national iranien devant le b\u00e2timent de l'Agence internationale de l'\u00e9nergie atomique \u00e0 Vienne, le 17 d\u00e9cembre 2021.\" loading=\"lazy\" width=\"808\" height=\"577\" decoding=\"async\" data-nimg=\"1\" class=\"rounded-lg\" style=\"color:transparent\" src=\"https:\/\/www.europesays.com\/fr\/wp-content\/uploads\/2025\/08\/687189ab934ac5276eb3e56f5e51b874.jpeg\"\/><\/p>\n<p> Un drapeau national iranien devant le b\u00e2timent de l&rsquo;Agence internationale de l&rsquo;\u00e9nergie atomique \u00e0 Vienne, le 17 d\u00e9cembre 2021.   &#8211; AP Photo <\/p>\n<p class=\"mb-4 text-lg md:leading-8 break-words\">Les ministres des Affaires \u00e9trang\u00e8res britannique, fran\u00e7ais et allemand ont laiss\u00e9 entendre qu&rsquo;ils consid\u00e9raient le retour des sanctions comme un moyen de stimuler les n\u00e9gociations avec T\u00e9h\u00e9ran.<\/p>\n<p class=\"mb-4 text-lg md:leading-8 break-words\">\u00ab\u00a0Cette mesure ne marque pas la fin de la diplomatie : nous sommes d\u00e9termin\u00e9s \u00e0 tirer le meilleur parti de la p\u00e9riode de 30 jours qui s&rsquo;ouvre pour engager le dialogue avec l&rsquo;Iran\u00a0\u00bb, a \u00e9crit le ministre fran\u00e7ais des affaires \u00e9trang\u00e8res, <strong>Jean-No\u00ebl Barrot<\/strong>, sur la plateforme de m\u00e9dias sociaux X.<\/p>\n<p class=\"mb-4 text-lg md:leading-8 break-words\">Lors d&rsquo;un appel t\u00e9l\u00e9phonique avec ses homologues europ\u00e9ens, le ministre iranien des Affaires \u00e9trang\u00e8res, <strong>Abbas Araghchi<\/strong>, a qualifi\u00e9 cette mesure d'\u00a0\u00bbinjustifi\u00e9e, ill\u00e9gale et d\u00e9pourvue de toute base juridique\u00a0\u00bb.<\/p>\n<p class=\"mb-4 text-lg md:leading-8 break-words\">\u00ab\u00a0La R\u00e9publique islamique d&rsquo;Iran r\u00e9pondra de mani\u00e8re appropri\u00e9e \u00e0 cette mesure ill\u00e9gale et injustifi\u00e9e\u00a0\u00bb, a-t-il d\u00e9clar\u00e9, sans donner plus de d\u00e9tails.<\/p>\n<p>Les Europ\u00e9ens ont pr\u00e9venu que le retour en force de l&rsquo;Iran \u00e9tait imminent<\/p>\n<p class=\"mb-4 text-lg md:leading-8 break-words\">Les pays europ\u00e9ens ont d\u00e9clench\u00e9 le processus de sanctions par le biais d&rsquo;une lettre adress\u00e9e au Conseil de s\u00e9curit\u00e9 des Nations unies.<\/p>\n<p class=\"mb-4 text-lg md:leading-8 break-words\">La France et le Royaume-Uni ont \u00e9galement demand\u00e9 que le Conseil, compos\u00e9 de 15 membres, tienne des consultations \u00e0 huis clos vendredi afin de discuter du non-respect des r\u00e8gles par l&rsquo;Iran, selon un diplomate qui s&rsquo;est exprim\u00e9 sous le couvert de l&rsquo;anonymat pour discuter d&rsquo;informations encore confidentielles.<\/p>\n<p class=\"mb-4 text-lg md:leading-8 break-words\">Il y a peu de chances que la diplomatie permette de repousser l&rsquo;\u00e9ch\u00e9ance du 18 octobre, date \u00e0 laquelle le m\u00e9canisme d&rsquo;annulation expire, apr\u00e8s quoi tout effort de sanction se heurtera probablement \u00e0 un veto du Conseil de s\u00e9curit\u00e9.<\/p>\n<p><img alt=\"Le Conseil de s\u00e9curit\u00e9 des Nations Unies vote une r\u00e9solution \u00e0 New York, le 30 juin 2025.\" loading=\"lazy\" width=\"808\" height=\"539\" decoding=\"async\" data-nimg=\"1\" class=\"rounded-lg\" style=\"color:transparent\" src=\"https:\/\/www.europesays.com\/fr\/wp-content\/uploads\/2025\/08\/b76f5f709d8fc93999296d9fa8cfe4b5.jpeg\"\/><\/p>\n<p> Le Conseil de s\u00e9curit\u00e9 des Nations Unies vote une r\u00e9solution \u00e0 New York, le 30 juin 2025.   &#8211; AP Photo <\/p>\n<p class=\"mb-4 text-lg md:leading-8 break-words\">Pour obtenir un tel d\u00e9lai, l&rsquo;Iran devrait reprendre les n\u00e9gociations directes avec les \u00c9tats-Unis et accorder \u00e0 l&rsquo;AIEA un acc\u00e8s complet \u00e0 ses sites nucl\u00e9aires.<\/p>\n<p class=\"mb-4 text-lg md:leading-8 break-words\">Le secr\u00e9taire d&rsquo;\u00c9tat am\u00e9ricain Marco Rubio a salu\u00e9 la d\u00e9cision des Europ\u00e9ens et a d\u00e9clar\u00e9 que l&rsquo;Am\u00e9rique \u00ab\u00a0reste disponible pour un engagement direct avec l&rsquo;Iran\u00a0\u00bb.<\/p>\n<p class=\"mb-4 text-lg md:leading-8 break-words\">\u00ab\u00a0Le retour en arri\u00e8re ne contredit pas notre volont\u00e9 sinc\u00e8re de diplomatie, il ne fait que la renforcer\u00a0\u00bb, a d\u00e9clar\u00e9 M. Rubio dans un communiqu\u00e9.<\/p>\n<p><strong>L&rsquo;Iran semble r\u00e9sign\u00e9<\/strong><\/p>\n<p class=\"mb-4 text-lg md:leading-8 break-words\">L&rsquo;Iran a d&rsquo;abord minimis\u00e9 la menace de nouvelles sanctions et s&rsquo;est engag\u00e9 dans une diplomatie peu visible pendant des semaines apr\u00e8s l&rsquo;avertissement de l&rsquo;Europe, mais il s&rsquo;est engag\u00e9 dans une br\u00e8ve pouss\u00e9e diplomatique ces derniers jours, mettant en \u00e9vidence le chaos qui semble r\u00e9gner dans sa th\u00e9ocratie.<\/p>\n<p class=\"mb-4 text-lg md:leading-8 break-words\">\u00c0 T\u00e9h\u00e9ran, jeudi, le rial iranien s&rsquo;est pratiquement effondr\u00e9, s&rsquo;\u00e9changeant \u00e0 plus d&rsquo;un million de rial pour un dollar. Au moment de l&rsquo;accord de 2015, il s&rsquo;\u00e9changeait \u00e0 32 000 dollars pour un dollar, ce qui montre l&rsquo;effondrement de la monnaie depuis lors.<\/p>\n<p><img alt=\"Des billets de banque iraniens actuels et d'avant la r\u00e9volution sont expos\u00e9s par un changeur de monnaie dans une rue du centre-ville de T\u00e9h\u00e9ran, le 28 ao\u00fbt 2025.\" loading=\"lazy\" width=\"808\" height=\"539\" decoding=\"async\" data-nimg=\"1\" class=\"rounded-lg\" style=\"color:transparent\" src=\"https:\/\/www.europesays.com\/fr\/wp-content\/uploads\/2025\/08\/ab1562f6ecee06f1c9bb2b3f8a891611.jpeg\"\/><\/p>\n<p> Des billets de banque iraniens actuels et d&rsquo;avant la r\u00e9volution sont expos\u00e9s par un changeur de monnaie dans une rue du centre-ville de T\u00e9h\u00e9ran, le 28 ao\u00fbt 2025.   &#8211; AP Photo <\/p>\n<p class=\"mb-4 text-lg md:leading-8 break-words\">Avant le <a href=\"https:\/\/fr.news.yahoo.com\/selon-services-renseignement-am%C3%A9ricains-frappes-063044580.html\" data-ylk=\"slk:dernier conflit avec Isra\u00ebl;elm:context_link;itc:0;sec:content-canvas;outcm:mb_qualified_link;_E:mb_qualified_link;ct:story;\" class=\"link  yahoo-link\" rel=\"nofollow noopener\" target=\"_blank\"><strong>dernier conflit avec Isra\u00ebl<\/strong><\/a>, l&rsquo;Iran enrichissait de l&rsquo;uranium jusqu&rsquo;\u00e0 une puret\u00e9 de 60%, \u00e0 une courte distance technique des niveaux de qualit\u00e9 militaire de 90 %.<\/p>\n<p class=\"mb-4 text-lg md:leading-8 break-words\">Il aurait \u00e9galement constitu\u00e9 un stock contenant suffisamment d&rsquo;uranium hautement enrichi pour fabriquer plusieurs bombes atomiques, s&rsquo;il le souhaitait.<\/p>\n<p class=\"mb-4 text-lg md:leading-8 break-words\"><b class=\"c-widget-related__title__text\">Related<\/b><\/p>\n<p class=\"mb-4 text-lg md:leading-8 break-words\">L&rsquo;Iran a longtemps insist\u00e9 sur le caract\u00e8re pacifique de son programme, bien que les pays occidentaux et l&rsquo;AIEA aient estim\u00e9 que T\u00e9h\u00e9ran avait un programme d&rsquo;armement nucl\u00e9aire actif jusqu&rsquo;en 2003.<\/p>\n","protected":false},"excerpt":{"rendered":"La France, l&rsquo;Allemagne et le Royaume-Uni ont entam\u00e9 jeudi le processus visant \u00e0 r\u00e9imposer les sanctions des Nations&hellip;\n","protected":false},"author":2,"featured_media":350660,"comment_status":"","ping_status":"","sticky":false,"template":"","format":"standard","meta":{"footnotes":""},"categories":[1586],"tags":[11,47165,1777,674,1011,27,8270,2288,12,25,473,7185,10734],"class_list":{"0":"post-350659","1":"post","2":"type-post","3":"status-publish","4":"format-standard","5":"has-post-thumbnail","7":"category-europe","8":"tag-actualites","9":"tag-conseil-de-securite-des-nations-unies","10":"tag-eu","11":"tag-europe","12":"tag-fr","13":"tag-france","14":"tag-ministre-francais-des-affaires-etrangeres","15":"tag-ministres-des-affaires-etrangeres","16":"tag-news","17":"tag-republique-francaise","18":"tag-royaume-uni","19":"tag-sanctions","20":"tag-teheran"},"share_on_mastodon":{"url":"https:\/\/pubeurope.com\/@fr\/115108432078934549","error":""},"_links":{"self":[{"href":"https:\/\/www.europesays.com\/fr\/wp-json\/wp\/v2\/posts\/350659","targetHints":{"allow":["GET"]}}],"collection":[{"href":"https:\/\/www.europesays.com\/fr\/wp-json\/wp\/v2\/posts"}],"about":[{"href":"https:\/\/www.europesays.com\/fr\/wp-json\/wp\/v2\/types\/post"}],"author":[{"embeddable":true,"href":"https:\/\/www.europesays.com\/fr\/wp-json\/wp\/v2\/users\/2"}],"replies":[{"embeddable":true,"href":"https:\/\/www.europesays.com\/fr\/wp-json\/wp\/v2\/comments?post=350659"}],"version-history":[{"count":0,"href":"https:\/\/www.europesays.com\/fr\/wp-json\/wp\/v2\/posts\/350659\/revisions"}],"wp:featuredmedia":[{"embeddable":true,"href":"https:\/\/www.europesays.com\/fr\/wp-json\/wp\/v2\/media\/350660"}],"wp:attachment":[{"href":"https:\/\/www.europesays.com\/fr\/wp-json\/wp\/v2\/media?parent=350659"}],"wp:term":[{"taxonomy":"category","embeddable":true,"href":"https:\/\/www.europesays.com\/fr\/wp-json\/wp\/v2\/categories?post=350659"},{"taxonomy":"post_tag","embeddable":true,"href":"https:\/\/www.europesays.com\/fr\/wp-json\/wp\/v2\/tags?post=350659"}],"curies":[{"name":"wp","href":"https:\/\/api.w.org\/{rel}","templated":true}]}}