{"id":350668,"date":"2025-08-28T21:11:13","date_gmt":"2025-08-28T21:11:13","guid":{"rendered":"https:\/\/www.europesays.com\/fr\/350668\/"},"modified":"2025-08-28T21:11:13","modified_gmt":"2025-08-28T21:11:13","slug":"des-drones-russes-reperes-dans-le-ciel-allemand-plusieurs-experts-soupconnent-un-espionnage","status":"publish","type":"post","link":"https:\/\/www.europesays.com\/fr\/350668\/","title":{"rendered":"Des drones russes rep\u00e9r\u00e9s dans le ciel allemand ? Plusieurs experts soup\u00e7onnent un espionnage"},"content":{"rendered":"<p class=\"ap-StoryElement ap-StoryElement--mb ap-StoryText\">Le <a href=\"https:\/\/www.nytimes.com\/2025\/08\/28\/us\/politics\/russian-drones-weapons-routes.html\" target=\"_self\" rel=\"noopener\">New York Times<\/a> et le magazine \u00e9conomique <a href=\"https:\/\/www.wiwo.de\/politik\/deutschland\/geheimdienste-putins-drohnen-spionage-mitten-in-deutschland\/100151058.html\" target=\"_self\" rel=\"noopener\">Wirtschaftswoche<\/a>, rapportent que les Allemands et les Am\u00e9ricains s&rsquo;inqui\u00e8tent de la possible pr\u00e9sence de drones russes survolant le land de Thuringe, situ\u00e9 dans l&rsquo;est de l&rsquo;Allemagne.<\/p>\n<p class=\"ap-StoryElement ap-StoryElement--mb ap-StoryText\">Selon une porte-parole de l&rsquo;arm\u00e9e allemande, le survol de ces drones sur le continent europ\u00e9en, repr\u00e9senterait un risque important pour la s\u00e9curit\u00e9.<\/p>\n<p><a href=\"https:\/\/www.lalibre.be\/international\/europe\/guerre-ukraine-russie\/2025\/08\/26\/honte-et-insulte-pourquoi-lukraine-condamne-t-elle-le-comportement-du-realisateur-woody-allen-3B7NWDJAP5FW5JPY4RGOTAPFTM\/\" target=\"_blank\" rel=\"noopener noreferrer\" class=\"ap-StoryInterstitialLink ap-StoryElement ap-StoryElement--mb\">\u00ab\u00a0Honte et insulte\u00a0\u00bb : pourquoi l&rsquo;Ukraine condamne-t-elle le comportement du r\u00e9alisateur Woody Allen ?<\/a>Comment ces drones sont-ils arriv\u00e9s dans le ciel allemand ?<\/p>\n<p class=\"ap-StoryElement ap-StoryElement--mb ap-StoryText\">Le magazine \u00e9conomique \u00e9crit, sur son site, que les services de renseignements de nos voisins allemands pensent que ces drones pourraient avoir \u00e9t\u00e9 envoy\u00e9s depuis des navires en mer Baltique. Du c\u00f4t\u00e9 du New York Times, les responsables am\u00e9ricains seraient certains que ces op\u00e9rations sont pilot\u00e9es par les services de renseignements russes.<\/p>\n","protected":false},"excerpt":{"rendered":"Le New York Times et le magazine \u00e9conomique Wirtschaftswoche, rapportent que les Allemands et les Am\u00e9ricains s&rsquo;inqui\u00e8tent de&hellip;\n","protected":false},"author":2,"featured_media":350669,"comment_status":"","ping_status":"","sticky":false,"template":"","format":"standard","meta":{"footnotes":""},"categories":[1591],"tags":[11,2122,1887,12,1885,1886,132],"class_list":{"0":"post-350668","1":"post","2":"type-post","3":"status-publish","4":"format-standard","5":"has-post-thumbnail","7":"category-russie","8":"tag-actualites","9":"tag-conflit-russie-ukraine","10":"tag-federation-de-russie","11":"tag-news","12":"tag-russia","13":"tag-russian-federation","14":"tag-russie"},"share_on_mastodon":{"url":"https:\/\/pubeurope.com\/@fr\/115108451653807706","error":""},"_links":{"self":[{"href":"https:\/\/www.europesays.com\/fr\/wp-json\/wp\/v2\/posts\/350668","targetHints":{"allow":["GET"]}}],"collection":[{"href":"https:\/\/www.europesays.com\/fr\/wp-json\/wp\/v2\/posts"}],"about":[{"href":"https:\/\/www.europesays.com\/fr\/wp-json\/wp\/v2\/types\/post"}],"author":[{"embeddable":true,"href":"https:\/\/www.europesays.com\/fr\/wp-json\/wp\/v2\/users\/2"}],"replies":[{"embeddable":true,"href":"https:\/\/www.europesays.com\/fr\/wp-json\/wp\/v2\/comments?post=350668"}],"version-history":[{"count":0,"href":"https:\/\/www.europesays.com\/fr\/wp-json\/wp\/v2\/posts\/350668\/revisions"}],"wp:featuredmedia":[{"embeddable":true,"href":"https:\/\/www.europesays.com\/fr\/wp-json\/wp\/v2\/media\/350669"}],"wp:attachment":[{"href":"https:\/\/www.europesays.com\/fr\/wp-json\/wp\/v2\/media?parent=350668"}],"wp:term":[{"taxonomy":"category","embeddable":true,"href":"https:\/\/www.europesays.com\/fr\/wp-json\/wp\/v2\/categories?post=350668"},{"taxonomy":"post_tag","embeddable":true,"href":"https:\/\/www.europesays.com\/fr\/wp-json\/wp\/v2\/tags?post=350668"}],"curies":[{"name":"wp","href":"https:\/\/api.w.org\/{rel}","templated":true}]}}