{"id":350670,"date":"2025-08-28T21:18:13","date_gmt":"2025-08-28T21:18:13","guid":{"rendered":"https:\/\/www.europesays.com\/fr\/350670\/"},"modified":"2025-08-28T21:18:13","modified_gmt":"2025-08-28T21:18:13","slug":"le-club-fait-une-annonce-importante-rendez-vous-vendredi-a-11-heures-pour-les-fans","status":"publish","type":"post","link":"https:\/\/www.europesays.com\/fr\/350670\/","title":{"rendered":"le club fait une annonce importante, rendez-vous vendredi \u00e0 11 heures pour les fans"},"content":{"rendered":"<p>C\u2019est la derni\u00e8re ligne droite avant la grande reprise du Top 14. Alors que la Pro D2 reprend ses droits ce week-end, l\u2019\u00e9lite reviendra de son c\u00f4t\u00e9 la semaine prochaine. Avant cela, les \u00e9quipes se pr\u00e9parent avec un ultime test au programme. Le Stade Toulousain sera ainsi du c\u00f4t\u00e9 de Bayonne et de Jean-Dauger ce jeudi soir pour d\u00e9fier l\u2019Aviron.<\/p>\n<p>Un maillot sous le signe de la transmission<\/p>\n<p>Quelques heures apr\u00e8s, le champion en titre a donn\u00e9 rendez-vous \u00e0 ses supporters, via un message publi\u00e9 sur les r\u00e9seaux sociaux pour annoncer la divulgation de son maillot ext\u00e9rieur. Apr\u00e8s celui domicile, rendant hommage \u00e0 la g\u00e9n\u00e9ration sacr\u00e9e en 86, le Stade Toulousain promet cette fois-ci une tunique mettant en avant la \u00ab\u00a0transmission\u00a0\u00bb.<\/p>\n<blockquote class=\"twitter-tweet\">\n<p dir=\"ltr\" lang=\"fr\">\ud835\udc13\ud835\udc2b\ud835\udc1a\ud835\udc27\ud835\udc2c\ud835\udc26\ud835\udc22\ud835\udc2c\ud835\udc2c\ud835\udc22\ud835\udc28\ud835\udc27. \ud83e\udd1d<\/p>\n<p>Rendez-vous demain \u00e0 11h ! <a href=\"https:\/\/t.co\/Svg3K8ke0w\" rel=\"nofollow\">pic.twitter.com\/Svg3K8ke0w<\/a><\/p>\n<p>\u2014 Stade Toulousain (@StadeToulousain) <a href=\"https:\/\/twitter.com\/StadeToulousain\/status\/1960967566441988174?ref_src=twsrc%5Etfw\" rel=\"nofollow noopener\" target=\"_blank\">August 28, 2025<\/a><\/p>\n<\/blockquote>\n<p>Partagez cette info avec vos amis et vos proches en cliquant ici<br \/>Pour r\u00e9sumer<\/p>\n<p>Le Stade Toulousain a donn\u00e9 rendez-vous \u00e0 ses supporters ce vendredi \u00e0 11 heures, quelques temps apr\u00e8s leur ultime match de pr\u00e9paration face \u00e0 Bayonne. Le club va d\u00e9voiler son maillot ext\u00e9rieur pour la saison \u00e0 venir.<\/p>\n<p> <img decoding=\"async\" width=\"76\" height=\"76\" loading=\"lazy\" src=\"https:\/\/www.europesays.com\/fr\/wp-content\/uploads\/2025\/04\/avatar-quinze.png\" alt=\"Arnaud D\u00e9chelotte\"\/><script async src=\"https:\/\/platform.twitter.com\/widgets.js\" charset=\"utf-8\"><\/script><\/p>\n","protected":false},"excerpt":{"rendered":"C\u2019est la derni\u00e8re ligne droite avant la grande reprise du Top 14. Alors que la Pro D2 reprend&hellip;\n","protected":false},"author":2,"featured_media":350671,"comment_status":"","ping_status":"","sticky":false,"template":"","format":"standard","meta":{"footnotes":""},"categories":[1416],"tags":[1011,27,479,1468,60],"class_list":{"0":"post-350670","1":"post","2":"type-post","3":"status-publish","4":"format-standard","5":"has-post-thumbnail","7":"category-rugby","8":"tag-fr","9":"tag-france","10":"tag-rugby","11":"tag-rugby-football","12":"tag-sports"},"share_on_mastodon":{"url":"https:\/\/pubeurope.com\/@fr\/115108479239435095","error":""},"_links":{"self":[{"href":"https:\/\/www.europesays.com\/fr\/wp-json\/wp\/v2\/posts\/350670","targetHints":{"allow":["GET"]}}],"collection":[{"href":"https:\/\/www.europesays.com\/fr\/wp-json\/wp\/v2\/posts"}],"about":[{"href":"https:\/\/www.europesays.com\/fr\/wp-json\/wp\/v2\/types\/post"}],"author":[{"embeddable":true,"href":"https:\/\/www.europesays.com\/fr\/wp-json\/wp\/v2\/users\/2"}],"replies":[{"embeddable":true,"href":"https:\/\/www.europesays.com\/fr\/wp-json\/wp\/v2\/comments?post=350670"}],"version-history":[{"count":0,"href":"https:\/\/www.europesays.com\/fr\/wp-json\/wp\/v2\/posts\/350670\/revisions"}],"wp:featuredmedia":[{"embeddable":true,"href":"https:\/\/www.europesays.com\/fr\/wp-json\/wp\/v2\/media\/350671"}],"wp:attachment":[{"href":"https:\/\/www.europesays.com\/fr\/wp-json\/wp\/v2\/media?parent=350670"}],"wp:term":[{"taxonomy":"category","embeddable":true,"href":"https:\/\/www.europesays.com\/fr\/wp-json\/wp\/v2\/categories?post=350670"},{"taxonomy":"post_tag","embeddable":true,"href":"https:\/\/www.europesays.com\/fr\/wp-json\/wp\/v2\/tags?post=350670"}],"curies":[{"name":"wp","href":"https:\/\/api.w.org\/{rel}","templated":true}]}}