{"id":350678,"date":"2025-08-28T21:23:11","date_gmt":"2025-08-28T21:23:11","guid":{"rendered":"https:\/\/www.europesays.com\/fr\/350678\/"},"modified":"2025-08-28T21:23:11","modified_gmt":"2025-08-28T21:23:11","slug":"sylvan-adams-denonce-lattaque-contre-les-cyclistes-israeliens-a-la-vuelta-et-pointe-lhostilite-en-espagne","status":"publish","type":"post","link":"https:\/\/www.europesays.com\/fr\/350678\/","title":{"rendered":"Sylvan Adams D\u00e9nonce L\u2019attaque Contre Les Cyclistes Isra\u00e9liens \u00c0 La Vuelta Et Pointe L\u2019hostilit\u00e9 En Espagne"},"content":{"rendered":"<p class=\"\" data-is=\"component-paragraph\">L\u2019homme d\u2019affaires Sylvan Adams, est revenu sur l\u2019incident survenu mercredi <a data-is=\"component-link\" href=\"https:\/\/www.i24news.tv\/fr\/actu\/sport\/artc-cyclisme-l-equipe-israel-premier-tech-prise-pour-cible-par-des-manifestants-pro-palestiniens-a-la-vuelta\" title=\"https:\/\/www.i24news.tv\/fr\/actu\/sport\/artc-cyclisme-l-equipe-israel-premier-tech-prise-pour-cible-par-des-manifestants-pro-palestiniens-a-la-vuelta\" target=\"\" class=\"link\" rel=\"nofollow noopener\">lors de la Vuelta, o\u00f9 des individus ont tent\u00e9 de faire chuter le peloton isra\u00e9lien lanc\u00e9 \u00e0 plus de 70 km\/h.<\/a> \u00ab Ce ne sont pas des manifestants, ce sont des terroristes \u00bb, a-t-il affirm\u00e9 sur i24NEWS, d\u00e9non\u00e7ant un acte qui aurait pu \u00eatre mortel.<\/p>\n<p><img alt=\"Video poster\" class=\"video-poster\" data-is=\"lazy-image\" data-observed-item-id=\"https:\/\/api.i24news.tv\/fr\/brightcove\/6377589012112\/poster\"\/>Les cyclistes frein\u00e9s par des manifestants <\/p>\n<p class=\"\" data-is=\"component-paragraph\">Adams a racont\u00e9 que les coureurs, la t\u00eate baiss\u00e9e dans un contre-la-montre, ont \u00e9t\u00e9 pris pour cible par des individus surgissant sur la chauss\u00e9e. Si aucun bless\u00e9 n\u2019est \u00e0 d\u00e9plorer, l\u2019\u00e9quipe a perdu pr\u00e8s de quarante secondes de course et a \u00e9t\u00e9 profond\u00e9ment marqu\u00e9e psychologiquement. \u00ab Notre coureur isra\u00e9lien a pleur\u00e9 apr\u00e8s la course, c\u2019est une question de vie ou de mort \u00bb, a confi\u00e9 Adams.<\/p>\n<p class=\"\" data-is=\"component-paragraph\">Les organisateurs de la Vuelta ont pr\u00e9sent\u00e9 leurs excuses, reconnaissant des \u00ab lacunes \u00bb dans la s\u00e9curit\u00e9, et ont promis un renforcement de la surveillance pour \u00e9viter la r\u00e9p\u00e9tition de tels incidents.\u00a0Interrog\u00e9 sur l\u2019accueil r\u00e9serv\u00e9 aux cyclistes isra\u00e9liens, Adams a tenu \u00e0 souligner que les relations avec les autres \u00e9quipes et athl\u00e8tes sont cordiales et amicales, loin des tensions politiques. Mais il pointe une diff\u00e9rence entre la France et l\u2019Espagne : \u00ab L\u2019Espagne est beaucoup plus hostile \u00e0 l\u2019\u00c9tat d\u2019Isra\u00ebl. En France, les manifestations ont \u00e9t\u00e9 mieux contr\u00f4l\u00e9es, tandis qu\u2019en Espagne, il y a plus de bruit, plus d\u2019hostilit\u00e9. \u00bb<\/p>\n","protected":false},"excerpt":{"rendered":"L\u2019homme d\u2019affaires Sylvan Adams, est revenu sur l\u2019incident survenu mercredi lors de la Vuelta, o\u00f9 des individus ont&hellip;\n","protected":false},"author":2,"featured_media":350679,"comment_status":"","ping_status":"","sticky":false,"template":"","format":"standard","meta":{"footnotes":""},"categories":[1411],"tags":[1154,207,1011,27,60],"class_list":{"0":"post-350678","1":"post","2":"type-post","3":"status-publish","4":"format-standard","5":"has-post-thumbnail","7":"category-cyclisme","8":"tag-cycling","9":"tag-cyclisme","10":"tag-fr","11":"tag-france","12":"tag-sports"},"share_on_mastodon":{"url":"https:\/\/pubeurope.com\/@fr\/115108498951959153","error":""},"_links":{"self":[{"href":"https:\/\/www.europesays.com\/fr\/wp-json\/wp\/v2\/posts\/350678","targetHints":{"allow":["GET"]}}],"collection":[{"href":"https:\/\/www.europesays.com\/fr\/wp-json\/wp\/v2\/posts"}],"about":[{"href":"https:\/\/www.europesays.com\/fr\/wp-json\/wp\/v2\/types\/post"}],"author":[{"embeddable":true,"href":"https:\/\/www.europesays.com\/fr\/wp-json\/wp\/v2\/users\/2"}],"replies":[{"embeddable":true,"href":"https:\/\/www.europesays.com\/fr\/wp-json\/wp\/v2\/comments?post=350678"}],"version-history":[{"count":0,"href":"https:\/\/www.europesays.com\/fr\/wp-json\/wp\/v2\/posts\/350678\/revisions"}],"wp:featuredmedia":[{"embeddable":true,"href":"https:\/\/www.europesays.com\/fr\/wp-json\/wp\/v2\/media\/350679"}],"wp:attachment":[{"href":"https:\/\/www.europesays.com\/fr\/wp-json\/wp\/v2\/media?parent=350678"}],"wp:term":[{"taxonomy":"category","embeddable":true,"href":"https:\/\/www.europesays.com\/fr\/wp-json\/wp\/v2\/categories?post=350678"},{"taxonomy":"post_tag","embeddable":true,"href":"https:\/\/www.europesays.com\/fr\/wp-json\/wp\/v2\/tags?post=350678"}],"curies":[{"name":"wp","href":"https:\/\/api.w.org\/{rel}","templated":true}]}}