{"id":350680,"date":"2025-08-28T21:24:17","date_gmt":"2025-08-28T21:24:17","guid":{"rendered":"https:\/\/www.europesays.com\/fr\/350680\/"},"modified":"2025-08-28T21:24:17","modified_gmt":"2025-08-28T21:24:17","slug":"girondins-les-joueurs-ne-sont-pas-responsables-du-contexte-actuel-de-bordeaux","status":"publish","type":"post","link":"https:\/\/www.europesays.com\/fr\/350680\/","title":{"rendered":"Girondins : \u00ab\u00a0Les joueurs ne sont pas responsables du contexte actuel de Bordeaux\u00a0\u00bb"},"content":{"rendered":"<p><img decoding=\"async\" src=\"https:\/\/www.europesays.com\/fr\/wp-content\/uploads\/2025\/08\/671_9f81a11f5819dd6e38a8bd0f05821588.jpg\" alt=\"Girondins : &quot;Les joueurs ne sont pas responsables du contexte actuel de Bordeaux&quot;\" class=\"img-responsive mt-3\"\/><\/p>\n<p class=\"text-center mb-3\" style=\"font-size: 14px\">\u00a9 Iconsport<\/p>\n<p style=\"text-align: justify;\">\u00c9coutez ses propos ou lisez-les :<\/p>\n<p>\u00a0<\/p>\n<p><strong>\u00ab\u00a0Les joueurs ont besoin de temps pour \u00eatre pr\u00eats \u00e0 mener le combat\u00a0\u00bb<\/strong><\/p>\n<p>\u00a0<\/p>\n<p style=\"text-align: justify;\">Jonathan d&rsquo;Agostino dans le <a href=\"https:\/\/www.youtube.com\/watch?v=bft9wtVaWTw&amp;t=5029s\" target=\"_blank\" rel=\"noopener\">Talk sur WebGirondins<\/a> : \u00ab\u00a0J&rsquo;ai entendu que les joueurs ne font pas honneur, et ne mouillent pas le maillot. Ce discours-l\u00e0, je ne le comprends pas de la part des supporters. Il faut voir dans quel \u00e9tat les joueurs sont arriv\u00e9s et dans quel contexte ils sont. On sait que la probl\u00e9matique est au-dessus, la maison bordelaise br\u00fble depuis des mois et des mois, on est en sursis et il y a une obligation de r\u00e9sultat pour les joueurs. Mais elle n&rsquo;est pas due aux joueurs, mais \u00e0 la direction depuis plusieurs ann\u00e9es.<\/p>\n<p style=\"text-align: justify;\">J&rsquo;ai senti beaucoup de supporters des Girondins d\u00e9sabus\u00e9s, abattus et avec beaucoup d&rsquo;inqui\u00e9tude, car on a peur de voir le club s&rsquo;effondrer. Ce poids ne doit pas \u00eatre mis trop fortement sur les joueurs \u00e0 l\u2019heure actuelle. Les joueurs ont besoin de temps pour \u00eatre pr\u00eats \u00e0 mener le combat. Le probl\u00e8me c&rsquo;est que le club ne laisse pas de temps pour, et que Bruno Irl\u00e8s semble en gal\u00e8re.\u00a0\u00bb<\/p>\n<p>\u00c0 lire : \u00ab\u00a0<strong><a href=\"https:\/\/www.webgirondins.com\/actualite-girondins-girondins-gerard-lopez-a-la-solution-pour-etienne-beugre-130194\" target=\"_blank\" rel=\"noopener\">G\u00e9rard Lopez a la solution pour \u00c9tienne Beugre\u00a0\u00bb<\/a><br \/><\/strong><\/p>\n<p style=\"text-align: justify;\">\u00a0<\/p>\n","protected":false},"excerpt":{"rendered":"\u00a9 Iconsport \u00c9coutez ses propos ou lisez-les : \u00a0 \u00ab\u00a0Les joueurs ont besoin de temps pour \u00eatre pr\u00eats&hellip;\n","protected":false},"author":2,"featured_media":350681,"comment_status":"","ping_status":"","sticky":false,"template":"","format":"standard","meta":{"footnotes":""},"categories":[1410],"tags":[28707,14172,1997,3721,5244,8033,1446,9866,63,1011,27,1987,14171,4059,48697,19695,3333,60,5234,5238],"class_list":{"0":"post-350680","1":"post","2":"type-post","3":"status-publish","4":"format-standard","5":"has-post-thumbnail","7":"category-football","8":"tag-actuel","9":"tag-agostino","10":"tag-bordeaux","11":"tag-chroniqueur","12":"tag-club","13":"tag-contexte","14":"tag-dans","15":"tag-explique","16":"tag-football","17":"tag-fr","18":"tag-france","19":"tag-girondins","20":"tag-jonathan","21":"tag-joueurs","22":"tag-obligation","23":"tag-responsables","24":"tag-sont","25":"tag-sports","26":"tag-talk","27":"tag-webgirondins"},"share_on_mastodon":{"url":"https:\/\/pubeurope.com\/@fr\/115108502887806324","error":""},"_links":{"self":[{"href":"https:\/\/www.europesays.com\/fr\/wp-json\/wp\/v2\/posts\/350680","targetHints":{"allow":["GET"]}}],"collection":[{"href":"https:\/\/www.europesays.com\/fr\/wp-json\/wp\/v2\/posts"}],"about":[{"href":"https:\/\/www.europesays.com\/fr\/wp-json\/wp\/v2\/types\/post"}],"author":[{"embeddable":true,"href":"https:\/\/www.europesays.com\/fr\/wp-json\/wp\/v2\/users\/2"}],"replies":[{"embeddable":true,"href":"https:\/\/www.europesays.com\/fr\/wp-json\/wp\/v2\/comments?post=350680"}],"version-history":[{"count":0,"href":"https:\/\/www.europesays.com\/fr\/wp-json\/wp\/v2\/posts\/350680\/revisions"}],"wp:featuredmedia":[{"embeddable":true,"href":"https:\/\/www.europesays.com\/fr\/wp-json\/wp\/v2\/media\/350681"}],"wp:attachment":[{"href":"https:\/\/www.europesays.com\/fr\/wp-json\/wp\/v2\/media?parent=350680"}],"wp:term":[{"taxonomy":"category","embeddable":true,"href":"https:\/\/www.europesays.com\/fr\/wp-json\/wp\/v2\/categories?post=350680"},{"taxonomy":"post_tag","embeddable":true,"href":"https:\/\/www.europesays.com\/fr\/wp-json\/wp\/v2\/tags?post=350680"}],"curies":[{"name":"wp","href":"https:\/\/api.w.org\/{rel}","templated":true}]}}