{"id":350682,"date":"2025-08-28T21:25:08","date_gmt":"2025-08-28T21:25:08","guid":{"rendered":"https:\/\/www.europesays.com\/fr\/350682\/"},"modified":"2025-08-28T21:25:08","modified_gmt":"2025-08-28T21:25:08","slug":"meghan-markle-confie-avoir-ete-au-plus-mal-en-laissant-ses-enfants-pour-assister-aux-funerailles-delizabeth-ii-madame-figaro","status":"publish","type":"post","link":"https:\/\/www.europesays.com\/fr\/350682\/","title":{"rendered":"Meghan Markle confie avoir \u00e9t\u00e9 \u00abau plus mal\u00bb en laissant ses enfants pour assister aux fun\u00e9railles d\u2019Elizabeth II &#8211; Madame Figaro"},"content":{"rendered":"<ol>\n<li><a href=\"https:\/\/news.google.com\/rss\/articles\/CBMi_wFBVV95cUxOV2xDdkJQNWNNSmhBV3NVaG1WckVuaDdGNlNSaTBLclZ4OFByLVBUTHRTR0Rub25tNDhqWjdZMnAydUlkcnJmWEN2YlZueTRjcDBIbTBWNzNHM1Ayekh6X204N3paaXRBVXN1Y3hKN1NaY1p1dHpYR24tMWVIWEMtaE4xM0JONVRNdFpKUndMWDByMTB4akI3QmhibHcyc21GWUtFRk5QMmFIYWMwMVl1VEt1ZmI4eXVYS25DTzRhM0dxVnVhSHVuNGdsbTZDdVE4bW1xMGhlNFVvSTk2RDllNi1PUjhYZEVHV2dMMmhVRFpUUkR6bkZlSk1vdXRBSXc?oc=5\" target=\"_blank\" rel=\"nofollow noopener\">Meghan Markle confie avoir \u00e9t\u00e9 \u00abau plus mal\u00bb en laissant ses enfants pour assister aux fun\u00e9railles d\u2019Elizabeth II<\/a>&nbsp;&nbsp;Madame Figaro<\/li>\n<li><a href=\"https:\/\/news.google.com\/rss\/articles\/CBMiygFBVV95cUxOQVJiVEVFa0w3a0c2SXVCUnJuNm1KSngtTWVyZTNWbXBoUnpZdHhpTWJCbzQ2bTdHVzdIRm1hbGZ6R1RDRUw5RlpwZnpRMDJlUGd3VjlWM1VUZUlXTnZVYm9scXpkcnRWZFdRQzJEQ2d4NW1yaVBETFVfRzZhS1VQQ01fejFKbnhjaGx4R2g5WlhvRjJFb3Y0VjdYN0d0SC1WRmxmVEk2YTgwZjlWUHVjRzJoUkxtYjk5ZElTQndYTl96Q0ctaVlBU3hB?oc=5\" target=\"_blank\" rel=\"nofollow noopener\">Huit nouveaux \u00e9pisodes, une \u00e9mission et des produits As Ever : la folle journ\u00e9e de Meghan<\/a>&nbsp;&nbsp;Point de Vue<\/li>\n<li><a href=\"https:\/\/news.google.com\/rss\/articles\/CBMikgFBVV95cUxObnMzTXNaS2hFMURFQTNaTGlvSUNrSlJKVEJzandac3lLZ2ZUd1RHbDU5X3Azdk14aEFBTVFTUXgwQk1UWmF5bmdNcllfR0tHN29UWVNOTmFnNkZheHF0Nkc1Mnd1d0NuZzExSlNfeG50V3VRTEdGYVJzYTN3MDBjTmtoU2x0RjRsQWc2T09YblUwZw?oc=5\" target=\"_blank\" rel=\"nofollow noopener\">L\u2019\u00e9volution en images de Meghan Markle, d\u2019actrice \u00e0 duchesse de Sussex<\/a>&nbsp;&nbsp;ELLE<\/li>\n<li><a href=\"https:\/\/news.google.com\/rss\/articles\/CBMisgFBVV95cUxNeFZ1SGpaTG1fT3QyWHhTZWlhaktzM1NpMkl6WFFEMWkwbE11WHgyZXpLbGZxNzVGa1BYeTBWT2tPeDRmZVBOUDJYUTFhTkVYa1o3ODdWRDNBSHRUYlRCOXFDN3ctSWpXSldwSmMtOHNNR0NrZmFBWXBfdEJvQ1owZnJ0UmRLVFVpZGhBQ2RkaFdYanlvOXU3c2FiellxM2YzY1d3V3RFazZ6RkJwTHJUdnln?oc=5\" target=\"_blank\" rel=\"nofollow noopener\">O\u00f9 est le prince Harry ? Pourquoi il n\u2019appara\u00eet plus avec Meghan sur Netflix<\/a>&nbsp;&nbsp;Gala<\/li>\n<li><a href=\"https:\/\/news.google.com\/rss\/articles\/CBMijgFBVV95cUxNSG9mUVFGaFdCSWlxVkpHb1NrUHRtc0RpLTFSRXBhU2tvVUxKWll0V1JEM01mN3AxM0xYYzM0eThtdzIwdk16M2stZ2NXN01oX0dLSVZVejJPQUhzQmhvYmNpMmtUYnRneWY2bnJyVXRmYldkM3pOdnU0NGpHVkJXNWx0bUxjZWtVTkFRdjlB?oc=5\" target=\"_blank\" rel=\"nofollow noopener\">Meghan Markle r\u00e9v\u00e8le que le prince Harry a dit \u201cJe t&rsquo;aime\u201d en premier<\/a>&nbsp;&nbsp;Yahoo Life France<\/li>\n<\/ol>\n","protected":false},"excerpt":{"rendered":"Meghan Markle confie avoir \u00e9t\u00e9 \u00abau plus mal\u00bb en laissant ses enfants pour assister aux fun\u00e9railles d\u2019Elizabeth II&nbsp;&nbsp;Madame&hellip;\n","protected":false},"author":2,"featured_media":1445,"comment_status":"","ping_status":"","sticky":false,"template":"","format":"standard","meta":{"footnotes":""},"categories":[1359],"tags":[58,59,1011,27,973],"class_list":{"0":"post-350682","1":"post","2":"type-post","3":"status-publish","4":"format-standard","5":"has-post-thumbnail","7":"category-people","8":"tag-divertissement","9":"tag-entertainment","10":"tag-fr","11":"tag-france","12":"tag-people"},"share_on_mastodon":{"url":"https:\/\/pubeurope.com\/@fr\/115108506714117908","error":""},"_links":{"self":[{"href":"https:\/\/www.europesays.com\/fr\/wp-json\/wp\/v2\/posts\/350682","targetHints":{"allow":["GET"]}}],"collection":[{"href":"https:\/\/www.europesays.com\/fr\/wp-json\/wp\/v2\/posts"}],"about":[{"href":"https:\/\/www.europesays.com\/fr\/wp-json\/wp\/v2\/types\/post"}],"author":[{"embeddable":true,"href":"https:\/\/www.europesays.com\/fr\/wp-json\/wp\/v2\/users\/2"}],"replies":[{"embeddable":true,"href":"https:\/\/www.europesays.com\/fr\/wp-json\/wp\/v2\/comments?post=350682"}],"version-history":[{"count":0,"href":"https:\/\/www.europesays.com\/fr\/wp-json\/wp\/v2\/posts\/350682\/revisions"}],"wp:featuredmedia":[{"embeddable":true,"href":"https:\/\/www.europesays.com\/fr\/wp-json\/wp\/v2\/media\/1445"}],"wp:attachment":[{"href":"https:\/\/www.europesays.com\/fr\/wp-json\/wp\/v2\/media?parent=350682"}],"wp:term":[{"taxonomy":"category","embeddable":true,"href":"https:\/\/www.europesays.com\/fr\/wp-json\/wp\/v2\/categories?post=350682"},{"taxonomy":"post_tag","embeddable":true,"href":"https:\/\/www.europesays.com\/fr\/wp-json\/wp\/v2\/tags?post=350682"}],"curies":[{"name":"wp","href":"https:\/\/api.w.org\/{rel}","templated":true}]}}