{"id":350683,"date":"2025-08-28T21:32:09","date_gmt":"2025-08-28T21:32:09","guid":{"rendered":"https:\/\/www.europesays.com\/fr\/350683\/"},"modified":"2025-08-28T21:32:09","modified_gmt":"2025-08-28T21:32:09","slug":"guy-ducournau-publie-son-douzieme-livre","status":"publish","type":"post","link":"https:\/\/www.europesays.com\/fr\/350683\/","title":{"rendered":"Guy Ducournau publie son douzi\u00e8me livre"},"content":{"rendered":"<p>\u00ab\u00a0Des exquis mots, c\u2019est ce que les gourmands disent\u00a0\u00bb\u00a0: tel est le titre de l\u2019ab\u00e9c\u00e9daire de jeux de mots \u00ab\u00a0nets\u00a0\u00bb et de maximes \u00ab\u00a0iliennes\u00a0\u00bb lu dans le douzi\u00e8me recueil d\u2019aphorismes et de calembours que vient de publier Guy Ducournau. F\u00e9ru de Pierre Dac, Alphonse Allais, Pierre D\u00e9sproges et Coluche, l\u2019ancien maire de Gastes en a vu de toutes les couleurs au cours des trente-sept ann\u00e9es de ses six mandats cons\u00e9cutifs, qui lui ont inspir\u00e9 des centaines de gasconnades humoristiques toutes en m\u00e9taphores, jouant sur la g\u00e9mellit\u00e9, l\u2019homonymie et la polys\u00e9mie des mots dont il se d\u00e9lecte et r\u00e9gale ses lecteurs.<\/p>\n<p>\u00c9crivain et m\u00e9c\u00e8ne<\/p>\n<p>\u00c0 la question qu\u2019il se pose\u00a0: \u00ab Comment je me suis mis \u00e0 \u00e9crire\u00a0? \u00bb, voici ce que r\u00e9pond Guy Ducournau\u00a0: \u00ab\u00a0Quand j\u2019\u00e9tais ing\u00e9nieur informaticien au Centre d\u2019essais des Landes (aujourd\u2019hui DGA, NDLR) , ne pouvaient s\u2019installer rituellement \u00e0 la cantine le lundi midi que ceux qui avaient une histoire dr\u00f4le \u00e0 raconter. Je m\u2019inspirais de ces anecdotes pour \u00e9picer mes discours \u00e0 la mairie de Gastes.\u00bb<\/p>\n<p> Ces discours avaient tant de succ\u00e8s aupr\u00e8s des invit\u00e9s que ma secr\u00e9taire m\u2019a sugg\u00e9r\u00e9 de remplacer le champagne par la limonade. Un jour, Cathy Gallardo-Leday, de la librairie Le Lutrin Magique \u00e0 Parentis-en-Born, m\u2019a demand\u00e9 pourquoi je ne reverserais pas \u00e9ventuellement les gains de mes ventes de livres \u00e0 une \u0153uvre humanitaire. Et c\u2019est ainsi que je d\u00e9cidais de donner la recette globale s\u2019\u00e9levant \u00e0 12\u00a0000\u00a0euros \u00e0 ce jour, \u00e0 l\u2019Association Ren\u00e9 Vincendeau pour le Don de plaquettes sanguines et de plasma (ARV). En 2024, le fruit de notre longue amiti\u00e9 entre Cathy et moi f\u00fbt la sortie de l\u2019opus \u00e9crit \u00e0 deux mains\u00a0: \u00ab\u00a0Blagues en coins et blagues \u00e0 part\u00a0\u00bb.<\/p>\n<p>Aujourd\u2019hui comme hier, Guy Ducournau (subtil acc\u00e9l\u00e9rateur de neurones) cr\u00e9e des livres par vocation sociale et caritative et pour donner du c\u0153ur aux gens. Tr\u00e8s impliqu\u00e9 dans la vie associative locale, ce vrai philanthrope est un authentique donateur d\u2019optimisme et de g\u00e9n\u00e9rosit\u00e9. On trouvera son douzi\u00e8me ouvrage comme les pr\u00e9c\u00e9dents \u00e0 la librairie La Veill\u00e9e \u00e0 Biscarrosse.<\/p>\n","protected":false},"excerpt":{"rendered":"\u00ab\u00a0Des exquis mots, c\u2019est ce que les gourmands disent\u00a0\u00bb\u00a0: tel est le titre de l\u2019ab\u00e9c\u00e9daire de jeux de&hellip;\n","protected":false},"author":2,"featured_media":350684,"comment_status":"","ping_status":"","sticky":false,"template":"","format":"standard","meta":{"footnotes":""},"categories":[1357],"tags":[1379,58,59,1011,27,1380],"class_list":{"0":"post-350683","1":"post","2":"type-post","3":"status-publish","4":"format-standard","5":"has-post-thumbnail","7":"category-livres","8":"tag-books","9":"tag-divertissement","10":"tag-entertainment","11":"tag-fr","12":"tag-france","13":"tag-livres"},"share_on_mastodon":{"url":"https:\/\/pubeurope.com\/@fr\/115108534352739811","error":""},"_links":{"self":[{"href":"https:\/\/www.europesays.com\/fr\/wp-json\/wp\/v2\/posts\/350683","targetHints":{"allow":["GET"]}}],"collection":[{"href":"https:\/\/www.europesays.com\/fr\/wp-json\/wp\/v2\/posts"}],"about":[{"href":"https:\/\/www.europesays.com\/fr\/wp-json\/wp\/v2\/types\/post"}],"author":[{"embeddable":true,"href":"https:\/\/www.europesays.com\/fr\/wp-json\/wp\/v2\/users\/2"}],"replies":[{"embeddable":true,"href":"https:\/\/www.europesays.com\/fr\/wp-json\/wp\/v2\/comments?post=350683"}],"version-history":[{"count":0,"href":"https:\/\/www.europesays.com\/fr\/wp-json\/wp\/v2\/posts\/350683\/revisions"}],"wp:featuredmedia":[{"embeddable":true,"href":"https:\/\/www.europesays.com\/fr\/wp-json\/wp\/v2\/media\/350684"}],"wp:attachment":[{"href":"https:\/\/www.europesays.com\/fr\/wp-json\/wp\/v2\/media?parent=350683"}],"wp:term":[{"taxonomy":"category","embeddable":true,"href":"https:\/\/www.europesays.com\/fr\/wp-json\/wp\/v2\/categories?post=350683"},{"taxonomy":"post_tag","embeddable":true,"href":"https:\/\/www.europesays.com\/fr\/wp-json\/wp\/v2\/tags?post=350683"}],"curies":[{"name":"wp","href":"https:\/\/api.w.org\/{rel}","templated":true}]}}