{"id":350685,"date":"2025-08-28T21:33:15","date_gmt":"2025-08-28T21:33:15","guid":{"rendered":"https:\/\/www.europesays.com\/fr\/350685\/"},"modified":"2025-08-28T21:33:15","modified_gmt":"2025-08-28T21:33:15","slug":"the-voice-kids-2025-guerie-dun-cancer-lincroyable-charlotte-va-vous-bouleverser","status":"publish","type":"post","link":"https:\/\/www.europesays.com\/fr\/350685\/","title":{"rendered":"\u00ab\u00a0The Voice Kids 2025\u00a0\u00bb : gu\u00e9rie d\u2019un cancer, l&rsquo;incroyable Charlotte va vous bouleverser"},"content":{"rendered":"<ul class=\"jsx-862013697 ArticleChapo__List\">\n<li class=\"jsx-862013697 ArticleChapo__List_Item flex\">Les t\u00e9l\u00e9spectateurs de TF1 ont rendez-vous avec la saison 11 de \u00ab\u00a0The Voice Kids\u00a0\u00bb samedi \u00e0 21h10.<\/li>\n<li class=\"jsx-862013697 ArticleChapo__List_Item flex\">En amont des premi\u00e8res auditions \u00e0 l&rsquo;aveugle, on vous propose de d\u00e9couvrir la performance de Charlotte.<\/li>\n<li class=\"jsx-862013697 ArticleChapo__List_Item flex\">Originaire du Nord de la France, cette lyc\u00e9enne a brav\u00e9 un cancer pour vivre son r\u00eave.<\/li>\n<\/ul>\n<p data-module=\"article-paragraph\" class=\"jsx-3046738180 Paragraph Paragraph__End\">C\u2019est LE grand moment d\u2019\u00e9motion de la premi\u00e8re soir\u00e9e d\u2019auditions \u00e0 l\u2019aveugle <a href=\"https:\/\/www.tf1info.fr\/culture\/programme-tv-tf1-the-voice-kids-sur-tf1-decouvrez-la-nouvelle-equipe-de-coachs-aux-cotes-de-patrick-fiori-2362415.html\" target=\"_blank\" rel=\"noopener\">de \u00ab\u00a0The Voice Kids\u00a0\u00bb 2025<\/a>, qui sera diffus\u00e9e samedi 30 ao\u00fbt sur TF1\u2026 et qu\u2019on vous propose de d\u00e9couvrir d\u00e8s maintenant gr\u00e2ce \u00e0 TF1+ dans la vid\u00e9o en t\u00eate de cet article. Originaire de Vitry-en-Artois, dans le Nord, Charlotte, 14 ans, va livrer une v\u00e9ritable le\u00e7on de courage et surtout de talent aux quatre coachs de cette nouvelle saison, l\u2019incontournable Patrick Fiori, les revenants Matt Pokora et Soprano et la petite nouvelle, l\u2019explosive Santa.<\/p>\n<p data-module=\"article-paragraph\" class=\"jsx-3046738180 Paragraph Paragraph__End\">Bient\u00f4t lyc\u00e9enne, Charlotte n\u2019avait que huit ans lorsque les m\u00e9decins ont appris \u00e0 ses parents qu\u2019elle souffrait d\u2019un cancer rare \u00ab\u00a0de la base du cr\u00e2ne et de la gorge\u00a0\u00bb avec des s\u00e9quelles physiques qui l\u2019ont emp\u00each\u00e9 de vivre sa passion pendant plusieurs ann\u00e9es. \u00ab\u00a0Je me suis fait op\u00e9rer, je suis gu\u00e9rie et maintenant, je chante tout le temps. Et quand je chante, il faut m\u2019\u00e9couter !\u00a0\u00bb, raconte-t-elle avec un enthousiasme d\u00e9sarmant.<\/p>\n<blockquote class=\"jsx-2786790838 Quote__Text\"><p>Quand on croit en ses r\u00eaves, on peut arriver \u00e0 de belles choses<\/p><\/blockquote>\n<p>Charlotte<\/p>\n<p data-module=\"article-paragraph\" class=\"jsx-3046738180 Paragraph Paragraph__End\">Sur le plateau du Studio du Lendit, l\u2019adolescente est venue interpr\u00e9ter \u00ab\u00a0Speed\u00a0\u00bb de Zazie. D\u2019embl\u00e9e, sa flamme \u00e9claire le visage de <a href=\"https:\/\/www.tf1info.fr\/culture\/programme-tv-matt-pokora-a-ouradour-nolwenn-leroy-a-nice-amir-en-boulanger-tf1-fait-le-plein-de-series-prestigieuses-rentree-2025-2380442.html\" target=\"_blank\" rel=\"noopener\">Matt Pokora<\/a>, le premier \u00e0 se retourner sur sa prestation. Au fil des secondes, son trac s\u2019efface et son \u00e9nergie contagieuse emporte les trois autres coachs et tout le public sur son passage. \u00ab\u00a0C\u2019est une chanson qui me parle beaucoup, et je pense que \u00e7a s\u2019est senti, parce que j\u2019ai \u00e9t\u00e9 malade\u00a0\u00bb, explique-t-elle \u00e0 Santa qui l\u2019interroge sur son parcours.<\/p>\n<p><a href=\"https:\/\/www.tf1info.fr\/culture\/programme-tv-tf1-the-voice-kids-2025-comme-les-coachs-decouvrez-la-premiere-voix-de-la-saison-a-l-aveugle-2388149.html\" rel=\"noopener\" class=\"jsx-3308031228 Link flex\" target=\"_blank\"><img decoding=\"async\" src=\"https:\/\/www.europesays.com\/fr\/wp-content\/uploads\/2025\/08\/the-voice-kids-2025-coachs-pokora-santa-soprano-dd3275-0@1x.jpeg\" alt=\"Soprano, Santa, Matt Pokora et Patrick Fiori sont les coachs de &quot;The Voice Kids 2025&quot;.\" loading=\"lazy\" importance=\"low\" fetchpriority=\"low\" class=\"\" aria-hidden=\"true\"\/><\/p>\n<p class=\"jsx-3657663356 ReadMoreArticle__Title\">Lire aussi<\/p>\n<p class=\"jsx-3657663356\">\u00ab\u00a0The Voice Kids 2025\u00a0\u00bb : comme les coachs, d\u00e9couvrez la premi\u00e8re voix de la saison&#8230; \u00e0 l&rsquo;aveugle<\/p>\n<p><\/a><\/p>\n<p data-module=\"article-paragraph\" class=\"jsx-3046738180 Paragraph Paragraph__End\">\u00ab\u00a0Quand j\u2019\u00e9tais plus jeune. Quand je chantais, c\u2019\u00e9tait la seule chose qui me faisait me sentir bien. Ou je ne souffrais pas vraiment. Je voudrais montrer aux gens qui sont dans l\u2019\u00e9tat o\u00f9 j\u2019\u00e9tais avant que quand on croit en ses r\u00eaves, on peut arriver \u00e0 de belles choses\u00a0\u00bb, plaide la candidate. Lequel des quatre coachs trouvera les mots pour la convaincre de rejoindre son \u00e9quipe ? Pour le savoir, rendez-vous samedi soir \u00e0 partir de 21h10 sur TF1 et en streaming sur TF1+.<\/p>\n<p>J\u00e9r\u00f4me VERMELIN<\/p>\n","protected":false},"excerpt":{"rendered":"Les t\u00e9l\u00e9spectateurs de TF1 ont rendez-vous avec la saison 11 de \u00ab\u00a0The Voice Kids\u00a0\u00bb samedi \u00e0 21h10. En&hellip;\n","protected":false},"author":2,"featured_media":350686,"comment_status":"","ping_status":"","sticky":false,"template":"","format":"standard","meta":{"footnotes":""},"categories":[1356],"tags":[1111,11,1921,58,59,1011,27,1922,2886,2041,9644,10826,252,199,3074,1364,133,2040,9283],"class_list":{"0":"post-350685","1":"post","2":"type-post","3":"status-publish","4":"format-standard","5":"has-post-thumbnail","7":"category-television","8":"tag-actu","9":"tag-actualites","10":"tag-article-video","11":"tag-divertissement","12":"tag-entertainment","13":"tag-fr","14":"tag-france","15":"tag-info","16":"tag-matt-pokora","17":"tag-medias-et-divertissement","18":"tag-patrick-fiori","19":"tag-soprano","20":"tag-television","21":"tag-tf1","22":"tag-the-voice","23":"tag-tv","24":"tag-video","25":"tag-video-culture","26":"tag-zazie"},"share_on_mastodon":{"url":"https:\/\/pubeurope.com\/@fr\/115108538300560718","error":""},"_links":{"self":[{"href":"https:\/\/www.europesays.com\/fr\/wp-json\/wp\/v2\/posts\/350685","targetHints":{"allow":["GET"]}}],"collection":[{"href":"https:\/\/www.europesays.com\/fr\/wp-json\/wp\/v2\/posts"}],"about":[{"href":"https:\/\/www.europesays.com\/fr\/wp-json\/wp\/v2\/types\/post"}],"author":[{"embeddable":true,"href":"https:\/\/www.europesays.com\/fr\/wp-json\/wp\/v2\/users\/2"}],"replies":[{"embeddable":true,"href":"https:\/\/www.europesays.com\/fr\/wp-json\/wp\/v2\/comments?post=350685"}],"version-history":[{"count":0,"href":"https:\/\/www.europesays.com\/fr\/wp-json\/wp\/v2\/posts\/350685\/revisions"}],"wp:featuredmedia":[{"embeddable":true,"href":"https:\/\/www.europesays.com\/fr\/wp-json\/wp\/v2\/media\/350686"}],"wp:attachment":[{"href":"https:\/\/www.europesays.com\/fr\/wp-json\/wp\/v2\/media?parent=350685"}],"wp:term":[{"taxonomy":"category","embeddable":true,"href":"https:\/\/www.europesays.com\/fr\/wp-json\/wp\/v2\/categories?post=350685"},{"taxonomy":"post_tag","embeddable":true,"href":"https:\/\/www.europesays.com\/fr\/wp-json\/wp\/v2\/tags?post=350685"}],"curies":[{"name":"wp","href":"https:\/\/api.w.org\/{rel}","templated":true}]}}