{"id":350687,"date":"2025-08-28T21:34:13","date_gmt":"2025-08-28T21:34:13","guid":{"rendered":"https:\/\/www.europesays.com\/fr\/350687\/"},"modified":"2025-08-28T21:34:13","modified_gmt":"2025-08-28T21:34:13","slug":"cest-ca-qui-me-tient-debout-emily-la-fille-de-gilbert-becaud-evoque-sa-vie-pres-de-24-ans-apres-le-depart-de-son-illustre-papa","status":"publish","type":"post","link":"https:\/\/www.europesays.com\/fr\/350687\/","title":{"rendered":"\u201cC&rsquo;est \u00e7a qui me tient debout\u201d : Emily, la fille de Gilbert B\u00e9caud, \u00e9voque sa vie pr\u00e8s de 24 ans apr\u00e8s le d\u00e9part de son illustre papa"},"content":{"rendered":"<p>            <img loading=\"lazy\" decoding=\"async\" src=\"https:\/\/www.europesays.com\/fr\/wp-content\/uploads\/2025\/04\/121-62909a850c1a7-35x35-1.jpg\" class=\"author-article-picture\" width=\"35\" height=\"35\"\/><\/p>\n<p>                Par<br \/>\n                                    <a class=\"author-article-bio-link\" href=\"https:\/\/www.purepeople.com\/auteur\/bertrand-bielle_a121\" rel=\"nofollow noopener\" target=\"_blank\">Bertrand Bielle<\/a><br \/>\n                                                    | Journaliste<\/p>\n<p>\n                Curieux de nature, Bertrand est toujours \u00e0 l\u2019affut du moindre petit scoop. Passionn\u00e9 par le football, il n\u2019est jamais bien loin du ballon rond et de toutes les actualit\u00e9s qui en d\u00e9coulent. Toutefois, l\u2019\u00e9v\u00e8nementiel du showbiz ou de la politique fait \u00e9galement partie de ses recherches journalistiques privil\u00e9gi\u00e9es.\n            <\/p>\n<p>\n    Emily B\u00e9caud \u00e9voque aujourd\u2019hui ce qui la fait avancer, entre hommage \u00e0 son p\u00e8re disparu et \u00e9preuves personnelles. \u00c0 travers sa carri\u00e8re de chanteuse et sa vie de maman, elle partage la mani\u00e8re dont l\u2019amour du public et les souvenirs familiaux lui donnent force et fiert\u00e9, pr\u00e8s de 24 ans apr\u00e8s la disparition de son p\u00e8re Gilbert B\u00e9caud.\n<\/p>\n<p>                            <img loading=\"lazy\" decoding=\"async\" class=\"player-thumbnail\" src=\"https:\/\/www.europesays.com\/fr\/wp-content\/uploads\/2025\/08\/ddd433c42bdc95c7-580x326-2.jpg\" width=\"580\" height=\"326\"\/><\/p>\n<p>                    \u201cC&rsquo;est \u00e7a qui me tient debout\u201d : Emily, la fille de Gilbert B\u00e9caud, \u00e9voque sa vie pr\u00e8s de 24 ans apr\u00e8s le d\u00e9part de son illustre papa<\/p>\n<p>La suite apr\u00e8s la publicit\u00e9<\/p>\n<p>En d\u00e9cembre, cela fera vingt-quatre ans que Gilbert B\u00e9caud nous a quitt\u00e9s, des suites d&rsquo;un cancer. L&rsquo;interpr\u00e8te de Nathalie a laiss\u00e9 derri\u00e8re lui cinq enfants biologiques, issus de trois mariages diff\u00e9rents\u00a0: Gilbert dit Gaya n\u00e9 en 1953, Philippe n\u00e9 en 1957, Anne n\u00e9e en 1961, Jennifer n\u00e9e en 1968 et Emily n\u00e9e en 1972. Il a \u00e9galement adopt\u00e9 <a href=\"https:\/\/www.purepeople.com\/article\/gilbert-becaud-que-devient-noi-la-petite-fille-qu-il-avait-adoptee-au-laos-avec-kitty-sa-troisieme-epouse_a529094\/1\" rel=\"nofollow noopener\" target=\"_blank\">No\u00ef<\/a>, un gar\u00e7on originaire du Laos.<\/p>\n<p>Ici, int\u00e9ressons-nous \u00e0 Emily, qui a d\u00e9cid\u00e9 de suivre les traces de son p\u00e8re en devenant officiellement chanteuse en 2019, et qui vient de lui adresser un message particuli\u00e8rement touchant mercredi 27 ao\u00fbt 2025, par l&rsquo;interm\u00e9diaire d&rsquo;une publication Facebook. \u00ab\u00a0J&rsquo;ai de la chance, papa. <strong>Tu m&rsquo;as laiss\u00e9 un public formidable. Partout o\u00f9 je vais pour parler de toi ou pour chanter tes chansons, je re\u00e7ois une partie de tout l&rsquo;amour que toutes ces personnes te portent. C&rsquo;est \u00e7a qui me tient debout et qui me rend fi\u00e8re et je suis plus fi\u00e8re encore de pouvoir montrer \u00e0 mes enfants combien leur grand-p\u00e8re \u00e9tait aim\u00e9<\/strong>. Merci \u00e0 vous toutes et tous. Papa, on pr\u00e9pare tes 100 ans en 2027 comme si tu \u00e9tais encore avec nous.\u00a0\u00bb, a \u00e9crit celle qui est maman de trois enfants : un fils, Max, n\u00e9 en 2001 d&rsquo;une premi\u00e8re union, et des jumeaux, Rhonda et Will.<\/p>\n<\/p>\n<p>Emily B\u00e9caud, elle a perdu sa s\u0153ur Anne dans un incendie<\/p>\n<p>Emily a pour rappel rendu hommage \u00e0 plusieurs reprises \u00e0 son p\u00e8re, sur sc\u00e8ne. Que ce soit d\u00e9cembre 2018, au Casino de Deauville, ou en septembre 2023 \u00e0 <a href=\"https:\/\/www.purepeople.com\/article\/gilbert-becaud-sa-veuve-kitty-et-leur-fille-emily-unies-face-a-l-emotion-soiree-hommage-a-l-olympia_a514172\/1\" rel=\"nofollow noopener\" target=\"_blank\">l&rsquo;Olympia<\/a>, avec sa m\u00e8re Kitty. Et il y a donc un nouvel \u00e9v\u00e9nement qui se pr\u00e9pare pour les cent ans de la disparition du chanteur. A noter qu&rsquo;Emily n&rsquo;a pas seulement perdu son p\u00e8re. Elle a \u00e9galement d\u00fb dire pr\u00e9matur\u00e9ment adieu \u00e0 sa s\u0153ur Anne, d\u00e9c\u00e9d\u00e9e en 2019 \u00e0 53 ans seulement <a href=\"https:\/\/www.purepeople.com\/article\/gilbert-becaud-la-mort-de-sa-fille-anne-confirmee-crime-ou-accident_a356453\/1\" rel=\"nofollow noopener\" target=\"_blank\">dans un incendie<\/a> qui a ravag\u00e9 son domicile \u00a0\u00e0 Saint-Pierre-de-Maill\u00e9, dans la Vienne.<\/p>\n<p>Les pompiers avaient tent\u00e9 d\u2019\u00e9teindre le feu d\u00e9clench\u00e9 par un accident domestique au petit matin, mais la demeure fut h\u00e9las totalement d\u00e9truite. L&rsquo;incendie a lieu non loin de la demeure familiale, o\u00f9 vit la veuve du chanteur, Kitty, ainsi qu\u2019Emily.<\/p>\n<p>\u00a0<\/p>\n","protected":false},"excerpt":{"rendered":"Par Bertrand Bielle | Journaliste Curieux de nature, Bertrand est toujours \u00e0 l\u2019affut du moindre petit scoop. Passionn\u00e9&hellip;\n","protected":false},"author":2,"featured_media":350688,"comment_status":"","ping_status":"","sticky":false,"template":"","format":"standard","meta":{"footnotes":""},"categories":[1355],"tags":[58,59,1011,27,1361,873],"class_list":{"0":"post-350687","1":"post","2":"type-post","3":"status-publish","4":"format-standard","5":"has-post-thumbnail","7":"category-musique","8":"tag-divertissement","9":"tag-entertainment","10":"tag-fr","11":"tag-france","12":"tag-music","13":"tag-musique"},"share_on_mastodon":{"url":"https:\/\/pubeurope.com\/@fr\/115108542241986531","error":""},"_links":{"self":[{"href":"https:\/\/www.europesays.com\/fr\/wp-json\/wp\/v2\/posts\/350687","targetHints":{"allow":["GET"]}}],"collection":[{"href":"https:\/\/www.europesays.com\/fr\/wp-json\/wp\/v2\/posts"}],"about":[{"href":"https:\/\/www.europesays.com\/fr\/wp-json\/wp\/v2\/types\/post"}],"author":[{"embeddable":true,"href":"https:\/\/www.europesays.com\/fr\/wp-json\/wp\/v2\/users\/2"}],"replies":[{"embeddable":true,"href":"https:\/\/www.europesays.com\/fr\/wp-json\/wp\/v2\/comments?post=350687"}],"version-history":[{"count":0,"href":"https:\/\/www.europesays.com\/fr\/wp-json\/wp\/v2\/posts\/350687\/revisions"}],"wp:featuredmedia":[{"embeddable":true,"href":"https:\/\/www.europesays.com\/fr\/wp-json\/wp\/v2\/media\/350688"}],"wp:attachment":[{"href":"https:\/\/www.europesays.com\/fr\/wp-json\/wp\/v2\/media?parent=350687"}],"wp:term":[{"taxonomy":"category","embeddable":true,"href":"https:\/\/www.europesays.com\/fr\/wp-json\/wp\/v2\/categories?post=350687"},{"taxonomy":"post_tag","embeddable":true,"href":"https:\/\/www.europesays.com\/fr\/wp-json\/wp\/v2\/tags?post=350687"}],"curies":[{"name":"wp","href":"https:\/\/api.w.org\/{rel}","templated":true}]}}