{"id":35069,"date":"2025-04-18T22:49:08","date_gmt":"2025-04-18T22:49:08","guid":{"rendered":"https:\/\/www.europesays.com\/fr\/35069\/"},"modified":"2025-04-18T22:49:08","modified_gmt":"2025-04-18T22:49:08","slug":"gregg-popovich-coach-de-victor-wembanyama-a-eu-une-nouvelle-alerte-medicale","status":"publish","type":"post","link":"https:\/\/www.europesays.com\/fr\/35069\/","title":{"rendered":"Gregg Popovich, coach de Victor Wembanyama, a eu une nouvelle alerte m\u00e9dicale"},"content":{"rendered":"<p>L\u2019entra\u00eeneur embl\u00e9matique des San Antonio Spurs, victime d\u2019un AVC en novembre dernier, aurait \u00e9t\u00e9 hospitalis\u00e9 en d\u00e9but de semaine apr\u00e8s une alerte m\u00e9dicale dans un restaurant.<\/p>\n<p class=\"fig-paragraph\">L&rsquo;entra\u00eeneur embl\u00e9matique des<a href=\"http:\/\/www.lefigaro.fr\/sports\/basket\/nba\/nba-etincelant-l-interieur-des-spurs-sandro-mamukelashvili-s-offre-un-record-20250320\" data-fig-type=\"NewsFlash\" data-gtm-custom-categorie=\"navigation\" data-gtm-custom-action=\"crossclick\" data-gtm-custom-label=\"Contextuel\" data-gtm-event=\"customEventSPE\" data-fig-domain=\"LEFIGARO\" target=\"_blank\" rel=\"noopener\">\u00a0San Antonio Spurs<\/a>\u00a0<a href=\"http:\/\/www.lefigaro.fr\/sports\/basket\/nba\/nba-gregg-popovich-ne-retrouvera-pas-les-parquets-avec-les-spurs-cette-saison-20250227\" data-fig-type=\"NewsFlash\" data-gtm-custom-categorie=\"navigation\" data-gtm-custom-action=\"crossclick\" data-gtm-custom-label=\"Contextuel\" data-gtm-event=\"customEventSPE\" data-fig-domain=\"LEFIGARO\" target=\"_blank\" rel=\"noopener\">Gregg Popovich<\/a>, en convalescence depuis son AVC en novembre, a \u00e9t\u00e9 hospitalis\u00e9 apr\u00e8s une alerte m\u00e9dicale alors qu&rsquo;il \u00e9tait au restaurant mardi, avant de rentrer chez lui o\u00f9 il r\u00e9cup\u00e8re bien, rapportent des m\u00e9dias am\u00e9ricains vendredi.<\/p>\n<p class=\"fig-paragraph\">Le site internet TMZ, sp\u00e9cialis\u00e9 dans l&rsquo;actualit\u00e9 des c\u00e9l\u00e9brit\u00e9s, a \u00e9t\u00e9 le premier \u00e0 indiquer que l&rsquo;entra\u00eeneur de 76 ans avait \u00e9t\u00e9 \u00e9vacu\u00e9 sur une civi\u00e8re et transport\u00e9 \u00e0 l&rsquo;h\u00f4pital, pr\u00e9cisant que sa vie n&rsquo;\u00e9tait pas en danger. ESPN, citant une source anonyme, a rapport\u00e9 pour sa part que \u00abPopp\u00bb \u00e9tait rentr\u00e9 chez lui et r\u00e9cup\u00e9rait bien vendredi.<\/p>\n<p class=\"fig-body-link\">\n            \u00c0 lire aussi<br \/>\n        <a class=\"fig-body-link__link\" href=\"http:\/\/www.lefigaro.fr\/sports\/basket\/nba\/nba-miami-et-dallas-s-offrent-une-derniere-chance-chicago-et-sacramento-elimines-20250417\" data-fig-type=\"NewsFlash\" data-gtm-custom-categorie=\"navigation\" data-gtm-custom-action=\"crossclick\" data-gtm-custom-label=\"Contextuel\" data-gtm-event=\"customEventSPE\" data-fig-domain=\"LEFIGARO\" target=\"_blank\" rel=\"noopener\">NBA: Miami et Dallas s&rsquo;offrent une derni\u00e8re chance, Chicago et Sacramento \u00e9limin\u00e9s<br \/>\n    <\/a>\n<\/p>\n<p>Cinq titres NBA avec les Spurs dont quatre avec Tony Parker<\/p>\n<p class=\"fig-paragraph\">\u00c0 la t\u00eate des Spurs depuis 1996, Popovich y a remport\u00e9 cinq titres NBA (1999, 2003, 2005, 2007, 2014), dont les quatre derniers avec le meneur fran\u00e7ais Tony Parker. Il est l&rsquo;entra\u00eeneur ayant le plus de victoires en NBA (1.412 en saison r\u00e9guli\u00e8re et 170 en play-offs).<\/p>\n<p class=\"fig-paragraph\">Il a \u00e9galement conduit les Etats-Unis au titre olympique \u00e0 Tokyo en 2021 avant d&rsquo;\u00eatre intronis\u00e9 dans le Temple de la Renomm\u00e9e deux ans plus tard.<\/p>\n<p class=\"fig-body-link\">\n            \u00c0 lire aussi<br \/>\n        <a class=\"fig-body-link__link\" href=\"http:\/\/www.lefigaro.fr\/sports\/basket\/nba\/nba-l-entraineur-des-warriors-steve-kerr-soutient-la-lutte-de-harvard-contre-donald-trump-20250416\" data-fig-type=\"NewsFlash\" data-gtm-custom-categorie=\"navigation\" data-gtm-custom-action=\"crossclick\" data-gtm-custom-label=\"Contextuel\" data-gtm-event=\"customEventSPE\" data-fig-domain=\"LEFIGARO\" target=\"_blank\" rel=\"noopener\">NBA\u00a0: l&rsquo;entra\u00eeneur des Warriors Steve Kerr soutient la lutte de Harvard contre \u00abla brute\u00bb Donald Trump<br \/>\n    <\/a>\n<\/p>\n<p class=\"fig-paragraph\">Victime d&rsquo;un \u00abl\u00e9ger AVC\u00bb le 2 novembre, selon les mots des Spurs, il avait d\u00e9clar\u00e9 fin f\u00e9vrier son intention de rester \u00e0 l&rsquo;\u00e9cart des parquets jusqu&rsquo;au terme de la saison pour poursuivre sa convalescence.<\/p>\n<p class=\"fig-paragraph\">Son adjoint Mitch Johnson assure l&rsquo;int\u00e9rim \u00e0 la t\u00eate de l&rsquo;\u00e9quipe, qui a fini la saison r\u00e9guli\u00e8re \u00e0 une lointaine 13e place de la conf\u00e9rence Ouest (34 victoires-48 d\u00e9faites) et ne participera pas aux phases finales.<\/p>\n","protected":false},"excerpt":{"rendered":"L\u2019entra\u00eeneur embl\u00e9matique des San Antonio Spurs, victime d\u2019un AVC en novembre dernier, aurait \u00e9t\u00e9 hospitalis\u00e9 en d\u00e9but de&hellip;\n","protected":false},"author":2,"featured_media":35070,"comment_status":"","ping_status":"","sticky":false,"template":"","format":"standard","meta":{"footnotes":""},"categories":[1586],"tags":[11,1465,1464,11400,1981,11394,11395,814,1777,674,1779,1011,27,11401,6910,11399,11398,2182,12,2189,11396,25,1980,11393,11402,2188,2187,11397,1778,364],"class_list":{"0":"post-35069","1":"post","2":"type-post","3":"status-publish","4":"format-standard","5":"has-post-thumbnail","7":"category-europe","8":"tag-actualites","9":"tag-basket","10":"tag-basketball","11":"tag-bulls","12":"tag-classement","13":"tag-conference-est","14":"tag-conference-ouest","15":"tag-direct","16":"tag-eu","17":"tag-europe","18":"tag-european-union","19":"tag-fr","20":"tag-france","21":"tag-golden-state","22":"tag-jazz","23":"tag-lakers","24":"tag-mvp","25":"tag-nba","26":"tag-news","27":"tag-photos","28":"tag-playoffs","29":"tag-republique-francaise","30":"tag-resultats","31":"tag-san-antonio-spurs","32":"tag-spurs","33":"tag-statistiques","34":"tag-stats","35":"tag-trades","36":"tag-ue","37":"tag-union-europeenne"},"share_on_mastodon":{"url":"https:\/\/pubeurope.com\/@fr\/114361412018209999","error":""},"_links":{"self":[{"href":"https:\/\/www.europesays.com\/fr\/wp-json\/wp\/v2\/posts\/35069","targetHints":{"allow":["GET"]}}],"collection":[{"href":"https:\/\/www.europesays.com\/fr\/wp-json\/wp\/v2\/posts"}],"about":[{"href":"https:\/\/www.europesays.com\/fr\/wp-json\/wp\/v2\/types\/post"}],"author":[{"embeddable":true,"href":"https:\/\/www.europesays.com\/fr\/wp-json\/wp\/v2\/users\/2"}],"replies":[{"embeddable":true,"href":"https:\/\/www.europesays.com\/fr\/wp-json\/wp\/v2\/comments?post=35069"}],"version-history":[{"count":0,"href":"https:\/\/www.europesays.com\/fr\/wp-json\/wp\/v2\/posts\/35069\/revisions"}],"wp:featuredmedia":[{"embeddable":true,"href":"https:\/\/www.europesays.com\/fr\/wp-json\/wp\/v2\/media\/35070"}],"wp:attachment":[{"href":"https:\/\/www.europesays.com\/fr\/wp-json\/wp\/v2\/media?parent=35069"}],"wp:term":[{"taxonomy":"category","embeddable":true,"href":"https:\/\/www.europesays.com\/fr\/wp-json\/wp\/v2\/categories?post=35069"},{"taxonomy":"post_tag","embeddable":true,"href":"https:\/\/www.europesays.com\/fr\/wp-json\/wp\/v2\/tags?post=35069"}],"curies":[{"name":"wp","href":"https:\/\/api.w.org\/{rel}","templated":true}]}}