{"id":350691,"date":"2025-08-28T21:36:21","date_gmt":"2025-08-28T21:36:21","guid":{"rendered":"https:\/\/www.europesays.com\/fr\/350691\/"},"modified":"2025-08-28T21:36:21","modified_gmt":"2025-08-28T21:36:21","slug":"deja-disponible-pour-une-autre-maladie-ce-vaccin-reduirait-le-risque-de-demence-de-crise-cardiaque-et-davc","status":"publish","type":"post","link":"https:\/\/www.europesays.com\/fr\/350691\/","title":{"rendered":"D\u00e9j\u00e0 disponible pour une autre maladie, ce vaccin r\u00e9duirait le risque de d\u00e9mence, de crise cardiaque et d&rsquo;AVC"},"content":{"rendered":"<p class=\"app_entry_lead\">\n                                    <a title=\"\u00a0\u00a9\u00a0oatautta - stock.adobe.com\" href=\"https:\/\/www.europesays.com\/fr\/wp-content\/uploads\/2025\/08\/79509551.jpg\" class=\"fancy\"><\/p>\n<p>                            <img loading=\"lazy\" decoding=\"async\" src=\"https:\/\/www.europesays.com\/fr\/wp-content\/uploads\/2025\/08\/79509551.jpg\" alt=\"D\u00e9j\u00e0 disponible pour une autre maladie, ce vaccin r\u00e9duirait le risque de d\u00e9mence, de crise cardiaque et d'AVC\" width=\"1500\" height=\"1001\"\/><\/p>\n<p>                    <\/a><br \/>\n                    Ce vaccin est recommand\u00e9 \u00e0 une partie de la population en France en pr\u00e9vention d&rsquo;une maladie virale fr\u00e9quente. Plusieurs \u00e9tudes montrent qu&rsquo;il prot\u00e8gerait aussi des AVC, infarctus et d\u00e9mences.\n            <\/p>\n<p>R\u00e9duire le risque de d\u00e9mence, de crise cardiaque et d&rsquo;AVC\u00a0avec un vaccin ? Ces trois probl\u00e8mes de sant\u00e9 majeurs touchent plusieurs centaines de milliers de personnes par an en France.\u00a0R\u00e9duire le nombre de personnes atteintes est donc un enjeu de sant\u00e9 publique de taille.\u00a0Et d\u00e9sormais, un vaccin pourrait y jouer un r\u00f4le.<\/p>\n<p>Il s&rsquo;agit du vaccin contre le zona. Cette maladie fr\u00e9quente et douloureuse, due \u00e0 la r\u00e9activation du virus de la varicelle qui peut rester dormant dans le corps, touche surtout les personnes de plus de 50\u00a0ans. Un vaccin (Shingrix\u00ae) est recommand\u00e9 en France depuis 2024\u00a0aux plus de 65\u00a0ans ainsi qu&rsquo;aux personnes immunod\u00e9prim\u00e9es de plus de 18\u00a0ans. Un autre vaccin contre le zona, Zostavax\u00ae, \u00e9tait disponible avant 2024\u00a0pour les plus de 65\u00a0ans.\u00a0Au-del\u00e0 de son efficacit\u00e9 de protection contre le zona, le vaccin pourrait aussi r\u00e9duire le risque de d\u00e9mence, d&rsquo;AVC\u00a0et d&rsquo;infarctus d&rsquo;apr\u00e8s plusieurs \u00e9tudes.<\/p>\n<p><img decoding=\"async\" alt=\"\" src=\"https:\/\/www.europesays.com\/fr\/wp-content\/uploads\/2025\/08\/79511497.jpg\"\/><\/p>\n<p>L&rsquo;une d&rsquo;elle, pr\u00e9sent\u00e9e au congr\u00e8s 2025\u00a0de la Soci\u00e9t\u00e9 europ\u00e9enne de cardiologie,\u00a0\u00ab\u00a0a montr\u00e9 un lien entre la vaccination (contre le zona)\u00a0et une r\u00e9duction statistiquement significative du risque de crise cardiaque et d&rsquo;accident vasculaire c\u00e9r\u00e9bral\u00a0\u00bb, d&rsquo;apr\u00e8s un <a href=\"https:\/\/www.escardio.org\/The-ESC\/Press-Office\/Press-releases\/New-systematic-review-and-meta-analysis-shows-an-association-between-shingles-vaccination-and-lower-risk-of-heart-attack-and-stroke?utm_medium=Email&amp;utm_source=ESC&amp;utm_campaign=ESC+Press+-+ESC+Congress+mail+3.5+Embargo+lift++28.08#\" rel=\"nofollow noopener\" target=\"_blank\">communiqu\u00e9<\/a>. Plus pr\u00e9cis\u00e9ment, la recherche a conclu que \u00ab\u00a0la vaccination contre le zona \u00e9tait associ\u00e9e \u00e0 une r\u00e9duction de 18% et 16% du risque d&rsquo;\u00e9v\u00e9nements cardiovasculaires\u00a0\u00bb comme un AVC\u00a0ou un infarctus. De pr\u00e9c\u00e9dentes recherches avaient d&rsquo;ailleurs mis en \u00e9vidence une augmentation du risque d&rsquo;\u00e9v\u00e9nements cardiovasculaires chez les personnes touch\u00e9es par le zona.\u00a0<\/p>\n<p>D&rsquo;autres \u00e9tudes ont aussi d\u00e9montr\u00e9 un lien entre la vaccination contre le zona et une r\u00e9duction du risque de d\u00e9mence.\u00a0L&rsquo;une d&rsquo;elles, publi\u00e9e dans la renomm\u00e9e revue <a href=\"https:\/\/www.nature.com\/articles\/s41586-025-08800-x#Sec11\" rel=\"nofollow noopener\" target=\"_blank\">Nature<\/a> en avril 2025, a conclu \u00e0 une r\u00e9duction de 20%\u00a0du risque de d\u00e9mence chez les personnes vaccin\u00e9es par rapport \u00e0 celles qui n&rsquo;\u00e9taient pas vaccin\u00e9es.\u00a0<\/p>\n<p>Par ailleurs, une autre \u00e9tude, men\u00e9e par des chercheurs de l&rsquo;Universit\u00e9 d&rsquo;Oxford aupr\u00e8s de 200\u00a0000\u00a0personnes, a sugg\u00e9r\u00e9 que le nouveau vaccin Shingrix\u00ae \u00e9tait m\u00eame encore plus efficace que l&rsquo;ancien vaccin Zostavax\u00ae, puisqu&rsquo;il r\u00e9duisait de 17%\u00a0suppl\u00e9mentaires le risque de d\u00e9mence.\u00a0Le Dr\u00a0Maxime Taquet, qui a dirig\u00e9 l&rsquo;\u00e9tude, a d\u00e9clar\u00e9 dans un <a href=\"https:\/\/www.ox.ac.uk\/news\/2024-07-25-new-shingles-vaccine-could-reduce-risk-dementia\" rel=\"nofollow noopener\" target=\"_blank\">communiqu\u00e9<\/a> que \u00ab\u00a0ces r\u00e9sultats soutiennent l&rsquo;hypoth\u00e8se selon laquelle la vaccination contre le zona pourrait pr\u00e9venir la d\u00e9mence\u00a0\u00bb.<\/p>\n<p>D&rsquo;autres recherches doivent \u00e9videmment \u00eatre men\u00e9es pour confirmer et pr\u00e9ciser ces liens entre la vaccination contre le zona et le risque de d\u00e9mence, de crise cardiaque et d&rsquo;AVC.\u00a0Il reste aussi \u00e0 savoir comment ce vaccin peut avoir ces effets : les chercheurs pr\u00e9sument qu&rsquo;ils pourraient directement venir des risques li\u00e9s au zona, ou d&rsquo;une substance pr\u00e9sente dans le vaccin qui aurait des effets b\u00e9n\u00e9fiques.\u00a0Dans tous les cas, le vaccin est efficace contre le zona, et recommand\u00e9 chez les personnes \u00e0 risque.\u00a0<\/p>\n","protected":false},"excerpt":{"rendered":"Ce vaccin est recommand\u00e9 \u00e0 une partie de la population en France en pr\u00e9vention d&rsquo;une maladie virale fr\u00e9quente.&hellip;\n","protected":false},"author":2,"featured_media":350693,"comment_status":"","ping_status":"","sticky":false,"template":"","format":"standard","meta":{"footnotes":""},"categories":[10],"tags":[1011,27,72,71],"class_list":{"0":"post-350691","1":"post","2":"type-post","3":"status-publish","4":"format-standard","5":"has-post-thumbnail","7":"category-sante","8":"tag-fr","9":"tag-france","10":"tag-health","11":"tag-sante"},"share_on_mastodon":{"url":"","error":""},"_links":{"self":[{"href":"https:\/\/www.europesays.com\/fr\/wp-json\/wp\/v2\/posts\/350691","targetHints":{"allow":["GET"]}}],"collection":[{"href":"https:\/\/www.europesays.com\/fr\/wp-json\/wp\/v2\/posts"}],"about":[{"href":"https:\/\/www.europesays.com\/fr\/wp-json\/wp\/v2\/types\/post"}],"author":[{"embeddable":true,"href":"https:\/\/www.europesays.com\/fr\/wp-json\/wp\/v2\/users\/2"}],"replies":[{"embeddable":true,"href":"https:\/\/www.europesays.com\/fr\/wp-json\/wp\/v2\/comments?post=350691"}],"version-history":[{"count":0,"href":"https:\/\/www.europesays.com\/fr\/wp-json\/wp\/v2\/posts\/350691\/revisions"}],"wp:featuredmedia":[{"embeddable":true,"href":"https:\/\/www.europesays.com\/fr\/wp-json\/wp\/v2\/media\/350693"}],"wp:attachment":[{"href":"https:\/\/www.europesays.com\/fr\/wp-json\/wp\/v2\/media?parent=350691"}],"wp:term":[{"taxonomy":"category","embeddable":true,"href":"https:\/\/www.europesays.com\/fr\/wp-json\/wp\/v2\/categories?post=350691"},{"taxonomy":"post_tag","embeddable":true,"href":"https:\/\/www.europesays.com\/fr\/wp-json\/wp\/v2\/tags?post=350691"}],"curies":[{"name":"wp","href":"https:\/\/api.w.org\/{rel}","templated":true}]}}