{"id":350692,"date":"2025-08-28T21:36:23","date_gmt":"2025-08-28T21:36:23","guid":{"rendered":"https:\/\/www.europesays.com\/fr\/350692\/"},"modified":"2025-08-28T21:36:23","modified_gmt":"2025-08-28T21:36:23","slug":"le-musee-van-gogh-damsterdam-menace-de-fermeture-lance-lalerte","status":"publish","type":"post","link":"https:\/\/www.europesays.com\/fr\/350692\/","title":{"rendered":"Le mus\u00e9e Van Gogh d&rsquo;Amsterdam, menac\u00e9 de fermeture, lance l&rsquo;alerte"},"content":{"rendered":"<p>Le c\u00e9l\u00e8bre mus\u00e9e a d\u00e9clar\u00e9 ce mercredi qu&rsquo;il pourrait bient\u00f4t fermer ses portes s&rsquo;il ne re\u00e7oit pas davantage de subventions de la part du gouvernement n\u00e9erlandais.<\/p>\n<p>Un lieu incontournable de la capitale des <a href=\"https:\/\/www.bfmtv.com\/international\/afrique\/video-les-pays-bas-restituent-des-uvres-d-art-au-nigeria_VN-202506210283.html\" title=\"Les Pays-Bas restituent des \u0153uvres d&#039;art au Nigeria\" class=\"internal_link\" rel=\"nofollow noopener\" target=\"_blank\">Pays-Bas<\/a> fragilis\u00e9. Le <a href=\"https:\/\/www.bfmtv.com\/international\/le-musee-van-gogh-d-amsterdam-acquiert-une-lettre-co-ecrite-avec-gauguin_AN-202006170229.html\" title=\"Le mus\u00e9e Van Gogh d&#039;Amsterdam acquiert une lettre co-\u00e9crite avec Gauguin\" class=\"internal_link\" rel=\"nofollow noopener\" target=\"_blank\">mus\u00e9e Van Gogh<\/a> s&rsquo;est dit menac\u00e9 de fermeture dans un futur proche si le gouvernement n\u00e9erlandais ne contribue pas davantage \u00e0 un plan de maintenance de 104 millions d&rsquo;euros, selon un communiqu\u00e9 publi\u00e9 ce mercredi.<\/p>\n<p>Le c\u00e9l\u00e8bre mus\u00e9e a affirm\u00e9 ne pas \u00eatre en mesure de financer le plan d&rsquo;envergure de \u00ab\u00a0maintenance majeure\u00a0\u00bb et de \u00ab\u00a0mesures essentielles en mati\u00e8re de durabilit\u00e9\u00a0\u00bb, cens\u00e9 commencer en 2028 pour une dur\u00e9e d&rsquo;environ trois ans.<\/p>\n<p>Il est dispos\u00e9 \u00e0 utiliser ses propres ressources pour couvrir les 50 millions d&rsquo;euros de pertes de revenus estim\u00e9es pendant les fermetures partielles et pour cofinancer les travaux. Cependant, il estime qu&rsquo;une contribution gouvernementale annuelle de plus de 11 millions d&rsquo;euros est n\u00e9cessaire pour appliquer ce plan.<\/p>\n<p>\u00ab\u00a0Suffisant\u00a0\u00bb<\/p>\n<p>\u00ab\u00a0Le minist\u00e8re de l&rsquo;\u00c9ducation, de la Culture et des Sciences ne fournira toutefois pas plus que le niveau actuel de soutien, qui est de 8,5 millions d&rsquo;euros, laissant le mus\u00e9e avec un d\u00e9ficit annuel de 2,5 millions d&rsquo;euros\u00a0\u00bb, a affirm\u00e9 le mus\u00e9e. \u00ab\u00a0C&rsquo;est la derni\u00e8re chose que nous souhaitons, mais si nous en arrivons l\u00e0, nous devrons fermer le b\u00e2timent\u00a0\u00bb, a-t-il regrett\u00e9.<\/p>\n<p>De son c\u00f4t\u00e9, le minist\u00e8re a d\u00e9clar\u00e9 dans un courriel \u00e0 l&rsquo;AFP estimer que la subvention allou\u00e9e \u00e9tait \u00ab\u00a0suffisante pour couvrir les frais d&rsquo;entretien n\u00e9cessaires\u00a0\u00bb. \u00ab\u00a0Cette position s&rsquo;appuie sur des recherches approfondies men\u00e9es par des experts ind\u00e9pendants mandat\u00e9s par le minist\u00e8re\u00a0\u00bb, a-t-il pr\u00e9cis\u00e9.<\/p>\n<p>Mais le mus\u00e9e Van Gogh est all\u00e9 encore plus loin. Il a contest\u00e9 la d\u00e9cision d&rsquo;octroi de la subvention en 2023 et a r\u00e9cemment engag\u00e9 une proc\u00e9dure judiciaire, a continu\u00e9 le minist\u00e8re, qui a ajout\u00e9 que ce type de contestation n&rsquo;\u00e9tait \u00ab\u00a0pas rare\u00a0\u00bb. L&rsquo;affaire sera entendue le 19 f\u00e9vrier 2026.<\/p>\n<p>57 millions de visiteurs<\/p>\n<p>L&rsquo;institution culturelle est aujourd&rsquo;hui l&rsquo;une des grandes attractions touristiques de la capitale n\u00e9erlandaise, ayant attir\u00e9 pr\u00e8s de 57 millions de visiteurs depuis son ouverture en 1973.<\/p>\n<p>Exposant plusieurs centaines d&rsquo;\u0153uvres de l&rsquo;artiste \u00e0 l&rsquo;oreille coup\u00e9e, dont ses c\u00e9l\u00e8bres tournesols, le b\u00e2timent du mus\u00e9e n&rsquo;a pourtant jamais \u00e9t\u00e9 con\u00e7u pour accueillir autant de visiteurs, affirme le mus\u00e9e. \u00ab\u00a0Les b\u00e2timents sont en mauvais \u00e9tat et n\u00e9cessitent des investissements importants pour garantir leur s\u00e9curit\u00e9 et leur accessibilit\u00e9 au public\u00a0\u00bb, poursuit le communiqu\u00e9.<\/p>\n<p>En 1962, la famille du peintre avait conclu un accord avec le gouvernement n\u00e9erlandais visant \u00e0 construire et \u00e0 entretenir un mus\u00e9e pour \u00e9viter que l&rsquo;\u0153uvre de Van Gogh ne soit dispers\u00e9e. Son neveu, Vincent Willem Van Gogh, avait alors supervis\u00e9 le transfert des tableaux.<\/p>\n<p>\u00ab\u00a0Une promesse faite est une promesse tenue. M\u00eame lorsqu&rsquo;il s&rsquo;agit d&rsquo;un gouvernement\u00a0\u00bb, a affirm\u00e9 le mus\u00e9e. Le mus\u00e9e Van Gogh tire 85% de ses revenus de ses visiteurs et de partenariats priv\u00e9s, une part plus \u00e9lev\u00e9e que la plupart des mus\u00e9es n\u00e9erlandais.<\/p>\n","protected":false},"excerpt":{"rendered":"Le c\u00e9l\u00e8bre mus\u00e9e a d\u00e9clar\u00e9 ce mercredi qu&rsquo;il pourrait bient\u00f4t fermer ses portes s&rsquo;il ne re\u00e7oit pas davantage&hellip;\n","protected":false},"author":2,"featured_media":350694,"comment_status":"","ping_status":"","sticky":false,"template":"","format":"standard","meta":{"footnotes":""},"categories":[1358],"tags":[1348,1384,1385,1386,58,59,1011,27],"class_list":{"0":"post-350692","1":"post","2":"type-post","3":"status-publish","4":"format-standard","5":"has-post-thumbnail","7":"category-arts-et-design","8":"tag-arts","9":"tag-arts-and-design","10":"tag-arts-et-design","11":"tag-design","12":"tag-divertissement","13":"tag-entertainment","14":"tag-fr","15":"tag-france"},"share_on_mastodon":{"url":"https:\/\/pubeurope.com\/@fr\/115108549936689538","error":""},"_links":{"self":[{"href":"https:\/\/www.europesays.com\/fr\/wp-json\/wp\/v2\/posts\/350692","targetHints":{"allow":["GET"]}}],"collection":[{"href":"https:\/\/www.europesays.com\/fr\/wp-json\/wp\/v2\/posts"}],"about":[{"href":"https:\/\/www.europesays.com\/fr\/wp-json\/wp\/v2\/types\/post"}],"author":[{"embeddable":true,"href":"https:\/\/www.europesays.com\/fr\/wp-json\/wp\/v2\/users\/2"}],"replies":[{"embeddable":true,"href":"https:\/\/www.europesays.com\/fr\/wp-json\/wp\/v2\/comments?post=350692"}],"version-history":[{"count":0,"href":"https:\/\/www.europesays.com\/fr\/wp-json\/wp\/v2\/posts\/350692\/revisions"}],"wp:featuredmedia":[{"embeddable":true,"href":"https:\/\/www.europesays.com\/fr\/wp-json\/wp\/v2\/media\/350694"}],"wp:attachment":[{"href":"https:\/\/www.europesays.com\/fr\/wp-json\/wp\/v2\/media?parent=350692"}],"wp:term":[{"taxonomy":"category","embeddable":true,"href":"https:\/\/www.europesays.com\/fr\/wp-json\/wp\/v2\/categories?post=350692"},{"taxonomy":"post_tag","embeddable":true,"href":"https:\/\/www.europesays.com\/fr\/wp-json\/wp\/v2\/tags?post=350692"}],"curies":[{"name":"wp","href":"https:\/\/api.w.org\/{rel}","templated":true}]}}