{"id":350699,"date":"2025-08-28T21:39:10","date_gmt":"2025-08-28T21:39:10","guid":{"rendered":"https:\/\/www.europesays.com\/fr\/350699\/"},"modified":"2025-08-28T21:39:10","modified_gmt":"2025-08-28T21:39:10","slug":"les-casques-led-vont-ils-revolutionner-la-pousse-de-cheveux","status":"publish","type":"post","link":"https:\/\/www.europesays.com\/fr\/350699\/","title":{"rendered":"les casques LED vont-ils r\u00e9volutionner la pousse de cheveux ?"},"content":{"rendered":"<p>Accessoire high-tech devenu viral sur les r\u00e9seaux sociaux et nouvelle lubie des c\u00e9l\u00e9brit\u00e9s, le casque LED s\u2019impose dans les rituels capillaires. Des expertes d\u00e9m\u00ealent le vrai du faux pour \u00e9clairer ses promesses.<\/p>\n<p class=\"fig-paragraph\">Apr\u00e8s avoir conquis les routines de soin du visage, la technologie LED s\u2019invite d\u00e9sormais dans les rituels capillaires. Sur Instagram, des clich\u00e9s de c\u00e9l\u00e9brit\u00e9s coiff\u00e9es de casques \u00e0 l\u2019allure futuriste et diffusant une lumi\u00e8re rouge intriguent autant qu\u2019ils fascinent. Dans le m\u00eame temps, les marques de beauty tech, de\u00a0<a href=\"https:\/\/www.awin1.com\/cread.php?awinmid=15635&amp;awinaffid=1366359&amp;clickref=ARF2302vic&amp;ued=https%3A%2F%2Fwww.currentbody.fr%2Fproducts%2Fcurrentbody-skin-led-light-therapy-mask\" target=\"_blank\" rel=\"sponsored noopener nofollow\" data-gtm-custom-categorie=\"navigation\" data-gtm-custom-action=\"crossclick\" data-gtm-custom-label=\"Contextuel\" data-gtm-event=\"customEventSPE\">CurrentBody<\/a>\u00a0\u00e0 Nooance, en passant par Talika ou Lucibel.le, investissent ce march\u00e9 en pleine effervescence, \u00e9tudes cliniques \u00e0 l\u2019appui.<\/p>\n<p class=\"fig-paragraph\">Indolore, non invasif, ce protocole repose sur la technique de photobiomodulation\u00a0: \u00abElle am\u00e9liore la circulation sanguine, l\u2019oxyg\u00e9nation du cuir chevelu, la qualit\u00e9 de la tige capillaire et stimule la phase de pousse du poil. Elle diminue aussi l\u2019inflammation chronique autour du follicule pileux, responsable de l\u2019alop\u00e9cie androg\u00e9n\u00e9tique, la forme la plus courante de\u00a0<a href=\"https:\/\/madame.lefigaro.fr\/beaute\/stress-grossesse-alopecie-le-vrai-ou-faux-de-la-chute-de-cheveux-je-perds-mes-cheveux-210917-134276\" data-fig-type=\"Article\" data-gtm-custom-categorie=\"navigation\" data-gtm-custom-action=\"crossclick\" data-gtm-custom-label=\"Contextuel\" data-gtm-event=\"customEventSPE\" data-fig-domain=\"MADAME\" rel=\"nofollow noopener\" target=\"_blank\">chute de cheveux<\/a>\u00bb, explique la Dre Mich\u00e8le Pelletier-Aouizerate, dermatologue et directrice de l\u2019European LED Academy.<\/p>\n<p>                                    <a class=\"fig-a11y-skip a11y-hidden\" href=\"#fig-a11y-skip-main-inarticle\"><br \/>\n        Passer la publicit\u00e9<br \/>\n    <\/a><\/p>\n<p class=\"fig-paragraph\">La sp\u00e9cialiste a notamment contribu\u00e9 au d\u00e9veloppement du Hair Ove Light de Lucibel.le, pr\u00e9sent\u00e9 au CES (le salon le plus important consacr\u00e9 \u00e0 l\u2019innovation technologique en \u00e9lectronique grand public), \u00e0 Las Vegas en janvier 2025. \u00abNous avons cartographi\u00e9 la chute et r\u00e9parti les LED selon une topographie pr\u00e9cise. D\u00e8s la 7e ou 8e s\u00e9ance, on observe d\u00e9j\u00e0 une r\u00e9duction nette de la perte. L\u2019efficacit\u00e9 se poursuit m\u00eame apr\u00e8s l\u2019arr\u00eat du protocole, car les cellules continuent de dig\u00e9rer l\u2019\u00e9nergie\u00bb, ajoute-t-elle.<\/p>\n<p class=\"fig-body-link&#10;    \">\n            \u00c0 lire aussi<br \/>\n        <a class=\"fig-body-link__link\" href=\"http:\/\/madame.lefigaro.fr\/beaute\/reelle-efficacite-ou-effet-de-mode-tout-savoir-sur-les-masques-led-20231104\" data-fig-type=\"Article\" data-gtm-custom-categorie=\"navigation\" data-gtm-custom-action=\"crossclick\" data-gtm-custom-label=\"Contextuel\" data-gtm-event=\"customEventSPE\" data-fig-domain=\"MADAME\" rel=\"nofollow noopener\" target=\"_blank\">R\u00e9elle efficacit\u00e9 ou effet de mode\u00a0? Tout savoir sur les masques LED<\/a>\n<\/p>\n<p>Des protocoles sur mesure<\/p>\n<p class=\"fig-paragraph\">Dans les salons de coiffure haut de gamme comme dans les cabinets de m\u00e9decine esth\u00e9tique, les casques LED deviennent un outil compl\u00e9mentaire incontournable. \u00abJ\u2019ai vu des transformations ph\u00e9nom\u00e9nales chez des clientes qui associent dermo-cosm\u00e9tique et LED\u00bb, confie Christelle Duhamel, coiffeuse au Spa capillaire Furterer \u00e0 Paris, qui les int\u00e8gre d\u00e9sormais dans des prestations antichute et pousse, \u00e0 raison de cures de plusieurs semaines.<\/p>\n<p class=\"fig-paragraph\">\u00c0 la Maison Lutetia, le Dr Sarah Fadli, m\u00e9decin esth\u00e9tique, les associe \u00e0 des techniques pointues comme le\u00a0<a href=\"http:\/\/madame.lefigaro.fr\/beaute\/cheveux\/tout-savoir-sur-le-microneedling-le-traitement-efficace-pour-lutter-contre-la-chute-de-cheveux-20220509\" data-fig-type=\"Article\" data-gtm-custom-categorie=\"navigation\" data-gtm-custom-action=\"crossclick\" data-gtm-custom-label=\"Contextuel\" data-gtm-event=\"customEventSPE\" data-fig-domain=\"MADAME\" rel=\"nofollow noopener\" target=\"_blank\">micro-needling<\/a>\u00a0ou les\u00a0<a href=\"https:\/\/sante.lefigaro.fr\/mieux-etre\/en-injection-ou-en-creme-que-valent-les-exosomes-nouvelles-stars-des-soins-anti-age-20250625\" data-fig-type=\"Article\" rel=\"sponsored nofollow noopener\" data-gtm-custom-categorie=\"navigation\" data-gtm-custom-action=\"crossclick\" data-gtm-custom-label=\"Contextuel\" data-gtm-event=\"customEventSPE\" data-fig-domain=\"SANTE\" target=\"_blank\">exosomes<\/a>, toujours pour traiter l\u2019alop\u00e9cie androg\u00e9n\u00e9tique\u00a0: \u00abLa lumi\u00e8re LED agit en synergie avec ces protocoles. D\u00e8s la 2e ou 3e s\u00e9ance, on observe une diminution significative de la chute, puis un regain progressif d\u2019\u00e9paisseur et de vitalit\u00e9. Je la recommande m\u00eame aux patients ayant eu recours \u00e0 une\u00a0<a href=\"http:\/\/madame.lefigaro.fr\/beaute\/cheveux\/marie-41-ans-raconte-sa-greffe-capillaire-j-ai-commence-a-perdre-mes-cheveux-quand-j-avais-20-ans-20230615\" data-fig-type=\"Article\" data-gtm-custom-categorie=\"navigation\" data-gtm-custom-action=\"crossclick\" data-gtm-custom-label=\"Contextuel\" data-gtm-event=\"customEventSPE\" data-fig-domain=\"MADAME\" rel=\"nofollow noopener\" target=\"_blank\">greffe de cheveux<\/a>, car elle favorise la cicatrisation et soutient la repousse.\u00bb<\/p>\n<p>Patience et r\u00e9gularit\u00e9<\/p>\n<p class=\"fig-paragraph\">Reste que la LED n\u2019a rien d\u2019une solution miracle. La r\u00e9gularit\u00e9 est essentielle pour observer des r\u00e9sultats visibles qui n\u2019apparaissent qu\u2019apr\u00e8s plusieurs mois d\u2019entretien, \u00e0 la maison ou chez un professionnel. De plus, cette technologie ne saurait r\u00e9pondre \u00e0 toutes les formes de chute de cheveux. \u00abL\u2019alop\u00e9cie androg\u00e9n\u00e9tique, qui peut \u00eatre favoris\u00e9e par une an\u00e9mie, un post-partum ou une d\u00e9pression, est une indication privil\u00e9gi\u00e9e. Localis\u00e9e sur le dessus du cr\u00e2ne le plus souvent, elle est en augmentation d\u2019incidence dans le monde et appara\u00eet de plus en plus jeune. En revanche, pour les pelades s\u00e9v\u00e8res ou certaines pathologies, un diagnostic m\u00e9dical est indispensable\u00bb, rappelle la Dre Pelletier.<\/p>\n<p class=\"fig-paragraph\">Cet article a \u00e9t\u00e9 extrait d\u2019un autre\u00a0<a href=\"http:\/\/madame.lefigaro.fr\/beaute\/cheveux\/quelles-sont-les-techniques-les-plus-efficaces-pour-faire-pousser-les-cheveux-20250223\" data-fig-type=\"Article\" data-gtm-custom-categorie=\"navigation\" data-gtm-custom-action=\"crossclick\" data-gtm-custom-label=\"Contextuel\" data-gtm-event=\"customEventSPE\" data-fig-domain=\"MADAME\" rel=\"nofollow noopener\" target=\"_blank\">papier publi\u00e9 initialement le 24 f\u00e9vrier 2025<\/a> \u00a0et mis \u00e0 jour.<\/p>\n","protected":false},"excerpt":{"rendered":"Accessoire high-tech devenu viral sur les r\u00e9seaux sociaux et nouvelle lubie des c\u00e9l\u00e9brit\u00e9s, le casque LED s\u2019impose dans&hellip;\n","protected":false},"author":2,"featured_media":350700,"comment_status":"","ping_status":"","sticky":false,"template":"","format":"standard","meta":{"footnotes":""},"categories":[7],"tags":[11288,48723,1011,27,142,43,40,41,39,48724,48725,42,44],"class_list":{"0":"post-350699","1":"post","2":"type-post","3":"status-publish","4":"format-standard","5":"has-post-thumbnail","7":"category-sciences-et-technologies","8":"tag-cheveux","9":"tag-chute-de-cheveux","10":"tag-fr","11":"tag-france","12":"tag-high-tech","13":"tag-science","14":"tag-science-and-technology","15":"tag-sciences","16":"tag-sciences-et-technologies","17":"tag-soin-capillaire","18":"tag-soin-cheveux","19":"tag-technologies","20":"tag-technology"},"share_on_mastodon":{"url":"https:\/\/pubeurope.com\/@fr\/115108561784373405","error":""},"_links":{"self":[{"href":"https:\/\/www.europesays.com\/fr\/wp-json\/wp\/v2\/posts\/350699","targetHints":{"allow":["GET"]}}],"collection":[{"href":"https:\/\/www.europesays.com\/fr\/wp-json\/wp\/v2\/posts"}],"about":[{"href":"https:\/\/www.europesays.com\/fr\/wp-json\/wp\/v2\/types\/post"}],"author":[{"embeddable":true,"href":"https:\/\/www.europesays.com\/fr\/wp-json\/wp\/v2\/users\/2"}],"replies":[{"embeddable":true,"href":"https:\/\/www.europesays.com\/fr\/wp-json\/wp\/v2\/comments?post=350699"}],"version-history":[{"count":0,"href":"https:\/\/www.europesays.com\/fr\/wp-json\/wp\/v2\/posts\/350699\/revisions"}],"wp:featuredmedia":[{"embeddable":true,"href":"https:\/\/www.europesays.com\/fr\/wp-json\/wp\/v2\/media\/350700"}],"wp:attachment":[{"href":"https:\/\/www.europesays.com\/fr\/wp-json\/wp\/v2\/media?parent=350699"}],"wp:term":[{"taxonomy":"category","embeddable":true,"href":"https:\/\/www.europesays.com\/fr\/wp-json\/wp\/v2\/categories?post=350699"},{"taxonomy":"post_tag","embeddable":true,"href":"https:\/\/www.europesays.com\/fr\/wp-json\/wp\/v2\/tags?post=350699"}],"curies":[{"name":"wp","href":"https:\/\/api.w.org\/{rel}","templated":true}]}}