{"id":350701,"date":"2025-08-28T21:40:12","date_gmt":"2025-08-28T21:40:12","guid":{"rendered":"https:\/\/www.europesays.com\/fr\/350701\/"},"modified":"2025-08-28T21:40:12","modified_gmt":"2025-08-28T21:40:12","slug":"elle-a-demarre-dans-un-commerce-de-detail-a-quimper-monique-rannou-capitaine-dindustrie-cornouaillaise-est-decedee","status":"publish","type":"post","link":"https:\/\/www.europesays.com\/fr\/350701\/","title":{"rendered":"\u00ab\u00a0Elle a d\u00e9marr\u00e9 dans un commerce de d\u00e9tail \u00e0 Quimper\u00a0\u00bb\u00a0: Monique Rannou, capitaine d\u2019industrie cornouaillaise, est d\u00e9c\u00e9d\u00e9e"},"content":{"rendered":"<p>\u00ab\u00a0C\u2019est une cheffe d\u2019entreprise visionnaire qui a donn\u00e9 son nom \u00e0 nos produits de charcuterie. C\u2019\u00e9tait d\u2019abord\u00a0et surtout une femme hors du commun, engag\u00e9e, audacieuse et une entrepreneure passionn\u00e9e\u00a0\u00bb, \u00e9crit Thierry Cotillard, pr\u00e9sident du Groupement Mousquetaires (Intermarch\u00e9), dans un message publi\u00e9 sur le r\u00e9seau social LinkedIn, ce jeudi 28 ao\u00fbt. Fondatrice \u00e9ponyme, avec son \u00e9poux, Jean-Pierre, de la charcuterie industrielle quimp\u00e9roise, Monique Rannou est d\u00e9c\u00e9d\u00e9e il y a quelques jours, \u00e0 l\u2019\u00e2ge de 89 ans, en Suisse, o\u00f9 elle vivait depuis plusieurs ann\u00e9es.<\/p>\n<p>Outil agro-industriel<\/p>\n<p>Avant la cr\u00e9ation, en 1972, de l\u2019outil industriel d\u00e9velopp\u00e9 \u00e0 Saint-\u00c9varzec (29) et c\u00e9d\u00e9 \u00e0 Intermarch\u00e9, en 1992, Monique Rannou et son \u00e9poux ont commenc\u00e9 leur carri\u00e8re dans une charcuterie de d\u00e9tail, install\u00e9e dans le quartier de la gare, \u00e0 Quimper. \u00ab\u00a0Les parents de Monique tenaient d\u2019ailleurs aussi une charcuterie route de Pont-l\u2019Abb\u00e9\u00a0\u00bb, ajoute Bernard Poignant, la comptant au nombre de cette capitaine de l\u2019agro-industrie par laquelle s\u2019est d\u00e9velopp\u00e9e la Bretagne dans les ann\u00e9es 1960.<\/p>\n<p>\u00ab\u00a0Une femme au caract\u00e8re affirm\u00e9\u00a0\u00bb<\/p>\n<p>\u00ab\u00a0C\u2019\u00e9tait une femme au caract\u00e8re affirm\u00e9, dot\u00e9e d\u2019un sens commercial\u00a0\u00bb, se souvient Jean-Fran\u00e7ois Garrec, pr\u00e9sident de la d\u00e9l\u00e9gation quimp\u00e9roise de la CCI du Finist\u00e8re, qui a travaill\u00e9 dans le commerce des Rannou, \u00e0 la fin des ann\u00e9es 1960.<\/p>\n<p>Monique Rannou a \u00e9galement \u00e9t\u00e9 \u00e9lue municipale \u00e0 Saint-\u00c9varzec, dans les ann\u00e9es 1990, commune o\u00f9 a \u00e9t\u00e9 d\u00e9velopp\u00e9 le tr\u00e8s gros outil industriel de transformation de porc acquis par le groupe des Mousquetaires.<\/p>\n<p>L\u2019usine SCO Monique Ranou (avec un seul \u00ab\u00a0n\u00a0\u00bb depuis 1992) compte, aujourd\u2019hui, 558 salari\u00e9s et revendique plus de 200 millions de produits de charcuterie traiteur fabriqu\u00e9s chaque ann\u00e9e.<\/p>\n","protected":false},"excerpt":{"rendered":"\u00ab\u00a0C\u2019est une cheffe d\u2019entreprise visionnaire qui a donn\u00e9 son nom \u00e0 nos produits de charcuterie. C\u2019\u00e9tait d\u2019abord\u00a0et surtout&hellip;\n","protected":false},"author":2,"featured_media":350702,"comment_status":"","ping_status":"","sticky":false,"template":"","format":"standard","meta":{"footnotes":""},"categories":[6],"tags":[11,5825,829,35,33,34,257,3321,1011,27,1391,3319,8384],"class_list":{"0":"post-350701","1":"post","2":"type-post","3":"status-publish","4":"format-standard","5":"has-post-thumbnail","7":"category-economie","8":"tag-actualites","9":"tag-agroalimentaire","10":"tag-bretagne","11":"tag-business","12":"tag-economie","13":"tag-economy","14":"tag-entreprise","15":"tag-finistere","16":"tag-fr","17":"tag-france","18":"tag-necrologie","19":"tag-quimper","20":"tag-saint-evarzec"},"share_on_mastodon":{"url":"https:\/\/pubeurope.com\/@fr\/115108565704134063","error":""},"_links":{"self":[{"href":"https:\/\/www.europesays.com\/fr\/wp-json\/wp\/v2\/posts\/350701","targetHints":{"allow":["GET"]}}],"collection":[{"href":"https:\/\/www.europesays.com\/fr\/wp-json\/wp\/v2\/posts"}],"about":[{"href":"https:\/\/www.europesays.com\/fr\/wp-json\/wp\/v2\/types\/post"}],"author":[{"embeddable":true,"href":"https:\/\/www.europesays.com\/fr\/wp-json\/wp\/v2\/users\/2"}],"replies":[{"embeddable":true,"href":"https:\/\/www.europesays.com\/fr\/wp-json\/wp\/v2\/comments?post=350701"}],"version-history":[{"count":0,"href":"https:\/\/www.europesays.com\/fr\/wp-json\/wp\/v2\/posts\/350701\/revisions"}],"wp:featuredmedia":[{"embeddable":true,"href":"https:\/\/www.europesays.com\/fr\/wp-json\/wp\/v2\/media\/350702"}],"wp:attachment":[{"href":"https:\/\/www.europesays.com\/fr\/wp-json\/wp\/v2\/media?parent=350701"}],"wp:term":[{"taxonomy":"category","embeddable":true,"href":"https:\/\/www.europesays.com\/fr\/wp-json\/wp\/v2\/categories?post=350701"},{"taxonomy":"post_tag","embeddable":true,"href":"https:\/\/www.europesays.com\/fr\/wp-json\/wp\/v2\/tags?post=350701"}],"curies":[{"name":"wp","href":"https:\/\/api.w.org\/{rel}","templated":true}]}}