{"id":350705,"date":"2025-08-28T21:42:09","date_gmt":"2025-08-28T21:42:09","guid":{"rendered":"https:\/\/www.europesays.com\/fr\/350705\/"},"modified":"2025-08-28T21:42:09","modified_gmt":"2025-08-28T21:42:09","slug":"un-pere-et-son-fils-agresses-en-pleine-rue-a-larme-blanche-en-meurthe-et-moselle-un-mort-et-un-blesse","status":"publish","type":"post","link":"https:\/\/www.europesays.com\/fr\/350705\/","title":{"rendered":"Un p\u00e8re et son fils agress\u00e9s en pleine rue \u00e0 l\u2019arme blanche en Meurthe-et-Moselle, un mort et un bless\u00e9"},"content":{"rendered":"<p class=\"paragraph text_align_left lp-f-body-02\">Une agression \u00e0 <a href=\"https:\/\/www.leparisien.fr\/faits-divers\/armes-blanches-a-lecole-186-couteaux-trouves-depuis-le-26-mars-lors-de-6-002-fouilles-inopinees-10-06-2025-3AUZB5RIRRCXHM4HMSBZ3PTMLM.php\" target=\"_blank\" rel=\"noreferrer nofollow noopener\">l\u2019arme blanche<\/a> a fait un mort et un bless\u00e9, un p\u00e8re et son fils, jeudi \u00e0 Vandoeuvre-l\u00e8s-Nancy (Meurthe-et-Moselle), a-t-on appris aupr\u00e8s du maire de la ville et du parquet de Nancy.<\/p>\n<p class=\"paragraph text_align_left lp-f-body-02\">\u00ab Les circonstances de ces faits sont encore \u00e0 \u00e9claircir \u00bb, a indiqu\u00e9 le procureur de Nancy, Fran\u00e7ois Capin-Dulhoste. \u00ab Un homme de 61 ans et son fils de 27 ans ont \u00e9t\u00e9 victimes de coups port\u00e9s par arme blanche cet apr\u00e8s-midi sur la voie publique \u00e0 Vandoeuvre. Le p\u00e8re, atteint \u00e0 la poitrine, est d\u00e9c\u00e9d\u00e9. \u00bb<\/p>\n<p class=\"paragraph text_align_left lp-f-body-02\">Une enqu\u00eate des chefs de meurtre et tentative de meurtre a \u00e9t\u00e9 ouverte et un dispositif policier cons\u00e9quent a \u00e9t\u00e9 d\u00e9ploy\u00e9 sur place. Le ou les auteurs de l\u2019agression n\u2019ont pas \u00e9t\u00e9 identifi\u00e9s.<\/p>\n<p>\u00ab Nous n\u2019avons pas de gare, pas de bo\u00eete de nuit, pas de lieu \u00e0 risque \u00bb<\/p>\n<p class=\"paragraph text_align_left lp-f-body-02\">La victime et son fils sont tous deux d\u2019origine arm\u00e9nienne. Le fils a \u00e9t\u00e9 pris en charge par les secours et transport\u00e9 vers les urgences. Ses jours ne seraient pas en danger, selon Patrice Donati, maire de cette ville de 30 000 habitants, dans la p\u00e9riph\u00e9rie imm\u00e9diate de Nancy.<\/p>\n<p class=\"lp-card-podcast-highlighting__title  lp-f-subtitle-05\">[4\/4] C\u00e9cile Vallin, les secrets d\u2019une disparition<\/p>\n<p class=\"lp-card-podcast-highlighting__description lp-f-ui-05\">Crime story raconte chaque semaine les grandes affaires criminelles.<\/p>\n<p><a class=\"lp-card-podcast-highlighting__call-to-action\" data-page-type=\"HP\" data-block-name=\"podcast-highlight\">\u00c9couter<\/a><\/p>\n<p class=\"paragraph text_align_left lp-f-body-02\">\u00ab Je pense \u00e0 cette famille, ce n\u2019est pas une famille connue des forces de police, je ne peux avoir que de l\u2019empathie pour eux \u00bb, a-t-il d\u00e9clar\u00e9.<\/p>\n<p class=\"paragraph text_align_left lp-f-body-02\">Le maire a fait part de sa stupeur face \u00e0 cette agression mortelle. \u00ab Notre commune a des habitants de 95 nationalit\u00e9s diff\u00e9rentes, mais avec des indices de s\u00e9curit\u00e9 assez bons \u00bb, a-t-il soulign\u00e9. \u00ab Nous n\u2019avons pas de gare, pas de <a href=\"https:\/\/www.leparisien.fr\/societe\/autour-de-moi-personne-ne-sort-en-boite-quand-la-fete-cherche-a-se-reinventer-09-08-2025-53J74LX5ERABLH2X6RXYYW7DHQ.php\" target=\"_blank\" rel=\"noreferrer nofollow noopener\">bo\u00eete de nuit<\/a>, pas de lieu \u00e0 risque, et des affaires de ce type nous n\u2019en avons pas tous les jours, et heureusement. \u00bb<\/p>\n","protected":false},"excerpt":{"rendered":"Une agression \u00e0 l\u2019arme blanche a fait un mort et un bless\u00e9, un p\u00e8re et son fils, jeudi&hellip;\n","protected":false},"author":2,"featured_media":350706,"comment_status":"","ping_status":"","sticky":false,"template":"","format":"standard","meta":{"footnotes":""},"categories":[4],"tags":[11,459,118,1011,27,12,25],"class_list":{"0":"post-350705","1":"post","2":"type-post","3":"status-publish","4":"format-standard","5":"has-post-thumbnail","7":"category-france","8":"tag-actualites","9":"tag-departements-horsidfo","10":"tag-faits-divers","11":"tag-fr","12":"tag-france","13":"tag-news","14":"tag-republique-francaise"},"share_on_mastodon":{"url":"https:\/\/pubeurope.com\/@fr\/115108573627582285","error":""},"_links":{"self":[{"href":"https:\/\/www.europesays.com\/fr\/wp-json\/wp\/v2\/posts\/350705","targetHints":{"allow":["GET"]}}],"collection":[{"href":"https:\/\/www.europesays.com\/fr\/wp-json\/wp\/v2\/posts"}],"about":[{"href":"https:\/\/www.europesays.com\/fr\/wp-json\/wp\/v2\/types\/post"}],"author":[{"embeddable":true,"href":"https:\/\/www.europesays.com\/fr\/wp-json\/wp\/v2\/users\/2"}],"replies":[{"embeddable":true,"href":"https:\/\/www.europesays.com\/fr\/wp-json\/wp\/v2\/comments?post=350705"}],"version-history":[{"count":0,"href":"https:\/\/www.europesays.com\/fr\/wp-json\/wp\/v2\/posts\/350705\/revisions"}],"wp:featuredmedia":[{"embeddable":true,"href":"https:\/\/www.europesays.com\/fr\/wp-json\/wp\/v2\/media\/350706"}],"wp:attachment":[{"href":"https:\/\/www.europesays.com\/fr\/wp-json\/wp\/v2\/media?parent=350705"}],"wp:term":[{"taxonomy":"category","embeddable":true,"href":"https:\/\/www.europesays.com\/fr\/wp-json\/wp\/v2\/categories?post=350705"},{"taxonomy":"post_tag","embeddable":true,"href":"https:\/\/www.europesays.com\/fr\/wp-json\/wp\/v2\/tags?post=350705"}],"curies":[{"name":"wp","href":"https:\/\/api.w.org\/{rel}","templated":true}]}}