{"id":350714,"date":"2025-08-28T21:51:12","date_gmt":"2025-08-28T21:51:12","guid":{"rendered":"https:\/\/www.europesays.com\/fr\/350714\/"},"modified":"2025-08-28T21:51:12","modified_gmt":"2025-08-28T21:51:12","slug":"meurthe-et-moselle-apres-avoir-ete-attaque-a-larc-en-juillet-un-canard-retrouve-son-ruisseau-pres-de-nancy","status":"publish","type":"post","link":"https:\/\/www.europesays.com\/fr\/350714\/","title":{"rendered":"Meurthe-et-Moselle. Apr\u00e8s avoir \u00e9t\u00e9 attaqu\u00e9 \u00e0 l\u2019arc en juillet, un canard retrouve son ruisseau pr\u00e8s de Nancy"},"content":{"rendered":"<p>Mi-juillet, les habitu\u00e9s fr\u00e9quentant r\u00e9guli\u00e8rement le parc du Ch\u00e2teau-de-Bas s\u2019\u00e9taient \u00e9mus en voyant un petit canard colvert transperc\u00e9 par une fl\u00e8che. Un z\u00e9l\u00e9 l\u2019avait pris pour cible avec son arc de pacotille. L\u2019\u00e9motion a \u00e9t\u00e9 entendue jusqu\u2019en mairie\u00a0: un agent avait bien essay\u00e9 de rentrer dans le ruisseau pour attraper le pauvre colvert, en vain.<\/p>\n<p>  Pompiers et plongeurs appel\u00e9s<\/p>\n<p>La mairie a alors fait appel aux pompiers, qui sont arriv\u00e9s en renfort\u00a0: \u00ab\u00a0Trois plongeurs, deux pompiers de l\u2019\u00e9quipe animalerie du SDIS et un commandant de brigade\u00a0\u00bb, se souvient Bernard Vergance, premier adjoint.<\/p>\n<p>Apr\u00e8s plusieurs tentatives, le rescap\u00e9 a pu \u00eatre conduit par des agents municipaux au Centre de sauvegarde de la faune lorraine, \u00e0 Valleroy, dans le Pays Haut. Une radio r\u00e9v\u00e9lait que la fl\u00e8che s\u2019\u00e9tait log\u00e9e juste entre les os et les organes vitaux de l\u2019oiseau.<\/p>\n<p>Anesth\u00e9sie pour nettoyer la plaie, soins quotidiens et traitement pour endiguer tout risque d\u2019infection\u00a0: le canard \u00e9tait de nouveau sur pattes\u00a0! Apr\u00e8s une p\u00e9riode de convalescence, et ce mercredi, la pauvre victime a pu rejoindre sa vingtaine de cong\u00e9n\u00e8res dans le ruisseau du parc. Mais ce retour n\u2019\u00e9tait pas du go\u00fbt de tous\u00a0: certains l\u2019ont accueilli \u00e0 coups de bec\u00a0! Il \u00e9tait devenu le vilain petit canard. Et, pour s\u00fbr, il devra jouer de son charme pour ne plus \u00eatre consid\u00e9r\u00e9 comme un canard boiteux.<\/p>\n","protected":false},"excerpt":{"rendered":"Mi-juillet, les habitu\u00e9s fr\u00e9quentant r\u00e9guli\u00e8rement le parc du Ch\u00e2teau-de-Bas s\u2019\u00e9taient \u00e9mus en voyant un petit canard colvert transperc\u00e9&hellip;\n","protected":false},"author":2,"featured_media":350715,"comment_status":"","ping_status":"","sticky":false,"template":"","format":"standard","meta":{"footnotes":""},"categories":[9635],"tags":[1111,11,13561,13560,1704,1777,674,1011,27,775,1757,1702,12,25],"class_list":{"0":"post-350714","1":"post","2":"type-post","3":"status-publish","4":"format-standard","5":"has-post-thumbnail","7":"category-nancy","8":"tag-actu","9":"tag-actualites","10":"tag-cc-du-bassin-de-pompey-54b2","11":"tag-champigneulles","12":"tag-edition-nancy-et-agglomeration","13":"tag-eu","14":"tag-europe","15":"tag-fr","16":"tag-france","17":"tag-grand-est","18":"tag-insolite","19":"tag-nancy","20":"tag-news","21":"tag-republique-francaise"},"share_on_mastodon":{"url":"https:\/\/pubeurope.com\/@fr\/115108609093546831","error":""},"_links":{"self":[{"href":"https:\/\/www.europesays.com\/fr\/wp-json\/wp\/v2\/posts\/350714","targetHints":{"allow":["GET"]}}],"collection":[{"href":"https:\/\/www.europesays.com\/fr\/wp-json\/wp\/v2\/posts"}],"about":[{"href":"https:\/\/www.europesays.com\/fr\/wp-json\/wp\/v2\/types\/post"}],"author":[{"embeddable":true,"href":"https:\/\/www.europesays.com\/fr\/wp-json\/wp\/v2\/users\/2"}],"replies":[{"embeddable":true,"href":"https:\/\/www.europesays.com\/fr\/wp-json\/wp\/v2\/comments?post=350714"}],"version-history":[{"count":0,"href":"https:\/\/www.europesays.com\/fr\/wp-json\/wp\/v2\/posts\/350714\/revisions"}],"wp:featuredmedia":[{"embeddable":true,"href":"https:\/\/www.europesays.com\/fr\/wp-json\/wp\/v2\/media\/350715"}],"wp:attachment":[{"href":"https:\/\/www.europesays.com\/fr\/wp-json\/wp\/v2\/media?parent=350714"}],"wp:term":[{"taxonomy":"category","embeddable":true,"href":"https:\/\/www.europesays.com\/fr\/wp-json\/wp\/v2\/categories?post=350714"},{"taxonomy":"post_tag","embeddable":true,"href":"https:\/\/www.europesays.com\/fr\/wp-json\/wp\/v2\/tags?post=350714"}],"curies":[{"name":"wp","href":"https:\/\/api.w.org\/{rel}","templated":true}]}}