{"id":350719,"date":"2025-08-28T21:55:09","date_gmt":"2025-08-28T21:55:09","guid":{"rendered":"https:\/\/www.europesays.com\/fr\/350719\/"},"modified":"2025-08-28T21:55:09","modified_gmt":"2025-08-28T21:55:09","slug":"qui-veut-courir-pour-la-bonne-cause","status":"publish","type":"post","link":"https:\/\/www.europesays.com\/fr\/350719\/","title":{"rendered":"qui veut courir pour la bonne cause\u00a0?"},"content":{"rendered":"<p>            Par<br \/>\n        <strong><br \/>\n            <a href=\"https:\/\/actu.fr\/auteur\/manon-haddouche\" title=\"Consulter tous les articles de Manon Haddouche\" rel=\"nofollow noopener\" target=\"_blank\">Manon Haddouche<\/a><br \/>\n        <\/strong><\/p>\n<p>        Publi\u00e9 le<\/p>\n<p>            28 ao\u00fbt 2025 \u00e0 20h32        <\/p>\n<p>Si vous voulez faire une bonne action, <strong>enfilez vos baskets<\/strong> et tenez-vous pr\u00eat pour quelques foul\u00e9es, ce <strong>dimanche 31 ao\u00fbt<\/strong>. Et pour cause\u2026 organis\u00e9e par la d\u00e9l\u00e9gation H\u00e9rault d\u2019<strong>Action contre la Faim<\/strong>, en partenariat avec <a href=\"https:\/\/www.google.com\/search?client=safari&amp;rls=en&amp;q=BROOKLYN+FITBOXING&amp;ie=UTF-8&amp;oe=UTF-8\" rel=\"nofollow noopener\" target=\"_blank\">Brooklyn Fitboxing<\/a>, une course solidaire de <strong>5km, gratuite et ouverte \u00e0 tous<\/strong>, aura lieu au <strong>Domaine d\u00e9partemental de Restincli\u00e8res<\/strong>, \u00e0 Prades-le-Lez. Une initiative <strong>sportive et engag\u00e9e<\/strong>, qui invite les participants de <strong>tous niveaux<\/strong> \u00e0 <strong>courir ou marcher<\/strong>, chacun \u00e0 son rythme.<\/p>\n<p>Un moment convivial<\/p>\n<p class=\" wall-content\">Le rendez-vous est donn\u00e9 \u00e0 10h30, pour un d\u00e9part \u00e0 11h. Loin d\u2019un d\u00e9fi sportif, l\u2019objectif est de se <strong>mobiliser ensemble<\/strong> : plus les participants seront nombreux, plus la fondation Hit4change s\u2019engage \u00e0 reverser un don \u00e0 Action contre la Faim. Et apr\u00e8s l\u2019effort, le r\u00e9confort. Une fois la course ou marche termin\u00e9e, un moment convivial est pr\u00e9vu afin de <strong>partager un pique-nique dans une ambiance conviviale<\/strong>. De quoi se remettre de ses \u00e9motions sportives.\u00a0<\/p>\n<p>    <a href=\"https:\/\/www.google.com\/maps\/embed?pb=!1m18!1m12!1m3!1d21057.27525011536!2d3.8412987979093276!3d43.716050348364384!2m3!1f0!2f0!3f0!3m2!1i1024!2i768!4f13.1!3m3!1m2!1s0x12b6a9d1e6c466b9%3A0xabdda5585800bc7c!2sDomaine%20D%C3%A9partemental%20de%20Restincli%C3%A8res!5e1!3m2!1sfr!2sfr!4v1756131645341!5m2!1sfr!2sfr\" title=\"Ouvrie le lien\" rel=\"nofollow noopener\" target=\"_blank\">Cliquez ici pour visualiser le contenu<\/a><\/p>\n<p><strong>&gt;<\/strong> Course au profit d\u2019Action pour la faim, le dimanche 31 ao\u00fbt au domaine de Restincli\u00e8res, \u00e0 Prades-le-lez. Inscriptions (obligatoires) et informations suppl\u00e9mentaires <a href=\"https:\/\/docs.google.com\/forms\/d\/e\/1FAIpQLSeq6RC4updSFZl-X5okrshURaK9JiGfxQdII64bDEIuOYKnBw\/viewform\" rel=\"nofollow noopener\" target=\"_blank\">par ici<\/a>.\u00a0<\/p>\n<p class=\" wall-content\">Personnalisez votre actualit\u00e9 en ajoutant vos villes et m\u00e9dias en favori avec <a href=\"https:\/\/moncompte.actu.fr\" title=\"D\u00e9couvez Mon Actu\" rel=\"nofollow noopener\" data-trk=\"{&quot;cta&quot;:{&quot;action&quot;:&quot;https:\\\/\\\/moncompte.actu.fr&quot;,&quot;category&quot;:&quot;mon compte&quot;,&quot;from&quot;:&quot;article footer&quot;,&quot;name&quot;:&quot;Mon actu&quot;,&quot;type&quot;:&quot;cta&quot;}}\" target=\"_blank\">Mon Actu<\/a>.<\/p>\n","protected":false},"excerpt":{"rendered":"Par Manon Haddouche Publi\u00e9 le 28 ao\u00fbt 2025 \u00e0 20h32 Si vous voulez faire une bonne action, enfilez&hellip;\n","protected":false},"author":2,"featured_media":350720,"comment_status":"","ping_status":"","sticky":false,"template":"","format":"standard","meta":{"footnotes":""},"categories":[9599],"tags":[1111,11,1777,674,1011,27,2208,12,2680,25,104],"class_list":{"0":"post-350719","1":"post","2":"type-post","3":"status-publish","4":"format-standard","5":"has-post-thumbnail","7":"category-montpellier","8":"tag-actu","9":"tag-actualites","10":"tag-eu","11":"tag-europe","12":"tag-fr","13":"tag-france","14":"tag-montpellier","15":"tag-news","16":"tag-occitanie","17":"tag-republique-francaise","18":"tag-societe"},"share_on_mastodon":{"url":"https:\/\/pubeurope.com\/@fr\/115108624720145565","error":""},"_links":{"self":[{"href":"https:\/\/www.europesays.com\/fr\/wp-json\/wp\/v2\/posts\/350719","targetHints":{"allow":["GET"]}}],"collection":[{"href":"https:\/\/www.europesays.com\/fr\/wp-json\/wp\/v2\/posts"}],"about":[{"href":"https:\/\/www.europesays.com\/fr\/wp-json\/wp\/v2\/types\/post"}],"author":[{"embeddable":true,"href":"https:\/\/www.europesays.com\/fr\/wp-json\/wp\/v2\/users\/2"}],"replies":[{"embeddable":true,"href":"https:\/\/www.europesays.com\/fr\/wp-json\/wp\/v2\/comments?post=350719"}],"version-history":[{"count":0,"href":"https:\/\/www.europesays.com\/fr\/wp-json\/wp\/v2\/posts\/350719\/revisions"}],"wp:featuredmedia":[{"embeddable":true,"href":"https:\/\/www.europesays.com\/fr\/wp-json\/wp\/v2\/media\/350720"}],"wp:attachment":[{"href":"https:\/\/www.europesays.com\/fr\/wp-json\/wp\/v2\/media?parent=350719"}],"wp:term":[{"taxonomy":"category","embeddable":true,"href":"https:\/\/www.europesays.com\/fr\/wp-json\/wp\/v2\/categories?post=350719"},{"taxonomy":"post_tag","embeddable":true,"href":"https:\/\/www.europesays.com\/fr\/wp-json\/wp\/v2\/tags?post=350719"}],"curies":[{"name":"wp","href":"https:\/\/api.w.org\/{rel}","templated":true}]}}