{"id":350721,"date":"2025-08-28T21:56:09","date_gmt":"2025-08-28T21:56:09","guid":{"rendered":"https:\/\/www.europesays.com\/fr\/350721\/"},"modified":"2025-08-28T21:56:09","modified_gmt":"2025-08-28T21:56:09","slug":"des-familles-evacuees-du-bidonville-de-la-jasse-de-maurin-91-personnes-relogees","status":"publish","type":"post","link":"https:\/\/www.europesays.com\/fr\/350721\/","title":{"rendered":"des familles \u00e9vacu\u00e9es du bidonville de la Jasse de Maurin, 91 personnes relog\u00e9es"},"content":{"rendered":"<p>            Par<br \/>\n        <strong><br \/>\n            <a href=\"https:\/\/actu.fr\/auteur\/jm-aubert\" title=\"Consulter tous les articles de Jean-Marc Aubert\" rel=\"nofollow noopener\" target=\"_blank\">Jean-Marc Aubert<\/a><br \/>\n        <\/strong><\/p>\n<p>        Publi\u00e9 le<\/p>\n<p>            28 ao\u00fbt 2025 \u00e0 19h32        <\/p>\n<p>Le<strong> bidonville<\/strong> install\u00e9 depuis l\u2019automne 2022 sur le site dit de \u00ab\u00a0La Jasse de Maurin\u00a0\u00bb au 2549 de l\u2019avenue de Maurin, dans le quartier de Tournezy, \u00e0 <strong>Montpellier<\/strong> a \u00e9t\u00e9 ferm\u00e9, ce jeudi 28 ao\u00fbt 2025, lors d\u2019une op\u00e9ration d\u2019\u00e9vacuation des quelques squatteurs restants men\u00e9e d\u00e8s 9h par la DIPN 34, la police municipale et les CRS actuellement mobilis\u00e9s en renfort dans l\u2019H\u00e9rault. Tout s\u2019est d\u00e9roul\u00e9 dans le calme.<\/p>\n<p class=\" wall-content\">\u00ab\u00a0La r\u00e9sorption de ce site s\u2019inscrit dans le cadre de la strat\u00e9gie partenariale volontariste issue de la convention sign\u00e9e le 5 mai 2025 entre l\u2019\u00c9tat, la Ville de Montpellier et la Fondation pour le Logement des D\u00e9favoris\u00e9s (ex-Fondation Abb\u00e9 Pierre) visant \u00e0 mettre \u00e0 l\u2019abri 163 m\u00e9nages, soit 511 personnes, occupant aujourd\u2019hui treize bidonvilles sur l\u2019ensemble du territoire de la M\u00e9tropole de Montpellier, \u00e0 \u00e9ch\u00e9ance des dix prochaines ann\u00e9es. Cette strat\u00e9gie s\u2019appuie sur une dynamique d\u2019insertion p\u00e9renne permettant aux occupants de stabiliser leurs situations et leurs ressources, conditions pr\u00e9alables n\u00e9cessaires \u00e0 l\u2019acc\u00e8s au logement et \u00e0 une v\u00e9ritable sortie de la pr\u00e9carit\u00e9\u00a0\u00bb, explique la pr\u00e9fecture.<\/p>\n<p>    <a href=\"https:\/\/www.google.com\/maps\/embed?pb=!1m18!1m12!1m3!1d7574.507760955078!2d3.870437574332658!3d43.58226846559221!2m3!1f0!2f0!3f0!3m2!1i1024!2i768!4f13.1!3m3!1m2!1s0x12b6afce30c8bfb5%3A0xf54e1fd7548fe4d4!2s2549%20Av.%20de%20Maurin%2C%2034070%20Montpellier!5e0!3m2!1sfr!2sfr!4v1756397617216!5m2!1sfr!2sfr\" title=\"Ouvrie le lien\" rel=\"nofollow noopener\" target=\"_blank\">Cliquez ici pour visualiser le contenu<\/a><\/p>\n<p class=\" wall-content\">La r\u00e9sorption du bidonville de Celleneuve en 2022 a marqu\u00e9 la premi\u00e8re action concert\u00e9e, avec la cr\u00e9ation du village de transition de La Rauze. Celui-ci a permis d\u2019accueillir 165 personnes (55 m\u00e9nages) sur les 199 occupant le bidonville, 24 personnes ont pu d\u00e8s le d\u00e9part acc\u00e9der \u00e0 un logement ou \u00e0 un autre h\u00e9bergement.<\/p>\n<p class=\" wall-content\">Conform\u00e9ment aux objectifs de la convention, les 91 personnes qui occupaient le bidonville dit de \u00ab La Jasse Maurin\u00a0\u00bb ont quitt\u00e9 les lieux. Ces derni\u00e8res sont relog\u00e9es et accompagn\u00e9es vers l\u2019insertion sociale et \u00e9conomique pour un retour au droit commun. Entre-temps, d\u2019autres familles dont certaines avec des enfants \u00e0 la rue s\u2019y \u00e9taient install\u00e9es, ce qui explique l\u2019intervention polici\u00e8re de ce jeudi matin.<\/p>\n<p>Vid\u00e9os : en ce moment sur Actu<\/p>\n<p class=\" wall-content\">Pour les 91 personnes qui sont parties, la <strong>Ville de Montpellier<\/strong> a notamment mis l\u2019ancienne auberge de jeunesse municipale situ\u00e9e rue des \u00c9coles La\u00efques, \u00e0 disposition de l\u2019association. Quatorze, sp\u00e9cialis\u00e9e dans l\u2019architecture sociale et solidaire, pour un projet d\u2019habitat temporaire permettant d\u2019accueillir la moiti\u00e9 des occupants du bidonville soit dix m\u00e9nages. Les autres m\u00e9nages \u00e9tant orient\u00e9s vers des dispositif d\u2019accueil, voire directement sur un logement p\u00e9renne.<\/p>\n<p>Bidonville depuis 2022<\/p>\n<p class=\" wall-content\">Le bidonville du site de la \u00ab\u00a0Jasse de Maurin\u00a0\u00bb s\u2019est install\u00e9 \u00e0 l\u2019automne 2022 sur un terrain appartenant \u00e0 la M\u00e9tropole, situ\u00e9 au 2549 avenue de Maurin, une parcelle class\u00e9e en zone rouge \u00ab\u00a0inondation et ruissellement\u00a0\u00bb du fait des d\u00e9bordements fr\u00e9quents du Lantissargues. L\u2019occupation initiale concernait une quinzaine de personnes. L\u2019ann\u00e9e suivante, de nouveaux m\u00e9nages sont venus s\u2019installer, portant \u00e0 80 personnes le nombre d\u2019occupants en juin 2023.<\/p>\n<p>Votre r\u00e9gion, votre actu !<\/p>\n<p>Recevez chaque jour les infos qui comptent pour vous.<\/p>\n<p>\t<a href=\"https:\/\/actu.fr\/newsletter\" class=\"ac-btn ac-btn--corner ac-btn--medium ac-btn--blue800\" rel=\"nofollow noopener\" target=\"_blank\">S&rsquo;incrire<\/a><\/p>\n<p class=\" wall-content\">L\u2019expansion continue de ce lieu, caract\u00e9ris\u00e9 par un risque inondation majeur aggrav\u00e9 par les \u00ab am\u00e9nagements \u00bb r\u00e9alis\u00e9s par les occupants, ont conduit la Ville \u00e0 initier une proc\u00e9dure d\u2019expulsion en septembre 2023, afin d\u2019assurer la s\u00e9curit\u00e9 des personnes. Ces derniers mois, un feu de v\u00e9g\u00e9tation avait directement menac\u00e9 les b\u00e2tisses pr\u00e9caires et les v\u00e9hicules de ce bidonville, que les squatters avaient \u00e9vacu\u00e9 \u00e0 la h\u00e2te.<\/p>\n<p class=\" wall-content\">\u00ab\u00a0D\u00e8s l\u2019automne 2024, la DDETS (Direction D\u00e9partementale du Travail, de l\u2019Emploi et des Solidarit\u00e9s) en lien avec l\u2019association AREA qui accompagne les r\u00e9sidents depuis leur installation sur le site, ont travaill\u00e9 au recensement des m\u00e9nages. Les orientations de relogement (vers l\u2019auberge de jeunesse, le logement de droit commun ou d\u2019autres dispositifs d\u2019h\u00e9bergement) ont fait l\u2019objet de r\u00e9unions r\u00e9guli\u00e8res r\u00e9unissant AREA, DDETS, SIAO (Service Int\u00e9gr\u00e9 d\u2019Accueil et d\u2019Orientation, d\u00e9pendant du Minist\u00e8re du Logement), Ville et Fondation pour le Logement, afin de proposer les solutions les plus adapt\u00e9es \u00e0 chaque m\u00e9nage\u00a0: 5 personnes en acc\u00e8s logement, 27 personnes h\u00e9berg\u00e9es sur l\u2019ancienne auberge de jeunesse, 42 personnes h\u00e9berg\u00e9es par l\u2019Etat, 3 par le conseil d\u00e9partemental, 14 ont trouv\u00e9 d\u2019autres solutions\u00a0\u00bb, souligne la pr\u00e9fecture de l\u2019H\u00e9rault.<\/p>\n<p class=\" wall-content\">\u00ab\u00a0La Ville a mis \u00e0 disposition\u00a0de l\u2019Association Quatorze, l\u2019ancienne auberge de jeunesse municipale situ\u00e9e rue des \u00c9coles La\u00efques, pour un projet d\u2019h\u00e9bergement temporaire. Quatorze a men\u00e9 le chantier de r\u00e9habilitation et de r\u00e9am\u00e9nagement de l\u2019auberge dans laquelle 10 m\u00e9nages (27 personnes) ont emm\u00e9nag\u00e9s ce jour. Les 13 enfants pr\u00e9sents seront scolaris\u00e9s \u00e0 la rentr\u00e9e.\u00a0L\u2019accompagnement et le suivi des personnes relog\u00e9es dans l\u2019auberge de jeunesse est assur\u00e9 par la <strong>Croix-Rouge fran\u00e7aise<\/strong>, mandat\u00e9e et financ\u00e9e par l\u2019\u00c9tat\u00a0\u00bb, confirme t-on en mairie de Montpellier.<\/p>\n<p class=\" wall-content\">La parcelle \u00e9vacu\u00e9e sera dans un premier temps nettoy\u00e9e et enroch\u00e9e afin d\u2019\u00e9viter toute nouvelle occupation irr\u00e9guli\u00e8re. \u00c0 terme, un bassin d\u2019\u00e9cr\u00eatement des crues et un parc devraient \u00eatre am\u00e9nag\u00e9s, projet pr\u00e9vu dans le PLU et qui sera pilot\u00e9 par le service de la GEMAPI, Gestion des Milieux Aquatiques et la Pr\u00e9vention des Inondations.<\/p>\n<p class=\" wall-content\"><strong>Co\u00fbt de l\u2019accompagnement<\/strong> : accompagnement des personnes en bidonville par l\u2019association AREA : 350 000\u20ac financ\u00e9s par l\u2019\u00c9tat + 15 000\u20ac de la Fondation pour le Logement ; accompagnement des personnes au sein de l\u2019ancienne auberge de jeunesse par La Croix Rouge : 300 000\u20ac financ\u00e9s par l\u2019\u00c9tat. Financement de la mission Quatorze : 40 000 \u20ac financ\u00e9s par l\u2019\u00c9tat, plus 20 000\u20ac de la Fondation pour le Logement. Montant des travaux de r\u00e9habilitation de l\u2019ancienne auberge de jeunesse : 300 000\u20ac financ\u00e9s par la Ville de Montpellier, plus 73 500\u20ac de la Fondation pour le Logement. R\u00e9alisation du chantier : association Quatorze.<\/p>\n<p class=\" wall-content\">Personnalisez votre actualit\u00e9 en ajoutant vos villes et m\u00e9dias en favori avec <a href=\"https:\/\/moncompte.actu.fr\" title=\"D\u00e9couvez Mon Actu\" rel=\"nofollow noopener\" data-trk=\"{&quot;cta&quot;:{&quot;action&quot;:&quot;https:\\\/\\\/moncompte.actu.fr&quot;,&quot;category&quot;:&quot;mon compte&quot;,&quot;from&quot;:&quot;article footer&quot;,&quot;name&quot;:&quot;Mon actu&quot;,&quot;type&quot;:&quot;cta&quot;}}\" target=\"_blank\">Mon Actu<\/a>.<\/p>\n","protected":false},"excerpt":{"rendered":"Par Jean-Marc Aubert Publi\u00e9 le 28 ao\u00fbt 2025 \u00e0 19h32 Le bidonville install\u00e9 depuis l\u2019automne 2022 sur le&hellip;\n","protected":false},"author":2,"featured_media":350722,"comment_status":"","ping_status":"","sticky":false,"template":"","format":"standard","meta":{"footnotes":""},"categories":[9599],"tags":[1111,11,436,1777,674,118,1011,27,2208,12,2680,1072,25],"class_list":{"0":"post-350721","1":"post","2":"type-post","3":"status-publish","4":"format-standard","5":"has-post-thumbnail","7":"category-montpellier","8":"tag-actu","9":"tag-actualites","10":"tag-environnement","11":"tag-eu","12":"tag-europe","13":"tag-faits-divers","14":"tag-fr","15":"tag-france","16":"tag-montpellier","17":"tag-news","18":"tag-occitanie","19":"tag-police","20":"tag-republique-francaise"},"share_on_mastodon":{"url":"https:\/\/pubeurope.com\/@fr\/115108628586428819","error":""},"_links":{"self":[{"href":"https:\/\/www.europesays.com\/fr\/wp-json\/wp\/v2\/posts\/350721","targetHints":{"allow":["GET"]}}],"collection":[{"href":"https:\/\/www.europesays.com\/fr\/wp-json\/wp\/v2\/posts"}],"about":[{"href":"https:\/\/www.europesays.com\/fr\/wp-json\/wp\/v2\/types\/post"}],"author":[{"embeddable":true,"href":"https:\/\/www.europesays.com\/fr\/wp-json\/wp\/v2\/users\/2"}],"replies":[{"embeddable":true,"href":"https:\/\/www.europesays.com\/fr\/wp-json\/wp\/v2\/comments?post=350721"}],"version-history":[{"count":0,"href":"https:\/\/www.europesays.com\/fr\/wp-json\/wp\/v2\/posts\/350721\/revisions"}],"wp:featuredmedia":[{"embeddable":true,"href":"https:\/\/www.europesays.com\/fr\/wp-json\/wp\/v2\/media\/350722"}],"wp:attachment":[{"href":"https:\/\/www.europesays.com\/fr\/wp-json\/wp\/v2\/media?parent=350721"}],"wp:term":[{"taxonomy":"category","embeddable":true,"href":"https:\/\/www.europesays.com\/fr\/wp-json\/wp\/v2\/categories?post=350721"},{"taxonomy":"post_tag","embeddable":true,"href":"https:\/\/www.europesays.com\/fr\/wp-json\/wp\/v2\/tags?post=350721"}],"curies":[{"name":"wp","href":"https:\/\/api.w.org\/{rel}","templated":true}]}}