{"id":350723,"date":"2025-08-28T22:00:13","date_gmt":"2025-08-28T22:00:13","guid":{"rendered":"https:\/\/www.europesays.com\/fr\/350723\/"},"modified":"2025-08-28T22:00:13","modified_gmt":"2025-08-28T22:00:13","slug":"le-collectif-grenoble-capitale-citoyenne-se-dechire","status":"publish","type":"post","link":"https:\/\/www.europesays.com\/fr\/350723\/","title":{"rendered":"le collectif Grenoble capitale citoyenne se d\u00e9chire"},"content":{"rendered":"<p>Ambiance ten\u00addue \u00e0 Grenoble capi\u00adtale citoyenne. Cr\u00e9\u00e9e <a href=\"https:\/\/www.placegrenet.fr\/2025\/03\/28\/municipales-2026-naissance-du-collectif-grenoble-capitale-citoyenne-pour-une-alternative-politique-de-gauche\/649471\" target=\"_blank\" rel=\"noopener nofollow\">en mars 2025<\/a> autour de l\u2019u\u00adnion de deux for\u00adma\u00adtions, le parti <a href=\"https:\/\/campdebasecitoyen.fr\/\" target=\"_blank\" rel=\"noopener nofollow\">Camp de base citoyen<\/a> (ou CBC, men\u00e9, entre autres, par l\u2019ex-membre de la majo\u00adrit\u00e9 gre\u00adno\u00adbloise Pascal Clouaire) et le col\u00adlec\u00adtif <a href=\"https:\/\/www.helloasso.com\/associations\/face-aux-changements-ecologie-et-solidarite\" target=\"_blank\" rel=\"noopener nofollow\">Faces<\/a> (avec \u00e0 sa t\u00eate Romain Gentil, \u00e9lu d\u2019op\u00adpo\u00adsi\u00adtion de Grenoble), la <a href=\"https:\/\/www.grenoblecapitalecitoyenne.fr\/\" target=\"_blank\" rel=\"noopener nofollow\">coa\u00adli\u00adtion<\/a> se d\u00e9chire en plein pro\u00adces\u00adsus de d\u00e9si\u00adgna\u00adtion de son chef de file pour les muni\u00adci\u00adpales. Le 24 ao\u00fbt, Pascal Clouaire a, en effet, annonc\u00e9 le retrait de sa can\u00addi\u00adda\u00adture, lais\u00adsant le champ libre \u00e0 Romain Gentil.<\/p>\n<p><a href=\"https:\/\/www.europesays.com\/fr\/wp-content\/uploads\/2025\/08\/CollectifGrenobleCapitaleCioyenneCreditJoelKermabon-2.jpg\" target=\"_blank\" rel=\"noopener\"><img fetchpriority=\"high\" decoding=\"async\" aria-describedby=\"caption-attachment-649481\" class=\"wp-image-649481 size-full\" src=\"data:image\/svg+xml,%3Csvg%20xmlns=\" http:=\"\" alt=\"De gauche \u00e0 droite : Romain Gentil, Magalie Paliard, Manon Laurent et Pascal Clouaire, lors de l'annonce de la cr\u00e9ation de Grenoble Capitale citoyenne. \u00a9 Jo\u00ebl Kermabon - Place Gre'net\" width=\"1344\" height=\"1026\" data-lazy- data-lazy- data-lazy-src=\"https:\/\/www.europesays.com\/fr\/wp-content\/uploads\/2025\/08\/CollectifGrenobleCapitaleCioyenneCreditJoelKermabon-2.jpg\"\/><\/a><\/p>\n<p id=\"caption-attachment-649481\" class=\"wp-caption-text\">De gauche \u00e0 droite\u00a0: Romain Gentil, Magalie Paliard, Manon Laurent et Pascal Clouaire, lors de l\u2019an\u00adnonce de la cr\u00e9a\u00adtion de Grenoble Capitale citoyenne. \u00a9 Jo\u00ebl Kermabon \u2013 Place Gre\u2019net<\/p>\n<p>Les rai\u00adsons de ce retrait\u00a0? Elles sont doubles, a expli\u00adqu\u00e9 Pascal Clouaire par cour\u00adrier aux adh\u00e9\u00adrents de Camp de base citoyen. D\u2019une part, la d\u00e9si\u00adgna\u00adtion de Romain Gentil comme chef de file de Place publique. \u00ab\u00a0Il n\u2019est pas envi\u00adsa\u00adgeable [\u2026] qu\u2019une m\u00eame per\u00adsonne soit chef de file de notre col\u00adlec\u00adtif et, en m\u00eame temps, celui d\u2019un parti ext\u00e9\u00adrieur au col\u00adlec\u00adtif\u00a0\u00bb, juge-t-il.<\/p>\n<p>D\u2019autre part, un manque de clart\u00e9 pour ce qui concerne une pos\u00adsible alliance avec La France insou\u00admise lors du second tour des muni\u00adci\u00adpales. Une id\u00e9e tota\u00adle\u00adment reje\u00adt\u00e9e par Pascal Clouaire.<\/p>\n<p>Avec son retrait, Pascal Clouaire estime \u00ab\u00a0avoir lev\u00e9 l\u2019ambigu\u00eft\u00e9\u00a0\u00bb concer\u00adnant le rap\u00adport \u00e0 LFI. \u00ab\u00a0\u00c7a fait quand m\u00eame plu\u00adsieurs mois qu\u2019on posait la ques\u00adtion\u00a0!\u00a0\u00bb, s\u2019a\u00adgace-t-il aupr\u00e8s de Place Gre\u2019net. Et de cla\u00adri\u00adfier sa posi\u00adtion sans ambages\u00a0: \u00ab\u00a0On veut que Grenoble rede\u00advienne un labo\u00adra\u00adtoire de gauche r\u00e9for\u00admiste et, pour faire cela, on a besoin poli\u00adti\u00adque\u00adment d\u2019\u00eatre clairs et de rompre avec LFI. C\u2019est une ques\u00adtion de sur\u00advie poli\u00adtique\u00a0\u00bb pour Pascal Clouaire, qui se dit \u00ab\u00a0dans la logique de Dubedout, du labo\u00adra\u00adtoire gre\u00adno\u00adblois qui a pour objec\u00adtif de mobi\u00adli\u00adser un \u00e9lec\u00adto\u00adrat mod\u00e9r\u00e9\u00a0\u00bb.<\/p>\n","protected":false},"excerpt":{"rendered":"Ambiance ten\u00addue \u00e0 Grenoble capi\u00adtale citoyenne. Cr\u00e9\u00e9e en mars 2025 autour de l\u2019u\u00adnion de deux for\u00adma\u00adtions, le parti&hellip;\n","protected":false},"author":2,"featured_media":350724,"comment_status":"","ping_status":"","sticky":false,"template":"","format":"standard","meta":{"footnotes":""},"categories":[9566],"tags":[1111,11,2430,1777,674,1011,27,2731,12,25],"class_list":{"0":"post-350723","1":"post","2":"type-post","3":"status-publish","4":"format-standard","5":"has-post-thumbnail","7":"category-grenoble","8":"tag-actu","9":"tag-actualites","10":"tag-auvergne-rhone-alpes","11":"tag-eu","12":"tag-europe","13":"tag-fr","14":"tag-france","15":"tag-grenoble","16":"tag-news","17":"tag-republique-francaise"},"share_on_mastodon":{"url":"https:\/\/pubeurope.com\/@fr\/115108644570927558","error":""},"_links":{"self":[{"href":"https:\/\/www.europesays.com\/fr\/wp-json\/wp\/v2\/posts\/350723","targetHints":{"allow":["GET"]}}],"collection":[{"href":"https:\/\/www.europesays.com\/fr\/wp-json\/wp\/v2\/posts"}],"about":[{"href":"https:\/\/www.europesays.com\/fr\/wp-json\/wp\/v2\/types\/post"}],"author":[{"embeddable":true,"href":"https:\/\/www.europesays.com\/fr\/wp-json\/wp\/v2\/users\/2"}],"replies":[{"embeddable":true,"href":"https:\/\/www.europesays.com\/fr\/wp-json\/wp\/v2\/comments?post=350723"}],"version-history":[{"count":0,"href":"https:\/\/www.europesays.com\/fr\/wp-json\/wp\/v2\/posts\/350723\/revisions"}],"wp:featuredmedia":[{"embeddable":true,"href":"https:\/\/www.europesays.com\/fr\/wp-json\/wp\/v2\/media\/350724"}],"wp:attachment":[{"href":"https:\/\/www.europesays.com\/fr\/wp-json\/wp\/v2\/media?parent=350723"}],"wp:term":[{"taxonomy":"category","embeddable":true,"href":"https:\/\/www.europesays.com\/fr\/wp-json\/wp\/v2\/categories?post=350723"},{"taxonomy":"post_tag","embeddable":true,"href":"https:\/\/www.europesays.com\/fr\/wp-json\/wp\/v2\/tags?post=350723"}],"curies":[{"name":"wp","href":"https:\/\/api.w.org\/{rel}","templated":true}]}}