{"id":350725,"date":"2025-08-28T22:01:21","date_gmt":"2025-08-28T22:01:21","guid":{"rendered":"https:\/\/www.europesays.com\/fr\/350725\/"},"modified":"2025-08-28T22:01:21","modified_gmt":"2025-08-28T22:01:21","slug":"hockey-sur-glace-18-secondes-fatales-a-grenoble-en-ouverture-de-chl-contre-berne","status":"publish","type":"post","link":"https:\/\/www.europesays.com\/fr\/350725\/","title":{"rendered":"Hockey sur glace &#8211; 18 secondes fatales \u00e0 Grenoble en ouverture de CHL contre Berne"},"content":{"rendered":"<p>Lors de leur <a href=\"https:\/\/www.hockeyarchives.info\/CHL2023.htm\" rel=\"nofollow noopener\" target=\"_blank\">derni\u00e8re campagne en CHL en 2022\/23<\/a>, les Br\u00fbleurs de Louos de Grenoble avaient perdu leurs six rencontres sur des scores parfois lourds, d\u00e9clenchant certains sourires en coin de leurs d\u00e9tracteurs dans un contexte de rivalit\u00e9s franco-fran\u00e7aises enflamm\u00e9es. Malgr\u00e9 la m\u00e9galomanie qu\u2019on lui reproche parfois, le pr\u00e9sident Jacques Reboh avait pourtant tenu \u00e0 l\u2019\u00e9poque un <a href=\"https:\/\/www.passionhockey.com\/2022\/09\/02\/grenoble-chute-lourdement-dentree-chl-groupe-g-1re-journee\/\" rel=\"nofollow noopener\" target=\"_blank\">discours r\u00e9aliste lors du tirage au sort<\/a> et savait pertinemment que le niveau \u00e9tait au-dessus de son \u00e9quipe.<\/p>\n<p>Redevenu champion, Grenoble n\u2019a pas \u00e9t\u00e9 plus g\u00e2t\u00e9 au tirage cette ann\u00e9e, sans adversaire prenable (autrichien). Pour la diversit\u00e9 propos\u00e9e aux spectateurs is\u00e9rois, on repassera\u00a0: la patinoire Polesud accueillera trois clubs suisses\u00a0! Premier voisin \u00e0 se r\u00e9jouir d\u2019un d\u00e9placement intra-alpin aussi court, Berne. Les Ours de la capitale helv\u00e9tique ont v\u00e9cu des saisons de vaches maigres depuis leur titre 2019 et n\u2019ont plus atteint la moindre demi-finale. Ils ont n\u00e9anmoins retrouv\u00e9 une voie de progr\u00e8s et se sont qualifi\u00e9s en CHL par leur troisi\u00e8me place en saison r\u00e9guli\u00e8re, en sacrifiant au style d\u00e9fensif voulu par l\u2019entra\u00eeneur finlandais Jussi Tapola\u2026 qui s\u2019\u00e9tait justement rendu c\u00e9l\u00e8bre en remportant cette m\u00eame CHL avec Tappara.<\/p>\n<p>Les BDL se sont pr\u00e9par\u00e9s la semaine derni\u00e8re\u2026 en Suisse (1-2 en prolongation contre Fribourg puis une gifle 0-6 \u00e0 Gen\u00e8ve). Ils y ont perdu Adel Koudri bless\u00e9. Quant aux deux victoires en aller-retour face \u00e0 Chamonix (5-2 et 5-3), elles ont \u00e9t\u00e9 plut\u00f4t laborieuses. Les Br\u00fbleurs de Loups n\u2019ont donc pas vraiment brill\u00e9, mais leur nouveau profil, moins talentueux (sans Hardy) mais plus organis\u00e9 \u00e0 la relance, est peut-\u00eatre mieux taill\u00e9 pour le d\u00e9fi europ\u00e9en.<\/p>\n<p><img fetchpriority=\"high\" decoding=\"async\" class=\"aligncenter size-full wp-image-20274837\" src=\"data:image\/svg+xml,%3Csvg%20xmlns=\" http:=\"\" alt=\"2025 08 28 grenoble berne7\" width=\"1000\" height=\"667\" data-lazy- data-lazy- data-lazy-src=\"https:\/\/www.europesays.com\/fr\/wp-content\/uploads\/2025\/08\/2025-08-28-grenoble-berne7.jpg\"\/><\/p>\n<p>C\u2019est un round d\u2019observation qui s\u2019engage entre deux \u00e9quipes bien en place. Individuellement, Grenoble n\u2019arrive \u00e9videmment pas \u00e0 faire la diff\u00e9rence. Au contraire, Fabian Ritzmann se procure la premi\u00e8re occasion apr\u00e8s avoir d\u00e9bord\u00e9 Pontus Englund. La pression suisse s\u2019accentue peu \u00e0 peu. \u00c0 mi-tiers, Matija Pintari\u010d se penche vers la gauche pour lire et \u00e0 capter dans sa mitaine le tir de Joel Vermin malgr\u00e9 l\u2019\u00e9cran de Tristan Scherwey.<\/p>\n<p>C\u2019est Alexis Binner qui a un temps de retard sur la premi\u00e8re attaque suisse surnum\u00e9raire, \u00e0 2 contre 1, mais le lancer de Marc Marchon est trop centr\u00e9 sur Pintari\u010d. Le compteur total de tirs affiche alors 17 (dont 8 non cadr\u00e9s) \u00e0 1 pour Berne, mais la d\u00e9fense locale n\u2019a \u00e9t\u00e9 d\u00e9stabilis\u00e9e qu\u2019en de rares occasions. Jusqu\u2019ici, Pintari\u010d voit toujours bien la rondelle et est \u00e9gal \u00e0 lui-m\u00eame sans avoir \u00e0 faire de miracles.<\/p>\n<p><img loading=\"lazy\" decoding=\"async\" class=\"aligncenter size-full wp-image-20274832\" src=\"data:image\/svg+xml,%3Csvg%20xmlns=\" http:=\"\" alt=\"2025 08 28 grenoble berne2\" width=\"1000\" height=\"667\" data-lazy- data-lazy- data-lazy-src=\"https:\/\/www.europesays.com\/fr\/wp-content\/uploads\/2025\/08\/2025-08-28-grenoble-berne2.jpg\"\/><\/p>\n<p>Les Grenoblois abattent le travail collectif n\u00e9cessaire pour tenir le plus longtemps possible et pointent m\u00eame le bout de leur nez en zone offensive. Marco M\u00fcller retient Fran\u00e7ois Beauchemin dans l\u2019enclave pour l\u2019emp\u00eacher de d\u00e9vier l\u2019envoi d\u2019Englund de la ligne bleue. Sur cette premi\u00e8re p\u00e9nalit\u00e9 du soir, la meilleure chance est pour Berne en inf\u00e9riorit\u00e9 num\u00e9rique avec un tour de cage de Waltteri Merel\u00e4. Une courte passe de Beauchemin reprise de vol\u00e9e par Sacha Treille oblige tout de m\u00eame le gardien su\u00e9dois Adam Reideborn \u00e0 son meilleur arr\u00eat.<\/p>\n<p>\u00c0 trente secondes de la pause, la premi\u00e8re faille s\u2019ouvre, b\u00e9ante, dans le jeu bernois. Miro Aaltonen et l\u2019attaquant tout juste reconverti en d\u00e9fense Joel Vermin sont rest\u00e9s un peu trop haut quand la longue relance de Pierre Crinon lance un 2 contre 1 o\u00f9 Aur\u00e9lien Dair d\u00e9vie en une touche avant la bleue pour Guillaume Leclerc. La conclusion du num\u00e9ro 22 est n\u00e9anmoins d\u00e9tourn\u00e9e par la botte droite de Reideborn. La derni\u00e8re impression avant la pause est favorable \u00e0 Grenoble et le 0-0 donne confiance. Seul (gros) probl\u00e8me\u00a0: les BDL comptent un bless\u00e9 de plus, Nicolas Deschamps, remplac\u00e9 par Valentin Grosset\u00eate sur le deuxi\u00e8me trio.<\/p>\n<p><img loading=\"lazy\" decoding=\"async\" class=\"aligncenter size-full wp-image-20274833\" src=\"data:image\/svg+xml,%3Csvg%20xmlns=\" http:=\"\" alt=\"2025 08 28 grenoble berne3\" width=\"1000\" height=\"667\" data-lazy- data-lazy- data-lazy-src=\"https:\/\/www.europesays.com\/fr\/wp-content\/uploads\/2025\/08\/2025-08-28-grenoble-berne3.jpg\"\/><\/p>\n<p>Les champions de France refont le dos rond \u00e0 la reprise mais c\u2019est sur leur premi\u00e8re s\u00e9quence en zone offensive que Treille se fait p\u00e9naliser pour avoir retenu Marco Lehmann. Mais un palet tra\u00eenant dans le slot et 48 secondes plus tard\u2026 c\u2019est ce m\u00eame Lehmann qui le rejoint en prison en accrochant Weigel en zone neutre. Prudent \u00e0 4 contre 4, Grenoble passe \u00e0 l\u2019assaut pendant le court avantage num\u00e9rique et garde le momentum \u00e0 5 contre 5.<\/p>\n<p>La pause publicitaire survient toutefois sur un engagement dans la zone is\u00e9roise et le milieu de match appartient ensuite \u00e0 Berne. Waltteri Merel\u00e4 se dirige sans opposition jusqu\u2019\u00e0 la cage et re\u00e7oit le centre de Marco M\u00fcller qui a d\u00e9bord\u00e9 la recrue norv\u00e9gienne Petter Birkheim Andersen (0-1). Dix-huit secondes plus tard, la mitaine de Pintari\u010d est trop courte sur le one-timer d\u2019Anton Lindholm apr\u00e8s une passe transversale de Marchon (0-2). Le double coup de massue sur deux transitions rapides\u00a0!<\/p>\n<p><img loading=\"lazy\" decoding=\"async\" class=\"aligncenter size-full wp-image-20274831\" src=\"data:image\/svg+xml,%3Csvg%20xmlns=\" http:=\"\" alt=\"2025 08 28 grenoble berne\" width=\"1000\" height=\"667\" data-lazy- data-lazy- data-lazy-src=\"https:\/\/www.europesays.com\/fr\/wp-content\/uploads\/2025\/08\/2025-08-28-grenoble-berne.jpg\"\/><\/p>\n<p>Difficile de se remettre d\u2019une telle d\u00e9convenue, quand plus de trente minutes d\u2019effort semblent an\u00e9antis en moins de vingt secondes. Et cela aurait m\u00eame pu faire 0-3\u00a0: Fabian Ritzmann se plaint d\u2019avoir lanc\u00e9 vers une cage d\u00e9plac\u00e9e, mais apr\u00e8s avoir consult\u00e9 la vid\u00e9o, les arbitres expliquent \u00e0 Tapola que la cage est sortie loin de ses gonds bien avant le d\u00e9clenchement du tir.<\/p>\n<p>Une p\u00e9nalit\u00e9 peut remettre Grenoble en selle\u00a0: Louis F\u00fcllemann fait tr\u00e9bucher Christophe Boivin. Mais Aaltonen d\u00e9gage son camp au bout de 25 secondes et les bleus n\u2019arrivent jamais \u00e0 y revenir, victimes notamment du bon travail de Marco M\u00fcller qui nettoie les palets en entr\u00e9e de zone. Le second retour aux vestiaires et plus morose car les champions de France n\u2019existent plus depuis douze minutes.<\/p>\n<p><img loading=\"lazy\" decoding=\"async\" class=\"aligncenter size-full wp-image-20274834\" src=\"data:image\/svg+xml,%3Csvg%20xmlns=\" http:=\"\" alt=\"2025 08 28 grenoble berne4\" width=\"1000\" height=\"667\" data-lazy- data-lazy- data-lazy-src=\"https:\/\/www.europesays.com\/fr\/wp-content\/uploads\/2025\/08\/2025-08-28-grenoble-berne4.jpg\"\/><\/p>\n<p>Le troisi\u00e8me tiers-temps d\u00e9bute par un spectaculaire arr\u00eat-mitaine de Pintari\u010d devant Miro Aaltonen, qui a d\u00e9bord\u00e9 Binner. Il faut vite retrouver sa concentration. Grenoble se r\u00e9organise mais continue de subir le jeu. On entre dans les dix derni\u00e8res minutes et Tristan Scherwey est vraiment tout proche de marquer, seul face \u00e0 la cage au rebond d\u2019un tir de Yakovenko. L\u2019international autrichien se permet un dribble spectaculaire devant Gueurif avant de contourner la cage sur son revers, mais cette action flashy est sans cons\u00e9quence.<\/p>\n<p>Fran\u00e7ois Beauchemin s\u2019infiltre juste dans l\u2019enclave \u00e0 trois minutes de la fin pour sans doute le tir grenoblois le plus dangereux. Les BDL luttent jusqu\u2019\u00e0 la fin. Per H\u00e5nberg sort son gardien en fin de match et son \u00e9quipe peut m\u00eame jouer 30 secondes \u00e0 6 contre 4 car Baumgartner part en prison pour un cross-check qui a d\u00e9clench\u00e9 une bagarre avec Mallet, mais sans plus rien changer. Les Ours peuvent f\u00eater devant leur kop aux torses nus, pendant que le public grenoblois applaudit ses joueurs qui le m\u00e9ritent aussi.<\/p>\n<p>La soir\u00e9e s\u2019est d\u00e9roul\u00e9e en deux temps. Apr\u00e8s une \u00e9valuation sans surprise de la t\u00e2che \u00e0 accomplir et du niveau de l\u2019adversaire, les Br\u00fbleurs de Loups auront donn\u00e9 de plus en plus d\u2019espoir \u00e0 leur fans par leur d\u00e9vouement \u00e0 un plan de jeu clair et \u00e0 une organisation pr\u00e9cise. Les deux buts cons\u00e9cutifs \u00e0 la mi-match ont tout bris\u00e9. Il \u00e9tait clair que les Grenoblois pourraient difficilement remonter deux buts de retard. Il leur est tr\u00e8s difficile de se procurer de grosses occasions \u00e0 ce niveau sans se compromettre. 1 but en 185 minutes contre des adversaires de la National League suisse, cela fait tr\u00e8s peu, mais il est difficile d\u2019imaginer une autre voie possible pour les accrocher. Les \u00e9quipes de Tapola ne sont pas du genre \u00e0 se laisser aller. Le prochain adversaire Zoug a plut\u00f4t plus de talent offensif et n\u2019autorisera pas plus d\u2019\u00e9cart.<\/p>\n<p>D\u00e9sign\u00e9s joueurs du match : Matija Pintari\u010d pour Grenoble et Waltteri Merel\u00e4 pour Berne.<\/p>\n<p><img loading=\"lazy\" decoding=\"async\" class=\"aligncenter size-full wp-image-20274836\" src=\"data:image\/svg+xml,%3Csvg%20xmlns=\" http:=\"\" alt=\"2025 08 28 grenoble berne6\" width=\"1000\" height=\"667\" data-lazy- data-lazy- data-lazy-src=\"https:\/\/www.europesays.com\/fr\/wp-content\/uploads\/2025\/08\/2025-08-28-grenoble-berne6.jpg\"\/><\/p>\n<p>Grenoble \u2013 Berne 0-2 (0-0, 0-2, 0-0)<br \/>Jeudi 28 ao\u00fbt 2025 \u00e0 20h15 \u00e0 P\u00f4le Sud. 4206 spectateurs.<br \/>Arbitres : J\u00e9r\u00e9my Rauline et Cyril Debuche assist\u00e9s de Quentin Cady et Quentin Ugolini.<br \/>P\u00e9nalit\u00e9s : Grenoble 7\u2019 (0\u2019, 2\u2019, 5\u2019) ; Berne 33\u2019 (2\u2019, 4\u2019, 2\u2019+5\u2019+20\u2019).<br \/>Tirs : Grenoble 18 (7, 2, 9) ; Berne 29 (11, 10, 8).<\/p>\n<p>\u00c9volution du score :<br \/>0-1 \u00e0 31\u201929\u201d : Merel\u00e4 assist\u00e9 de M\u00fcller et Untersander<br \/>0-2 \u00e0 31\u201947\u201d : Lindholm assist\u00e9 de Marchon et Scherwey<\/p>\n<p>Grenoble<\/p>\n<p>Attaquants :<br \/>Christophe Boivin (-1) \u2013 Fran\u00e7ois Beauchemin (-1) \u2013 Alexandre Mallet (-1, 5\u2019)<br \/>Sacha Treille (C, -1, 2\u2019) \u2013 Fredric Weigel (-1) \u2013 Nicolas Deschamps [puis Grosset\u00eate]<br \/>Aur\u00e9lien Dair \u2013 Matias Bachelet \u2013 Guillaume Leclerc<br \/>Sacha De Smitt \u2013 Th\u00e9o Gueurif \u2013 Valentin Grosset\u00eate (-1) puis Hugo Raveaud<\/p>\n<p>D\u00e9fenseurs :<br \/>Alexis Binner \u2013 Pontus Englund<br \/>Axel Prissaint (-1) \u2013 Petter Birkheim Andersen (-1)<br \/>Juho Rautanen (-1) \u2013 Pierre Crinon (-1)<br \/>Antoine Fertin<\/p>\n<p>Gardien :<br \/>Matija Pintari\u010d [sorti \u00e0 58\u201947\u201d]<\/p>\n<p>Rempla\u00e7ant : Jakub \u0160t\u011bp\u00e1nek (G). Absent : Adel Koudri (bas du corps).<\/p>\n<p>Berne<\/p>\n<p>Attaquants :<br \/>Victor Ejdsell \u2013 Miro Aaltonen \u2013 Marco Lehmann (2\u2019)<br \/>Marc Marchon (+1) \u2013 Benjamin Baumgartner (+1, 2\u2019+5\u2019+20\u2019) \u2013 Tristan Scherwey (+1)<br \/>Levin Moser (+1) \u2013 Marco M\u00fcller (+1, 2\u2019) \u2013 Waltteri Merel\u00e4 (+1)<br \/>Mats Alge \u2013 Fabian Ritzmann \u2013 Thierry Schild<\/p>\n<p>D\u00e9fenseurs :<br \/>Anton Lindholm \u2013 Aleksandr Iakovenko<br \/>Louis F\u00fcllemann (+1, 2\u2019) \u2013 Ramon Untersander (C, +1)<br \/>Hardy H\u00e4man Aktell \u2013 Jo\u00ebl Vermin<br \/>Simon Kindschi (+1)<\/p>\n<p>Gardien :<br \/>Adam Reideborn<\/p>\n<p>Rempla\u00e7ants : Sandro Zurkirchen (G), Nils Rhyn (D). Absents : Romain Loeffel, Samuel Kreis (?), Emil Bemstr\u00f6m (bless\u00e9), Alain Graf (surnum\u00e9raire).<\/p>\n","protected":false},"excerpt":{"rendered":"Lors de leur derni\u00e8re campagne en CHL en 2022\/23, les Br\u00fbleurs de Louos de Grenoble avaient perdu leurs&hellip;\n","protected":false},"author":2,"featured_media":350726,"comment_status":"","ping_status":"","sticky":false,"template":"","format":"standard","meta":{"footnotes":""},"categories":[9566],"tags":[1111,11,2430,1777,674,1011,27,2731,12,25],"class_list":{"0":"post-350725","1":"post","2":"type-post","3":"status-publish","4":"format-standard","5":"has-post-thumbnail","7":"category-grenoble","8":"tag-actu","9":"tag-actualites","10":"tag-auvergne-rhone-alpes","11":"tag-eu","12":"tag-europe","13":"tag-fr","14":"tag-france","15":"tag-grenoble","16":"tag-news","17":"tag-republique-francaise"},"share_on_mastodon":{"url":"https:\/\/pubeurope.com\/@fr\/115108648643514248","error":""},"_links":{"self":[{"href":"https:\/\/www.europesays.com\/fr\/wp-json\/wp\/v2\/posts\/350725","targetHints":{"allow":["GET"]}}],"collection":[{"href":"https:\/\/www.europesays.com\/fr\/wp-json\/wp\/v2\/posts"}],"about":[{"href":"https:\/\/www.europesays.com\/fr\/wp-json\/wp\/v2\/types\/post"}],"author":[{"embeddable":true,"href":"https:\/\/www.europesays.com\/fr\/wp-json\/wp\/v2\/users\/2"}],"replies":[{"embeddable":true,"href":"https:\/\/www.europesays.com\/fr\/wp-json\/wp\/v2\/comments?post=350725"}],"version-history":[{"count":0,"href":"https:\/\/www.europesays.com\/fr\/wp-json\/wp\/v2\/posts\/350725\/revisions"}],"wp:featuredmedia":[{"embeddable":true,"href":"https:\/\/www.europesays.com\/fr\/wp-json\/wp\/v2\/media\/350726"}],"wp:attachment":[{"href":"https:\/\/www.europesays.com\/fr\/wp-json\/wp\/v2\/media?parent=350725"}],"wp:term":[{"taxonomy":"category","embeddable":true,"href":"https:\/\/www.europesays.com\/fr\/wp-json\/wp\/v2\/categories?post=350725"},{"taxonomy":"post_tag","embeddable":true,"href":"https:\/\/www.europesays.com\/fr\/wp-json\/wp\/v2\/tags?post=350725"}],"curies":[{"name":"wp","href":"https:\/\/api.w.org\/{rel}","templated":true}]}}