{"id":350727,"date":"2025-08-28T22:02:19","date_gmt":"2025-08-28T22:02:19","guid":{"rendered":"https:\/\/www.europesays.com\/fr\/350727\/"},"modified":"2025-08-28T22:02:19","modified_gmt":"2025-08-28T22:02:19","slug":"des-spectacles-eclectiques-et-de-qualite-le-festival-riven-zic-est-de-retour-pres","status":"publish","type":"post","link":"https:\/\/www.europesays.com\/fr\/350727\/","title":{"rendered":"\u00ab\u00a0Des spectacles \u00e9clectiques et de qualit\u00e9\u00a0\u00bb\u00a0: le festival Riv\u2019en Zic est de retour pr\u00e8s"},"content":{"rendered":"<p>Les poissons et les marguerites, symbolisant l\u2019identit\u00e9 du festival Riv\u2019en Zic, \u00e0 <a href=\"https:\/\/redon.maville.com\/bretagne\/ille-et-vilaine\/guipry-messac\/\" target=\"_blank\" rel=\"noopener\">Guipry-Messac<\/a> (Ille-et-Vilaine), sont pr\u00eats \u00e0 envahir l\u2019espace Claude Michel. En effet, la cinquantaine de b\u00e9n\u00e9voles est \u00e0 pied d\u2019\u0153uvre depuis des semaines pour peaufiner la neuvi\u00e8me \u00e9dition de ce festival cr\u00e9\u00e9 en 2008. Spectacle vivant, musiques d\u2019ici et d\u2019ailleurs, arts de rue, traditions populaires, litt\u00e9rature ou cin\u00e9ma\u2026 L\u2019\u00e9t\u00e9 en Bretagne est riche de festivals, aussi vari\u00e9s que vivants. Riv\u2019en Zic a essay\u00e9 diff\u00e9rentes formules \u00ab\u00a0<strong>Mais depuis 2019, le festival tourne essentiellement autour des spectacles de rue, sur une journ\u00e9e, tous les 2\u00a0ans. En famille ou entre amis, c\u2019est un apr\u00e8s-midi rythm\u00e9 par des spectacles \u00e9clectiques et de qualit\u00e9<\/strong>\u00a0\u00bb, explique Sylvie Lechat Schott, pr\u00e9sidente.<\/p>\n<p> <strong>Lire aussi\u00a0:<\/strong> <a href=\"https:\/\/ploermel.maville.com\/actu\/actudet_-ploermel.-le-rire-du-public-remplit-notre-boite-a-bonheur-_12-5582751_actu.Htm\" target=\"_blank\" rel=\"noopener\">\u00ab\u00a0Le rire du public remplit notre bo\u00eete \u00e0 bonheur\u00a0\u00bb\u00a0: les Banquettes arri\u00e8res seront \u00e0 Plo\u00ebrmel<\/a> <\/p>\n<p>Des habitu\u00e9s du festival\u2026<\/p>\n<p>Le samedi 13\u00a0septembre 2025, nous retrouverons des compagnies qui nous ont enthousiasm\u00e9s comme Les banquettes arri\u00e8res qui ont fait un passage remarqu\u00e9 \u00e0 Riv\u2019en Zic en 2016. La compagnie revient cette ann\u00e9e nous pr\u00e9senter son nouveau spectacle\u00a0: Gentilles\u2026 par accident\u00a0! <a href=\"https:\/\/rennes.maville.com\/info\/info-locale\/video-une-balade-dans-rennes-au-son-des-sixties-ca-vous-dit-3e1b8f37-bf7a-30d7-89af-eff69e557040\" target=\"_blank\" rel=\"noopener\">Magic Meeting<\/a>, venu en 2019, est\u00a0aussi de retour et fera revivre la fi\u00e8vre des ann\u00e9es 1980\u00a0avec Back to the 80\u2019s. Casques de baladeur sur les oreilles, chacun peut participer \u00e0 cette aventure sonore.<\/p>\n<p>Et de nouvelles t\u00eates<\/p>\n<p>Mais le public pourra aussi faire des d\u00e9couvertes avec une nouvelle s\u00e9lection d\u2019artistes et de spectacles de rue. La compagnie <a href=\"https:\/\/saint-malo.maville.com\/actu\/actudet_-saint-pere.-meurtre-au-motel-une-piece-comique-ce-samedi-_7-5157589_actu.Htm\" target=\"_blank\" rel=\"noopener\">Bris de Banane<\/a>, avec Meurtre au Motel, pr\u00e9sentera son pastiche d\u00e9complex\u00e9 du cin\u00e9ma muet. Didier Jaunet, de la compagnie Epi C\u2019Tout, proposera lui Bois ta Lettre, un spectacle ludique et interactif, entre rire et r\u00e9flexion. Aur\u00e9lie Decouland\u00a0propose un genre diff\u00e9rent avec ses Contes du ventre et autres gargouillements. Tout un programme qui propose\u00a0un final incandescent avec Les belizama et leur spectacle pyrotechnique Lune rouge. L\u2019ambiance musicale sera assur\u00e9e pendant les pauses par Le Faune Stepper, un trompettiste aux fronti\u00e8res de l\u2019\u00e9lectro et de la dub, avec des influences balkaniques et arabes. Entre rendez-vous attendus et d\u00e9couvertes, le programme est riche\u00a0!<\/p>\n<p>Festival Riv\u2019en Zic samedi 13\u00a0septembre \u00e0 partir de 14\u00a0h\u00a030 espace Claude Michel \u00b7 Entr\u00e9e\u00a0: 12\u00a0\u20ac (gratuit \u2013 12\u00a0ans)\u00b7 Restauration vari\u00e9e sur place \u00b7 Facebook\u00a0: Association Riv\u2019en Zic asso.rivenzic@gmail.com<\/p>\n<p>\u00a0<\/p>\n","protected":false},"excerpt":{"rendered":"Les poissons et les marguerites, symbolisant l\u2019identit\u00e9 du festival Riv\u2019en Zic, \u00e0 Guipry-Messac (Ille-et-Vilaine), sont pr\u00eats \u00e0 envahir&hellip;\n","protected":false},"author":2,"featured_media":350728,"comment_status":"","ping_status":"","sticky":false,"template":"","format":"standard","meta":{"footnotes":""},"categories":[2821],"tags":[1111,11,829,48726,1777,674,849,1011,27,12,3762,20185,584,25,8133,48727,853,48728],"class_list":{"0":"post-350727","1":"post","2":"type-post","3":"status-publish","4":"format-standard","5":"has-post-thumbnail","7":"category-rennes","8":"tag-actu","9":"tag-actualites","10":"tag-bretagne","11":"tag-eclectiques","12":"tag-eu","13":"tag-europe","14":"tag-festival","15":"tag-fr","16":"tag-france","17":"tag-news","18":"tag-pres","19":"tag-qualite","20":"tag-rennes","21":"tag-republique-francaise","22":"tag-retour","23":"tag-riv","24":"tag-spectacles","25":"tag-zic"},"share_on_mastodon":{"url":"https:\/\/pubeurope.com\/@fr\/115108652291971464","error":""},"_links":{"self":[{"href":"https:\/\/www.europesays.com\/fr\/wp-json\/wp\/v2\/posts\/350727","targetHints":{"allow":["GET"]}}],"collection":[{"href":"https:\/\/www.europesays.com\/fr\/wp-json\/wp\/v2\/posts"}],"about":[{"href":"https:\/\/www.europesays.com\/fr\/wp-json\/wp\/v2\/types\/post"}],"author":[{"embeddable":true,"href":"https:\/\/www.europesays.com\/fr\/wp-json\/wp\/v2\/users\/2"}],"replies":[{"embeddable":true,"href":"https:\/\/www.europesays.com\/fr\/wp-json\/wp\/v2\/comments?post=350727"}],"version-history":[{"count":0,"href":"https:\/\/www.europesays.com\/fr\/wp-json\/wp\/v2\/posts\/350727\/revisions"}],"wp:featuredmedia":[{"embeddable":true,"href":"https:\/\/www.europesays.com\/fr\/wp-json\/wp\/v2\/media\/350728"}],"wp:attachment":[{"href":"https:\/\/www.europesays.com\/fr\/wp-json\/wp\/v2\/media?parent=350727"}],"wp:term":[{"taxonomy":"category","embeddable":true,"href":"https:\/\/www.europesays.com\/fr\/wp-json\/wp\/v2\/categories?post=350727"},{"taxonomy":"post_tag","embeddable":true,"href":"https:\/\/www.europesays.com\/fr\/wp-json\/wp\/v2\/tags?post=350727"}],"curies":[{"name":"wp","href":"https:\/\/api.w.org\/{rel}","templated":true}]}}