{"id":350729,"date":"2025-08-28T22:03:12","date_gmt":"2025-08-28T22:03:12","guid":{"rendered":"https:\/\/www.europesays.com\/fr\/350729\/"},"modified":"2025-08-28T22:03:12","modified_gmt":"2025-08-28T22:03:12","slug":"football-esteban-lepaul-ex-joueur-du-racing-hw-et-du-sr-colmar-va-signer-a-rennes","status":"publish","type":"post","link":"https:\/\/www.europesays.com\/fr\/350729\/","title":{"rendered":"Football. Esteban Lepaul, ex-joueur du Racing HW et du SR Colmar, va signer \u00e0 Rennes"},"content":{"rendered":"<p>C\u2019est \u00e0 une heure avanc\u00e9e du soir, ce mercredi, que \u2018\u2019le dossier\u2019\u2019 du transfert d\u2019<a href=\"https:\/\/www.transfermarkt.fr\/esteban-lepaul\/profil\/spieler\/461607\" target=\"_blank\" rel=\"noopener\">Esteban Lepaul<\/a>\u00a0a pris une tournure quasiment d\u00e9finitive.<\/p>\n<p>Angers et le Stade Rennais ont,\u00a0<a href=\"https:\/\/www.lequipe.fr\/Football\/Actualites\/Mercato-esteban-lepaul-arrive-a-rennes-conrad-harder-aussi\/1588084\" target=\"_blank\" rel=\"noopener\">selon le quotidien\u00a0L\u2019Equipe<\/a>, trouv\u00e9 un accord d\u00e9finitif au sujet de l\u2019ancien attaquant du SAS Epinal.<\/p>\n<p>La fin d\u2019un feuilleton qui a dur\u00e9 plusieurs jours pour le joueur de 25 ans, form\u00e9 dans le Centre-Alsace\u00a0ces derni\u00e8res ann\u00e9es.<\/p>\n<p>Le natif d&rsquo;Auxerre, qui a jou\u00e9 \u00e0 Baldenheim, au\u00a0Racing HW96\u00a0et aux SR Colmar, s\u2019appr\u00eate \u00e0 signer un contrat d\u2019une dur\u00e9e de quatre ans (jusqu\u2019en juin 2029), sur lequel les deux parties s\u2019\u00e9taient entendues il y a quelques jours.<\/p>\n<p>La transaction serait estim\u00e9e \u00e0 hauteur de 13,5 millions d\u2019euros plus 1,5 million de bonus alors que les dirigeants angevins attendaient quelque 20 millions.<\/p>\n<p>Ce transfert va faire les choux gras du SAS Epinal, puisque le club de National 2 est int\u00e9ress\u00e9 sur la base de 10% du transfert d&rsquo;Esteban Lepaul, qui \u00e9tait meilleur buteur de National (12 r\u00e9alisations en 16 matchs) avant son d\u00e9part pour l\u2019Anjou dans les derniers jours de janvier 2024, pour 150\u00a0000 euros.<\/p>\n","protected":false},"excerpt":{"rendered":"C\u2019est \u00e0 une heure avanc\u00e9e du soir, ce mercredi, que \u2018\u2019le dossier\u2019\u2019 du transfert d\u2019Esteban Lepaul\u00a0a pris une&hellip;\n","protected":false},"author":2,"featured_media":350730,"comment_status":"","ping_status":"","sticky":false,"template":"","format":"standard","meta":{"footnotes":""},"categories":[2821],"tags":[1111,11,829,1777,674,107,63,1011,27,23100,12,584,25,517],"class_list":{"0":"post-350729","1":"post","2":"type-post","3":"status-publish","4":"format-standard","5":"has-post-thumbnail","7":"category-rennes","8":"tag-actu","9":"tag-actualites","10":"tag-bretagne","11":"tag-eu","12":"tag-europe","13":"tag-fil-info","14":"tag-football","15":"tag-fr","16":"tag-france","17":"tag-mercato-football","18":"tag-news","19":"tag-rennes","20":"tag-republique-francaise","21":"tag-sport"},"share_on_mastodon":{"url":"https:\/\/pubeurope.com\/@fr\/115108656145616987","error":""},"_links":{"self":[{"href":"https:\/\/www.europesays.com\/fr\/wp-json\/wp\/v2\/posts\/350729","targetHints":{"allow":["GET"]}}],"collection":[{"href":"https:\/\/www.europesays.com\/fr\/wp-json\/wp\/v2\/posts"}],"about":[{"href":"https:\/\/www.europesays.com\/fr\/wp-json\/wp\/v2\/types\/post"}],"author":[{"embeddable":true,"href":"https:\/\/www.europesays.com\/fr\/wp-json\/wp\/v2\/users\/2"}],"replies":[{"embeddable":true,"href":"https:\/\/www.europesays.com\/fr\/wp-json\/wp\/v2\/comments?post=350729"}],"version-history":[{"count":0,"href":"https:\/\/www.europesays.com\/fr\/wp-json\/wp\/v2\/posts\/350729\/revisions"}],"wp:featuredmedia":[{"embeddable":true,"href":"https:\/\/www.europesays.com\/fr\/wp-json\/wp\/v2\/media\/350730"}],"wp:attachment":[{"href":"https:\/\/www.europesays.com\/fr\/wp-json\/wp\/v2\/media?parent=350729"}],"wp:term":[{"taxonomy":"category","embeddable":true,"href":"https:\/\/www.europesays.com\/fr\/wp-json\/wp\/v2\/categories?post=350729"},{"taxonomy":"post_tag","embeddable":true,"href":"https:\/\/www.europesays.com\/fr\/wp-json\/wp\/v2\/tags?post=350729"}],"curies":[{"name":"wp","href":"https:\/\/api.w.org\/{rel}","templated":true}]}}