{"id":350733,"date":"2025-08-28T22:05:10","date_gmt":"2025-08-28T22:05:10","guid":{"rendered":"https:\/\/www.europesays.com\/fr\/350733\/"},"modified":"2025-08-28T22:05:10","modified_gmt":"2025-08-28T22:05:10","slug":"en-images-un-spectacle-immersif-exceptionnel-habille-de-sons-et-de-lumieres-la-cathedrale-de-strasbourg","status":"publish","type":"post","link":"https:\/\/www.europesays.com\/fr\/350733\/","title":{"rendered":"EN IMAGES\u00a0: un spectacle immersif exceptionnel habille de sons et de lumi\u00e8res la cath\u00e9drale de Strasbourg"},"content":{"rendered":"<p>Le spectacle immersif \u00ab\u00a0Luminiscence\u00a0\u00bb est propos\u00e9 \u00e0 partir de ce vendredi dans la cath\u00e9drale de Strasbourg. Une heure de mapping \u00e0 360 degr\u00e9s associ\u00e9 \u00e0 un ch\u0153ur professionnel et \u00e0 de la musique. L&rsquo;occasion de red\u00e9couvrir le lieu et de scruter les moindres d\u00e9tails de ce b\u00e2timent exceptionnel.<\/p>\n<p>La cath\u00e9drale de Strasbourg comme vous ne l&rsquo;avez jamais vue\u00a0! A partir de ce vendredi 29 ao\u00fbt et jusqu&rsquo;\u00e0 fin novembre un grand son et lumi\u00e8re va illuminer chaque soir l&rsquo;int\u00e9rieur de la cath\u00e9drale. <strong>L&rsquo;id\u00e9e est de marquer les 750 ans<\/strong> de la nef de cette cath\u00e9drale, chef d&rsquo;\u0153uvre de l&rsquo;art gothique, commenc\u00e9e au XIe si\u00e8cle. Et qui fut jusqu&rsquo;au 19e si\u00e8cle le monument le plus haut du monde <strong>avec sa fl\u00e8che de 142 m\u00e8tres<\/strong>. Le spectacle immersif m\u00eale mapping, histoire, projection \u00e0 360 degr\u00e9s et music live avec un ch\u0153ur dans cet \u00e9crin class\u00e9 au patrimoine mondial de l&rsquo;humanit\u00e9.<\/p>\n<p>\u00ab\u00a0C&rsquo;est la cath\u00e9drale la plus prestigieuse de France, une histoire folle, et on c\u00e9l\u00e8bre cette ann\u00e9e les 750 ans de la nef. C&rsquo;est une mani\u00e8re pour nous de c\u00e9l\u00e9brer cela et de raconter son histoire en musique. C&rsquo;est un spectacle qui fait vibrer les vitraux, les murs et les c\u0153urs. C&rsquo;est un spectacle tr\u00e8s puissant, avec de la musique live, de superbes chanteurs\u00a0\u00bb assure Romain Sarfati, le co-fondateur de\u00a0<a target=\"_blank\" rel=\"nofollow noopener noreferrer\" class=\"IciLink ici-link IciArticleLink g-ici-body-regular-1 underline brand svelte-lu7k6w\" href=\"https:\/\/luminiscence.com\/\">Luminiscence<\/a>. Un spectacle qui existe d\u00e9j\u00e0 dans d&rsquo;autres cath\u00e9drales en France et \u00e0 l&rsquo;\u00e9tranger. Mais qui est adapt\u00e9 \u00e0 chaque \u00e9difice, du sur mesure.<\/p>\n<p><img loading=\"lazy\" decoding=\"async\" class=\"VisualPreview svelte-1rldrkz\" src=\"data:image\/jpeg;base64,\/9j\/2wBDACgcHiMeGSgjISMtKygwPGRBPDc3PHtYXUlkkYCZlo+AjIqgtObDoKrarYqMyP\/L2u71\/\/\/\/m8H\/\/\/\/6\/+b9\/\/j\/2wBDASstLTw1PHZBQXb4pYyl+Pj4+Pj4+Pj4+Pj4+Pj4+Pj4+Pj4+Pj4+Pj4+Pj4+Pj4+Pj4+Pj4+Pj4+Pj4+Pj4+Pj\/wAARCAAfACoDASIAAhEBAxEB\/8QAFwABAQEBAAAAAAAAAAAAAAAAAQIABf\/EABYQAQEBAAAAAAAAAAAAAAAAAAABEf\/EABcBAQEBAQAAAAAAAAAAAAAAAAEAAgP\/xAAWEQEBAQAAAAAAAAAAAAAAAAAAEQH\/2gAMAwEAAhEDEQA\/AOZFRMMYd8UGZEVKqEyDqdOkVWtqdbUa1raLRqFf\/9k=\" alt=\"Le mapping \u00e0 360 degr\u00e9s\" width=\"600\" height=\"444\"\/>  Le mapping \u00e0 360 degr\u00e9s \u00a9 Radio France &#8211; Antoine Balandra<\/p>\n<p>\u00ab\u00a0C&rsquo;est 6 mois de travail, une quarantaine de personnes mobilis\u00e9es, d&rsquo;un premier scan 3D pour mod\u00e9liser tous les d\u00e9tails de l&rsquo;architecture des colonnes jusqu&rsquo;aux vo\u00fbtes et puis apr\u00e8s nos artistes redessinent et animent chaque d\u00e9tail\u00a0\u00bb poursuit Romain Sarfati. \u00ab\u00a0La pr\u00e9cision de tous les visuels est impressionnante\u00a0\u00bb assure-t-il.<\/p>\n<p>L&rsquo;enjeu est donc de synchroniser <strong>parfaitement le son et les images<\/strong>, dans un b\u00e2timent immense, enti\u00e8rement recouvert par le mapping. Car le spectacle est accompagn\u00e9 par un ch\u0153ur de chanteurs professionnels, dirig\u00e9 par l&rsquo;habituel chef du ch\u0153ur de la cath\u00e9drale de Strasbourg, R\u00e9mi Studer. \u00ab\u00a0D&rsquo;un point de vue musical, c&rsquo;est int\u00e9ressant, cela nous met face \u00e0 des contraintes techniques importantes. Je suis appareill\u00e9 de partout, j&rsquo;ai des clics dans les oreilles, cela me permet de suivre les animations visuelles et la bande sonore pendant le spectacle\u00a0\u00bb raconte-t-il.<\/p>\n<p><img loading=\"lazy\" decoding=\"async\" class=\"VisualPreview svelte-1rldrkz\" src=\"data:image\/jpeg;base64,\/9j\/2wBDACgcHiMeGSgjISMtKygwPGRBPDc3PHtYXUlkkYCZlo+AjIqgtObDoKrarYqMyP\/L2u71\/\/\/\/m8H\/\/\/\/6\/+b9\/\/j\/2wBDASstLTw1PHZBQXb4pYyl+Pj4+Pj4+Pj4+Pj4+Pj4+Pj4+Pj4+Pj4+Pj4+Pj4+Pj4+Pj4+Pj4+Pj4+Pj4+Pj4+Pj\/wAARCAAfACoDASIAAhEBAxEB\/8QAGAABAQEBAQAAAAAAAAAAAAAAAgMBAAX\/xAAXEAEBAQEAAAAAAAAAAAAAAAAAAQIR\/8QAFgEBAQEAAAAAAAAAAAAAAAAAAQAC\/8QAFREBAQAAAAAAAAAAAAAAAAAAAAH\/2gAMAwEAAhEDEQA\/APLzFIGTjRJlIaEnoFNAkUOVOFKaVOstHrrWUzQFaJD\/2Q==\" alt=\"Le spectacle raconte l'histoire de la cath\u00e9drale\" width=\"600\" height=\"447\"\/>  Le spectacle raconte l&rsquo;histoire de la cath\u00e9drale \u00a9 Radio France &#8211; Antoine BalandraSpectateurs conquis<\/p>\n<p>Autre difficult\u00e9 propre \u00e0 Strasbourg, la couleur du gr\u00e8s. \u00ab\u00a0Par rapport aux couleurs de pierre, on est quand m\u00eame sur du gr\u00e8s rose, ce n&rsquo;est pas la couleur pr\u00e9f\u00e9r\u00e9e en mapping, mais on a combl\u00e9 cela par de la technique, par de la puissance, et cela fonctionne tr\u00e8s bien\u00a0\u00bb sourit Alexandre Hollard charg\u00e9 de mixer le son et la lumi\u00e8re.<\/p>\n<p>Durant le spectacle, la cath\u00e9drale prend donc la parole, et raconte sa propre histoire. Accompagn\u00e9e par le ch\u0153ur et les projections. A la sortie, le public est totalement conquis\u00a0: \u00ab\u00a0Je suis tr\u00e8s ravie de la soir\u00e9e. Des belles lumi\u00e8res, vraiment, je n&rsquo;arrive pas \u00e0 trouver les mots tellement je suis \u00e9merveill\u00e9e\u00a0\u00bb dit une spectatrice.<\/p>\n<p><img loading=\"lazy\" decoding=\"async\" class=\"VisualPreview svelte-1rldrkz\" src=\"data:image\/jpeg;base64,\/9j\/2wBDACgcHiMeGSgjISMtKygwPGRBPDc3PHtYXUlkkYCZlo+AjIqgtObDoKrarYqMyP\/L2u71\/\/\/\/m8H\/\/\/\/6\/+b9\/\/j\/2wBDASstLTw1PHZBQXb4pYyl+Pj4+Pj4+Pj4+Pj4+Pj4+Pj4+Pj4+Pj4+Pj4+Pj4+Pj4+Pj4+Pj4+Pj4+Pj4+Pj4+Pj\/wAARCAAqAB8DASIAAhEBAxEB\/8QAFgABAQEAAAAAAAAAAAAAAAAAAQAF\/8QAFRABAQAAAAAAAAAAAAAAAAAAABH\/xAAXAQEBAQEAAAAAAAAAAAAAAAAAAQID\/8QAFhEBAQEAAAAAAAAAAAAAAAAAAAER\/9oADAMBAAIRAxEAPwDKKTpBApQpBIIKiroaKEwGihGj\/9k=\" alt=\"Luminiscence, le mapping \u00e0 360 degr\u00e9s\" width=\"600\" height=\"798\"\/>  Luminiscence, le mapping \u00e0 360 degr\u00e9s \u00a9 Radio France &#8211; Antoine Balandra<\/p>\n<p>\u00ab\u00a0C&rsquo;\u00e9tait tr\u00e8s beau, je n&rsquo;ai jamais vu la cath\u00e9drale comme cela, alors que je la connais depuis 60 ans. J&rsquo;ai \u00e9t\u00e9 ma\u00eetre de chapelle pendant 30 ans dans cette cath\u00e9drale, j&rsquo;avais le passe partout pour aller partout, et c&rsquo;est la premi\u00e8re fois que je la vois comme cela\u00a0\u00bb explique Robert, un autre spectateur.<\/p>\n<p>Le spectacle Luminiscence s&rsquo;approche en tout cas du million de spectateurs car il est aussi donn\u00e9 dans les cath\u00e9drales de Reims ou La Rochelle. Le spectacle est donn\u00e9 du mardi au vendredi \u00e0 20h10 et 21h40 durant 1h. <a target=\"_blank\" rel=\"nofollow noopener noreferrer\" class=\"IciLink ici-link IciArticleLink g-ici-body-regular-1 underline brand svelte-lu7k6w\" href=\"https:\/\/feverup.com\/m\/395075?cp_landing=cta_hero&amp;cp_landing_term=cta_hero&amp;cp_landing_source=luminiscence&amp;utm_source=google&amp;utm_medium=organic\">C&rsquo;est \u00e0 partir de 35 euros<\/a>\u00a0par personne.<\/p>\n","protected":false},"excerpt":{"rendered":"Le spectacle immersif \u00ab\u00a0Luminiscence\u00a0\u00bb est propos\u00e9 \u00e0 partir de ce vendredi dans la cath\u00e9drale de Strasbourg. Une heure&hellip;\n","protected":false},"author":2,"featured_media":350734,"comment_status":"","ping_status":"","sticky":false,"template":"","format":"standard","meta":{"footnotes":""},"categories":[2820],"tags":[1111,11,1777,674,1011,27,775,12,25,640],"class_list":{"0":"post-350733","1":"post","2":"type-post","3":"status-publish","4":"format-standard","5":"has-post-thumbnail","7":"category-strasbourg","8":"tag-actu","9":"tag-actualites","10":"tag-eu","11":"tag-europe","12":"tag-fr","13":"tag-france","14":"tag-grand-est","15":"tag-news","16":"tag-republique-francaise","17":"tag-strasbourg"},"share_on_mastodon":{"url":"https:\/\/pubeurope.com\/@fr\/115108664041317202","error":""},"_links":{"self":[{"href":"https:\/\/www.europesays.com\/fr\/wp-json\/wp\/v2\/posts\/350733","targetHints":{"allow":["GET"]}}],"collection":[{"href":"https:\/\/www.europesays.com\/fr\/wp-json\/wp\/v2\/posts"}],"about":[{"href":"https:\/\/www.europesays.com\/fr\/wp-json\/wp\/v2\/types\/post"}],"author":[{"embeddable":true,"href":"https:\/\/www.europesays.com\/fr\/wp-json\/wp\/v2\/users\/2"}],"replies":[{"embeddable":true,"href":"https:\/\/www.europesays.com\/fr\/wp-json\/wp\/v2\/comments?post=350733"}],"version-history":[{"count":0,"href":"https:\/\/www.europesays.com\/fr\/wp-json\/wp\/v2\/posts\/350733\/revisions"}],"wp:featuredmedia":[{"embeddable":true,"href":"https:\/\/www.europesays.com\/fr\/wp-json\/wp\/v2\/media\/350734"}],"wp:attachment":[{"href":"https:\/\/www.europesays.com\/fr\/wp-json\/wp\/v2\/media?parent=350733"}],"wp:term":[{"taxonomy":"category","embeddable":true,"href":"https:\/\/www.europesays.com\/fr\/wp-json\/wp\/v2\/categories?post=350733"},{"taxonomy":"post_tag","embeddable":true,"href":"https:\/\/www.europesays.com\/fr\/wp-json\/wp\/v2\/tags?post=350733"}],"curies":[{"name":"wp","href":"https:\/\/api.w.org\/{rel}","templated":true}]}}